{"id":685217,"date":"2024-01-30T18:52:48","date_gmt":"2024-01-30T14:52:48","guid":{"rendered":"https:\/\/arantv.az\/?p=685217"},"modified":"2024-01-30T18:52:48","modified_gmt":"2024-01-30T14:52:48","slug":"az%c9%99rbaycanin-turkiy%c9%99d%c9%99ki-s%c9%99firliyi-prezident-seckisin%c9%99-hazirdir","status":"publish","type":"post","link":"https:\/\/arantv.az\/?p=685217","title":{"rendered":"Az\u0259rbaycan\u0131n T\u00fcrkiy\u0259d\u0259ki s\u0259firliyi prezident se\u00e7kisin\u0259 haz\u0131rd\u0131r"},"content":{"rendered":"<p>Fevral\u0131n 7-d\u0259 ke\u00e7iril\u0259c\u0259k n\u00f6vb\u0259d\u0259nk\u0259nar Az\u0259rbaycan Respublikas\u0131 Prezidenti se\u00e7kisin\u0259 haz\u0131rl\u0131q prosesi \u00f6lk\u0259mizin T\u00fcrkiy\u0259d\u0259ki s\u0259firliyi, \u0130stanbul v\u0259 Qars \u015f\u0259h\u0259rl\u0259rind\u0259ki ba\u015f konsulluqlar\u0131 t\u0259r\u0259find\u0259n f\u0259al \u015f\u0259kild\u0259 davam etdirilir.<\/p>\n<p>Bu bar\u0259d\u0259 Az\u0259rbaycan\u0131n T\u00fcrkiy\u0259d\u0259ki s\u0259firliyi a\u00e7\u0131qlama yay\u0131b.<\/p>\n<p>A\u00e7\u0131qlamada deyilir ki, bu m\u0259qs\u0259dl\u0259 s\u0259firlikd\u0259 46 v\u0259 47, \u0130stanbuldak\u0131 ba\u015f konsulluqda 53 v\u0259 54, Qarsdak\u0131 ba\u015f konsulluqda is\u0259 55 sayl\u0131 se\u00e7ki m\u0259nt\u0259q\u0259si yarad\u0131l\u0131b.<\/p>\n<p>T\u00fcrkiy\u0259d\u0259 daimi v\u0259 ya m\u00fcv\u0259qq\u0259ti ya\u015fayan, uzunm\u00fcdd\u0259tli ezamiyy\u0259td\u0259, se\u00e7ki g\u00fcn\u00fc bu \u00f6lk\u0259d\u0259 olacaq 18 ya\u015f\u0131n\u0131 tamamlam\u0131\u015f, aktiv se\u00e7ki h\u00fcququna malik Az\u0259rbaycan v\u0259t\u0259nda\u015flar\u0131 yerli vaxtla saat 8:00-19:00-da \u00f6lk\u0259mizin \u00fcmumv\u0259t\u0259nda\u015f pasportu v\u0259 ya \u015f\u0259xsiyy\u0259t v\u0259siq\u0259si il\u0259 yuxar\u0131da qeyd edil\u0259n se\u00e7ki m\u0259nt\u0259q\u0259l\u0259rin\u0259 g\u0259l\u0259r\u0259k s\u0259sverm\u0259 h\u00fcququnu h\u0259yata ke\u00e7ir\u0259 bil\u0259rl\u0259r.<\/p>\n<p>Se\u00e7ki m\u0259nt\u0259q\u0259l\u0259rinin \u00fcnvanlar\u0131:<\/p>\n<p>Az\u0259rbaycan\u0131n T\u00fcrkiy\u0259d\u0259ki s\u0259firliyi: Diplomatik site, Bak\u00fc sokak No:1, Oran\/Ankara;<\/p>\n<p>\u0130stanbul \u015f\u0259h\u0259rind\u0259ki ba\u015f konsullu\u011fu: Zeytino\u011flu Caddesi No 65, Akatlar, Be\u015fikta\u015f \/ \u0130stanbul;<\/p>\n<p>Qars \u015f\u0259h\u0259rind\u0259ki ba\u015f konsullu\u011fu: Yusif Pa\u015fa m\u0259h\u0259ll\u0259si Heyd\u0259r \u018fliyev prospekti N: 9, Kars \/ M\u0259rk\u0259z;<\/p>\n<p>Se\u00e7kil\u0259rd\u0259 i\u015ftirakla ba\u011fl\u0131 suallar \u00fc\u00e7\u00fcn T\u00fcrkiy\u0259d\u0259ki v\u0259t\u0259nda\u015flar\u0131m\u0131z +90 535 577 61 68 n\u00f6mr\u0259li qaynar x\u0259tt vasit\u0259sil\u0259 s\u0259firlikl\u0259 \u0259laq\u0259 saxlaya bil\u0259rl\u0259r.<\/p>\n","protected":false},"excerpt":{"rendered":"<p>Fevral\u0131n 7-d\u0259 ke\u00e7iril\u0259c\u0259k n\u00f6vb\u0259d\u0259nk\u0259nar Az\u0259rbaycan Respublikas\u0131 Prezidenti se\u00e7kisin\u0259 haz\u0131rl\u0131q prosesi \u00f6lk\u0259mizin T\u00fcrkiy\u0259d\u0259ki s\u0259firliyi, \u0130stanbul v\u0259 Qars \u015f\u0259h\u0259rl\u0259rind\u0259ki ba\u015f konsulluqlar\u0131 t\u0259r\u0259find\u0259n f\u0259al \u015f\u0259kild\u0259 davam etdirilir. Bu bar\u0259d\u0259 Az\u0259rbaycan\u0131n T\u00fcrkiy\u0259d\u0259ki s\u0259firliyi a\u00e7\u0131qlama yay\u0131b. A\u00e7\u0131qlamada deyilir ki, bu m\u0259qs\u0259dl\u0259 s\u0259firlikd\u0259 46 v\u0259 47, \u0130stanbuldak\u0131 ba\u015f konsulluqda 53 v\u0259 54, Qarsdak\u0131 ba\u015f konsulluqda is\u0259 55 sayl\u0131 se\u00e7ki m\u0259nt\u0259q\u0259si yarad\u0131l\u0131b. T\u00fcrkiy\u0259d\u0259 daimi v\u0259 ya m\u00fcv\u0259qq\u0259ti ya\u015fayan, uzunm\u00fcdd\u0259tli ezamiyy\u0259td\u0259, se\u00e7ki g\u00fcn\u00fc bu \u00f6lk\u0259d\u0259 olacaq 18 ya\u015f\u0131n\u0131 tamamlam\u0131\u015f, aktiv se\u00e7ki h\u00fcququna malik Az\u0259rbaycan v\u0259t\u0259nda\u015flar\u0131 yerli vaxtla saat 8:00-19:00-da \u00f6lk\u0259mizin \u00fcmumv\u0259t\u0259nda\u015f pasportu v\u0259 ya \u015f\u0259xsiyy\u0259t v\u0259siq\u0259si il\u0259 yuxar\u0131da&hellip;<\/p>\n","protected":false},"author":2,"featured_media":685222,"comment_status":"closed","ping_status":"closed","sticky":false,"template":"","format":"standard","meta":{"om_disable_all_campaigns":false,"_monsterinsights_skip_tracking":false,"_monsterinsights_sitenote_active":false,"_monsterinsights_sitenote_note":"","_monsterinsights_sitenote_category":0},"categories":[4],"tags":[],"aioseo_notices":[],"gutentor_comment":0,"rttpg_featured_image_url":{"full":["https:\/\/arantv.az\/wp-content\/uploads\/2024\/01\/1706610678987059929_1200x630.jpg",620,413,false],"landscape":["https:\/\/arantv.az\/wp-content\/uploads\/2024\/01\/1706610678987059929_1200x630.jpg",620,413,false],"portraits":["https:\/\/arantv.az\/wp-content\/uploads\/2024\/01\/1706610678987059929_1200x630.jpg",620,413,false],"thumbnail":["https:\/\/arantv.az\/wp-content\/uploads\/2024\/01\/1706610678987059929_1200x630-500x280.jpg",500,280,true],"medium":["https:\/\/arantv.az\/wp-content\/uploads\/2024\/01\/1706610678987059929_1200x630-548x365.jpg",548,365,true],"large":["https:\/\/arantv.az\/wp-content\/uploads\/2024\/01\/1706610678987059929_1200x630.jpg",620,413,false],"1536x1536":["https:\/\/arantv.az\/wp-content\/uploads\/2024\/01\/1706610678987059929_1200x630.jpg",620,413,false],"2048x2048":["https:\/\/arantv.az\/wp-content\/uploads\/2024\/01\/1706610678987059929_1200x630.jpg",620,413,false],"post-thumbnail":["https:\/\/arantv.az\/wp-content\/uploads\/2024\/01\/1706610678987059929_1200x630-240x172.jpg",240,172,true],"advps-thumb-one":["https:\/\/arantv.az\/wp-content\/uploads\/2024\/01\/1706610678987059929_1200x630.jpg",620,413,false]},"rttpg_author":{"display_name":"V\u00fcsal Rafiqo\u011flu","author_link":"https:\/\/arantv.az\/?author=2"},"rttpg_comment":0,"rttpg_category":"<a href=\"https:\/\/arantv.az\/?cat=4\" rel=\"category\">Siyas\u0259t<\/a>","rttpg_excerpt":"Fevral\u0131n 7-d\u0259 ke\u00e7iril\u0259c\u0259k n\u00f6vb\u0259d\u0259nk\u0259nar Az\u0259rbaycan Respublikas\u0131 Prezidenti se\u00e7kisin\u0259 haz\u0131rl\u0131q prosesi \u00f6lk\u0259mizin T\u00fcrkiy\u0259d\u0259ki s\u0259firliyi, \u0130stanbul v\u0259 Qars \u015f\u0259h\u0259rl\u0259rind\u0259ki ba\u015f konsulluqlar\u0131 t\u0259r\u0259find\u0259n f\u0259al \u015f\u0259kild\u0259 davam etdirilir. Bu bar\u0259d\u0259 Az\u0259rbaycan\u0131n T\u00fcrkiy\u0259d\u0259ki s\u0259firliyi a\u00e7\u0131qlama yay\u0131b. A\u00e7\u0131qlamada deyilir ki, bu m\u0259qs\u0259dl\u0259 s\u0259firlikd\u0259 46 v\u0259 47, \u0130stanbuldak\u0131 ba\u015f konsulluqda 53 v\u0259 54, Qarsdak\u0131 ba\u015f konsulluqda is\u0259 55 sayl\u0131 se\u00e7ki m\u0259nt\u0259q\u0259si yarad\u0131l\u0131b.&hellip;","_links":{"self":[{"href":"https:\/\/arantv.az\/index.php?rest_route=\/wp\/v2\/posts\/685217"}],"collection":[{"href":"https:\/\/arantv.az\/index.php?rest_route=\/wp\/v2\/posts"}],"about":[{"href":"https:\/\/arantv.az\/index.php?rest_route=\/wp\/v2\/types\/post"}],"author":[{"embeddable":true,"href":"https:\/\/arantv.az\/index.php?rest_route=\/wp\/v2\/users\/2"}],"replies":[{"embeddable":true,"href":"https:\/\/arantv.az\/index.php?rest_route=%2Fwp%2Fv2%2Fcomments&post=685217"}],"version-history":[{"count":0,"href":"https:\/\/arantv.az\/index.php?rest_route=\/wp\/v2\/posts\/685217\/revisions"}],"wp:featuredmedia":[{"embeddable":true,"href":"https:\/\/arantv.az\/index.php?rest_route=\/wp\/v2\/media\/685222"}],"wp:attachment":[{"href":"https:\/\/arantv.az\/index.php?rest_route=%2Fwp%2Fv2%2Fmedia&parent=685217"}],"wp:term":[{"taxonomy":"category","embeddable":true,"href":"https:\/\/arantv.az\/index.php?rest_route=%2Fwp%2Fv2%2Fcategories&post=685217"},{"taxonomy":"post_tag","embeddable":true,"href":"https:\/\/arantv.az\/index.php?rest_route=%2Fwp%2Fv2%2Ftags&post=685217"}],"curies":[{"name":"wp","href":"https:\/\/api.w.org\/{rel}","templated":true}]}}