{"id":686372,"date":"2024-02-02T14:15:12","date_gmt":"2024-02-02T10:15:12","guid":{"rendered":"https:\/\/arantv.az\/?p=686372"},"modified":"2024-02-02T14:15:12","modified_gmt":"2024-02-02T10:15:12","slug":"erm%c9%99ni-c%c9%99lladin-xank%c9%99ndid%c9%99ki-abid%c9%99si-sokuldu","status":"publish","type":"post","link":"https:\/\/arantv.az\/?p=686372","title":{"rendered":"Erm\u0259ni c\u0259llad\u0131n Xank\u0259ndid\u0259ki abid\u0259si s\u00f6k\u00fcld\u00fc"},"content":{"rendered":"<p>Antiterror \u0259m\u0259liyyat\u0131ndan sonra separat\u00e7\u0131 rejimin qal\u0131qlar\u0131n\u0131n t\u0259mizl\u0259nm\u0259si prosesi davam edir.<\/p>\n<p>\u201cUnikal\u201d x\u0259b\u0259r verir ki, Xank\u0259ndi \u015f\u0259h\u0259rind\u0259 Qaraba\u011f c\u0259lladlar\u0131ndan biri \u201cBekor\u201d l\u0259q\u0259bli A\u015fot Qulyan\u0131n abid\u0259si s\u00f6k\u00fcl\u00fcb.<\/p>\n<p>Qeyd ed\u0259k ki, 1992-ci ild\u0259 A\u011fd\u0259r\u0259, Hadrut v\u0259 bir s\u0131ra istiqam\u0259tl\u0259rd\u0259 g\u00fcnahs\u0131z az\u0259rbaycanl\u0131lar\u0131n qan\u0131n\u0131\u00a0t\u00f6k\u0259n terror\u00e7unun abid\u0259si Xank\u0259ndi universitetinin qar\u015f\u0131s\u0131ndak\u0131 parkda yerl\u0259\u015firdi.<\/p>\n","protected":false},"excerpt":{"rendered":"<p>Antiterror \u0259m\u0259liyyat\u0131ndan sonra separat\u00e7\u0131 rejimin qal\u0131qlar\u0131n\u0131n t\u0259mizl\u0259nm\u0259si prosesi davam edir. \u201cUnikal\u201d x\u0259b\u0259r verir ki, Xank\u0259ndi \u015f\u0259h\u0259rind\u0259 Qaraba\u011f c\u0259lladlar\u0131ndan biri \u201cBekor\u201d l\u0259q\u0259bli A\u015fot Qulyan\u0131n abid\u0259si s\u00f6k\u00fcl\u00fcb. Qeyd ed\u0259k ki, 1992-ci ild\u0259 A\u011fd\u0259r\u0259, Hadrut v\u0259 bir s\u0131ra istiqam\u0259tl\u0259rd\u0259 g\u00fcnahs\u0131z az\u0259rbaycanl\u0131lar\u0131n qan\u0131n\u0131\u00a0t\u00f6k\u0259n terror\u00e7unun abid\u0259si Xank\u0259ndi universitetinin qar\u015f\u0131s\u0131ndak\u0131 parkda yerl\u0259\u015firdi.<\/p>\n","protected":false},"author":2,"featured_media":686373,"comment_status":"closed","ping_status":"closed","sticky":false,"template":"","format":"standard","meta":{"om_disable_all_campaigns":false,"_monsterinsights_skip_tracking":false,"_monsterinsights_sitenote_active":false,"_monsterinsights_sitenote_note":"","_monsterinsights_sitenote_category":0},"categories":[1],"tags":[],"aioseo_notices":[],"gutentor_comment":0,"rttpg_featured_image_url":{"full":["https:\/\/arantv.az\/wp-content\/uploads\/2024\/02\/1706864132_O\u00b2O\u00a5O\u00afO\u00b8O_-1.jpg",620,413,false],"landscape":["https:\/\/arantv.az\/wp-content\/uploads\/2024\/02\/1706864132_O\u00b2O\u00a5O\u00afO\u00b8O_-1.jpg",620,413,false],"portraits":["https:\/\/arantv.az\/wp-content\/uploads\/2024\/02\/1706864132_O\u00b2O\u00a5O\u00afO\u00b8O_-1.jpg",620,413,false],"thumbnail":["https:\/\/arantv.az\/wp-content\/uploads\/2024\/02\/1706864132_O\u00b2O\u00a5O\u00afO\u00b8O_-1-500x280.jpg",500,280,true],"medium":["https:\/\/arantv.az\/wp-content\/uploads\/2024\/02\/1706864132_O\u00b2O\u00a5O\u00afO\u00b8O_-1-548x365.jpg",548,365,true],"large":["https:\/\/arantv.az\/wp-content\/uploads\/2024\/02\/1706864132_O\u00b2O\u00a5O\u00afO\u00b8O_-1.jpg",620,413,false],"1536x1536":["https:\/\/arantv.az\/wp-content\/uploads\/2024\/02\/1706864132_O\u00b2O\u00a5O\u00afO\u00b8O_-1.jpg",620,413,false],"2048x2048":["https:\/\/arantv.az\/wp-content\/uploads\/2024\/02\/1706864132_O\u00b2O\u00a5O\u00afO\u00b8O_-1.jpg",620,413,false],"post-thumbnail":["https:\/\/arantv.az\/wp-content\/uploads\/2024\/02\/1706864132_O\u00b2O\u00a5O\u00afO\u00b8O_-1-240x172.jpg",240,172,true],"advps-thumb-one":["https:\/\/arantv.az\/wp-content\/uploads\/2024\/02\/1706864132_O\u00b2O\u00a5O\u00afO\u00b8O_-1.jpg",620,413,false]},"rttpg_author":{"display_name":"V\u00fcsal Rafiqo\u011flu","author_link":"https:\/\/arantv.az\/?author=2"},"rttpg_comment":0,"rttpg_category":"<a href=\"https:\/\/arantv.az\/?cat=1\" rel=\"category\">C\u0259miyy\u0259t<\/a>","rttpg_excerpt":"Antiterror \u0259m\u0259liyyat\u0131ndan sonra separat\u00e7\u0131 rejimin qal\u0131qlar\u0131n\u0131n t\u0259mizl\u0259nm\u0259si prosesi davam edir. \u201cUnikal\u201d x\u0259b\u0259r verir ki, Xank\u0259ndi \u015f\u0259h\u0259rind\u0259 Qaraba\u011f c\u0259lladlar\u0131ndan biri \u201cBekor\u201d l\u0259q\u0259bli A\u015fot Qulyan\u0131n abid\u0259si s\u00f6k\u00fcl\u00fcb. Qeyd ed\u0259k ki, 1992-ci ild\u0259 A\u011fd\u0259r\u0259, Hadrut v\u0259 bir s\u0131ra istiqam\u0259tl\u0259rd\u0259 g\u00fcnahs\u0131z az\u0259rbaycanl\u0131lar\u0131n qan\u0131n\u0131\u00a0t\u00f6k\u0259n terror\u00e7unun abid\u0259si Xank\u0259ndi universitetinin qar\u015f\u0131s\u0131ndak\u0131 parkda yerl\u0259\u015firdi.","_links":{"self":[{"href":"https:\/\/arantv.az\/index.php?rest_route=\/wp\/v2\/posts\/686372"}],"collection":[{"href":"https:\/\/arantv.az\/index.php?rest_route=\/wp\/v2\/posts"}],"about":[{"href":"https:\/\/arantv.az\/index.php?rest_route=\/wp\/v2\/types\/post"}],"author":[{"embeddable":true,"href":"https:\/\/arantv.az\/index.php?rest_route=\/wp\/v2\/users\/2"}],"replies":[{"embeddable":true,"href":"https:\/\/arantv.az\/index.php?rest_route=%2Fwp%2Fv2%2Fcomments&post=686372"}],"version-history":[{"count":0,"href":"https:\/\/arantv.az\/index.php?rest_route=\/wp\/v2\/posts\/686372\/revisions"}],"wp:featuredmedia":[{"embeddable":true,"href":"https:\/\/arantv.az\/index.php?rest_route=\/wp\/v2\/media\/686373"}],"wp:attachment":[{"href":"https:\/\/arantv.az\/index.php?rest_route=%2Fwp%2Fv2%2Fmedia&parent=686372"}],"wp:term":[{"taxonomy":"category","embeddable":true,"href":"https:\/\/arantv.az\/index.php?rest_route=%2Fwp%2Fv2%2Fcategories&post=686372"},{"taxonomy":"post_tag","embeddable":true,"href":"https:\/\/arantv.az\/index.php?rest_route=%2Fwp%2Fv2%2Ftags&post=686372"}],"curies":[{"name":"wp","href":"https:\/\/api.w.org\/{rel}","templated":true}]}}