{"id":686392,"date":"2024-02-02T14:44:31","date_gmt":"2024-02-02T10:44:31","guid":{"rendered":"https:\/\/arantv.az\/?p=686392"},"modified":"2024-02-02T14:44:31","modified_gmt":"2024-02-02T10:44:31","slug":"agb%c9%99nd-secki-m%c9%99nt%c9%99q%c9%99sinin-s%c9%99dri-s%c9%99sverm%c9%99-prosesinin-tam-s%c9%99ffaf-kec%c9%99c%c9%99yind%c9%99n-%c9%99minik","status":"publish","type":"post","link":"https:\/\/arantv.az\/?p=686392","title":{"rendered":"A\u011fb\u0259nd se\u00e7ki m\u0259nt\u0259q\u0259sinin s\u0259dri: \u201cS\u0259sverm\u0259 prosesinin tam \u015f\u0259ffaf ke\u00e7\u0259c\u0259yind\u0259n \u0259minik\u201d"},"content":{"rendered":"<p>7 fevral n\u00f6vb\u0259d\u0259nk\u0259nar prezident se\u00e7kisi g\u00fcn\u00fc Z\u0259ngilan rayonunun A\u011fb\u0259nd k\u0259ndind\u0259 yeni yarad\u0131lan m\u0259nt\u0259q\u0259d\u0259 561 n\u0259f\u0259r se\u00e7ici s\u0259s ver\u0259c\u0259k.<\/p>\n<p>Bunu \u201cReport\u201dun Z\u0259ngilan \u015f\u0259h\u0259rin\u0259 ezam olunmu\u015f \u0259m\u0259kda\u015f\u0131na a\u00e7\u0131qlamas\u0131nda 125 sayl\u0131 Z\u0259ngilan-Qubadl\u0131 dair\u0259 se\u00e7ki komissiyas\u0131n\u0131n azad edil\u0259n A\u011fb\u0259nd k\u0259ndind\u0259 yeni yarad\u0131lan 60 sayl\u0131 se\u00e7ki m\u0259nt\u0259q\u0259sinin s\u0259dri Bab\u0259k Novruz deyib.<\/p>\n<p>O qeyd edib ki, bu se\u00e7icil\u0259r h\u0259min \u0259razid\u0259 tikinti-b\u0259rpa i\u015fl\u0259ri il\u0259 m\u0259\u015f\u011ful olan \u015f\u0259xsl\u0259rdir:<\/p>\n<p>\u201c\u0130ki aya yax\u0131nd\u0131r ki, m\u0259nt\u0259q\u0259miz b\u00fct\u00fcn laz\u0131mi avadanl\u0131qlarla t\u0259chiz olunub v\u0259 se\u00e7ki\u00a0g\u00fcn\u00fcn\u00fc s\u0259birsizlikl\u0259 g\u00f6zl\u0259yirik\u201d.<\/p>\n<p>B.Novruz bildirib ki, bu tarixi g\u00fcnl\u0259rd\u0259 h\u0259r birimiz sevincli v\u0259 q\u00fcrurluyuq:<\/p>\n<p>\u201cM\u0259nt\u0259q\u0259d\u0259 veb-kameralar qura\u015fd\u0131r\u0131l\u0131b v\u0259 s\u0259sverm\u0259 prosesinin tam \u015f\u0259ffaf ke\u00e7\u0259c\u0259yind\u0259n \u0259minik. Biz d\u0259 bunun \u00fc\u00e7\u00fcn \u0259limizd\u0259n g\u0259l\u0259ni ed\u0259c\u0259yik\u201d.<\/p>\n<p>Qeyd ed\u0259k ki, se\u00e7kid\u0259 hakim Yeni Az\u0259rbaycan Partiyas\u0131n\u0131n prezidentliy\u0259 namiz\u0259di\u00a0<strong>\u0130lham \u018fliyev<\/strong>, namiz\u0259dliyi \u00f6z\u00fc t\u0259r\u0259find\u0259n ir\u0259li s\u00fcr\u00fcl\u0259n Zahid Oruc, Milli C\u0259bh\u0259 Partiyas\u0131n\u0131n prezidentliy\u0259 namiz\u0259di Razi Nurullayev, B\u00f6y\u00fck Qurulu\u015f Partiyas\u0131n\u0131n prezidentliy\u0259 namiz\u0259di Fazil Mustafa, B\u00f6y\u00fck Az\u0259rbaycan Partiyas\u0131n\u0131n prezidentliy\u0259 namiz\u0259di El\u015fad Musayev, B\u00fct\u00f6v Az\u0259rbaycan Xalq C\u0259bh\u0259si Partiyas\u0131n\u0131n prezidentliy\u0259 namiz\u0259di Q\u00fcdr\u0259t H\u0259s\u0259nquliyev v\u0259 namiz\u0259dliyi \u00f6z\u00fc t\u0259r\u0259find\u0259n ir\u0259li s\u00fcr\u00fcl\u0259n Fuad \u018fliyev m\u00fcbariz\u0259 aparacaqlar.<\/p>\n","protected":false},"excerpt":{"rendered":"<p>7 fevral n\u00f6vb\u0259d\u0259nk\u0259nar prezident se\u00e7kisi g\u00fcn\u00fc Z\u0259ngilan rayonunun A\u011fb\u0259nd k\u0259ndind\u0259 yeni yarad\u0131lan m\u0259nt\u0259q\u0259d\u0259 561 n\u0259f\u0259r se\u00e7ici s\u0259s ver\u0259c\u0259k. Bunu \u201cReport\u201dun Z\u0259ngilan \u015f\u0259h\u0259rin\u0259 ezam olunmu\u015f \u0259m\u0259kda\u015f\u0131na a\u00e7\u0131qlamas\u0131nda 125 sayl\u0131 Z\u0259ngilan-Qubadl\u0131 dair\u0259 se\u00e7ki komissiyas\u0131n\u0131n azad edil\u0259n A\u011fb\u0259nd k\u0259ndind\u0259 yeni yarad\u0131lan 60 sayl\u0131 se\u00e7ki m\u0259nt\u0259q\u0259sinin s\u0259dri Bab\u0259k Novruz deyib. O qeyd edib ki, bu se\u00e7icil\u0259r h\u0259min \u0259razid\u0259 tikinti-b\u0259rpa i\u015fl\u0259ri il\u0259 m\u0259\u015f\u011ful olan \u015f\u0259xsl\u0259rdir: \u201c\u0130ki aya yax\u0131nd\u0131r ki, m\u0259nt\u0259q\u0259miz b\u00fct\u00fcn laz\u0131mi avadanl\u0131qlarla t\u0259chiz olunub v\u0259 se\u00e7ki\u00a0g\u00fcn\u00fcn\u00fc s\u0259birsizlikl\u0259 g\u00f6zl\u0259yirik\u201d. B.Novruz bildirib ki, bu tarixi g\u00fcnl\u0259rd\u0259 h\u0259r birimiz sevincli v\u0259 q\u00fcrurluyuq: \u201cM\u0259nt\u0259q\u0259d\u0259 veb-kameralar qura\u015fd\u0131r\u0131l\u0131b v\u0259 s\u0259sverm\u0259&hellip;<\/p>\n","protected":false},"author":2,"featured_media":686393,"comment_status":"closed","ping_status":"closed","sticky":false,"template":"","format":"standard","meta":{"om_disable_all_campaigns":false,"_monsterinsights_skip_tracking":false,"_monsterinsights_sitenote_active":false,"_monsterinsights_sitenote_note":"","_monsterinsights_sitenote_category":0},"categories":[4],"tags":[],"aioseo_notices":[],"gutentor_comment":0,"rttpg_featured_image_url":{"full":["https:\/\/arantv.az\/wp-content\/uploads\/2024\/02\/db3fb0d6-798e-3602-a6d4-ef1da2b13ebf_850.jpg",620,413,false],"landscape":["https:\/\/arantv.az\/wp-content\/uploads\/2024\/02\/db3fb0d6-798e-3602-a6d4-ef1da2b13ebf_850.jpg",620,413,false],"portraits":["https:\/\/arantv.az\/wp-content\/uploads\/2024\/02\/db3fb0d6-798e-3602-a6d4-ef1da2b13ebf_850.jpg",620,413,false],"thumbnail":["https:\/\/arantv.az\/wp-content\/uploads\/2024\/02\/db3fb0d6-798e-3602-a6d4-ef1da2b13ebf_850-500x280.jpg",500,280,true],"medium":["https:\/\/arantv.az\/wp-content\/uploads\/2024\/02\/db3fb0d6-798e-3602-a6d4-ef1da2b13ebf_850-548x365.jpg",548,365,true],"large":["https:\/\/arantv.az\/wp-content\/uploads\/2024\/02\/db3fb0d6-798e-3602-a6d4-ef1da2b13ebf_850.jpg",620,413,false],"1536x1536":["https:\/\/arantv.az\/wp-content\/uploads\/2024\/02\/db3fb0d6-798e-3602-a6d4-ef1da2b13ebf_850.jpg",620,413,false],"2048x2048":["https:\/\/arantv.az\/wp-content\/uploads\/2024\/02\/db3fb0d6-798e-3602-a6d4-ef1da2b13ebf_850.jpg",620,413,false],"post-thumbnail":["https:\/\/arantv.az\/wp-content\/uploads\/2024\/02\/db3fb0d6-798e-3602-a6d4-ef1da2b13ebf_850-240x172.jpg",240,172,true],"advps-thumb-one":["https:\/\/arantv.az\/wp-content\/uploads\/2024\/02\/db3fb0d6-798e-3602-a6d4-ef1da2b13ebf_850.jpg",620,413,false]},"rttpg_author":{"display_name":"V\u00fcsal Rafiqo\u011flu","author_link":"https:\/\/arantv.az\/?author=2"},"rttpg_comment":0,"rttpg_category":"<a href=\"https:\/\/arantv.az\/?cat=4\" rel=\"category\">Siyas\u0259t<\/a>","rttpg_excerpt":"7 fevral n\u00f6vb\u0259d\u0259nk\u0259nar prezident se\u00e7kisi g\u00fcn\u00fc Z\u0259ngilan rayonunun A\u011fb\u0259nd k\u0259ndind\u0259 yeni yarad\u0131lan m\u0259nt\u0259q\u0259d\u0259 561 n\u0259f\u0259r se\u00e7ici s\u0259s ver\u0259c\u0259k. Bunu \u201cReport\u201dun Z\u0259ngilan \u015f\u0259h\u0259rin\u0259 ezam olunmu\u015f \u0259m\u0259kda\u015f\u0131na a\u00e7\u0131qlamas\u0131nda 125 sayl\u0131 Z\u0259ngilan-Qubadl\u0131 dair\u0259 se\u00e7ki komissiyas\u0131n\u0131n azad edil\u0259n A\u011fb\u0259nd k\u0259ndind\u0259 yeni yarad\u0131lan 60 sayl\u0131 se\u00e7ki m\u0259nt\u0259q\u0259sinin s\u0259dri Bab\u0259k Novruz deyib. O qeyd edib ki, bu se\u00e7icil\u0259r h\u0259min \u0259razid\u0259 tikinti-b\u0259rpa&hellip;","_links":{"self":[{"href":"https:\/\/arantv.az\/index.php?rest_route=\/wp\/v2\/posts\/686392"}],"collection":[{"href":"https:\/\/arantv.az\/index.php?rest_route=\/wp\/v2\/posts"}],"about":[{"href":"https:\/\/arantv.az\/index.php?rest_route=\/wp\/v2\/types\/post"}],"author":[{"embeddable":true,"href":"https:\/\/arantv.az\/index.php?rest_route=\/wp\/v2\/users\/2"}],"replies":[{"embeddable":true,"href":"https:\/\/arantv.az\/index.php?rest_route=%2Fwp%2Fv2%2Fcomments&post=686392"}],"version-history":[{"count":0,"href":"https:\/\/arantv.az\/index.php?rest_route=\/wp\/v2\/posts\/686392\/revisions"}],"wp:featuredmedia":[{"embeddable":true,"href":"https:\/\/arantv.az\/index.php?rest_route=\/wp\/v2\/media\/686393"}],"wp:attachment":[{"href":"https:\/\/arantv.az\/index.php?rest_route=%2Fwp%2Fv2%2Fmedia&parent=686392"}],"wp:term":[{"taxonomy":"category","embeddable":true,"href":"https:\/\/arantv.az\/index.php?rest_route=%2Fwp%2Fv2%2Fcategories&post=686392"},{"taxonomy":"post_tag","embeddable":true,"href":"https:\/\/arantv.az\/index.php?rest_route=%2Fwp%2Fv2%2Ftags&post=686392"}],"curies":[{"name":"wp","href":"https:\/\/api.w.org\/{rel}","templated":true}]}}