{"id":686398,"date":"2024-02-02T14:48:07","date_gmt":"2024-02-02T10:48:07","guid":{"rendered":"https:\/\/arantv.az\/?p=686398"},"modified":"2024-02-02T14:48:41","modified_gmt":"2024-02-02T10:48:41","slug":"serbiyali-politoloq-avropa-ittifaqina-onlari-f%c9%99lak%c9%99t%c9%99-aparan-insanlar-r%c9%99hb%c9%99rlik-edir","status":"publish","type":"post","link":"https:\/\/arantv.az\/?p=686398","title":{"rendered":"Serbiyal\u0131 politoloq: \u201cAvropa \u0130ttifaq\u0131na onlar\u0131 f\u0259lak\u0259t\u0259 aparan insanlar r\u0259hb\u0259rlik edir\u201d"},"content":{"rendered":"<p>Ursula fon der Lyayenin r\u0259hb\u0259rlik etdiyi Avropa Komissiyas\u0131 (AK) Avropa \u0130ttifaq\u0131 (A\u0130) \u00f6lk\u0259l\u0259rinin v\u0259 orada ya\u015fayan insanlar\u0131n maraqlar\u0131n\u0131 tamamil\u0259 g\u00f6rm\u0259zlikd\u0259n g\u0259lir v\u0259 bu s\u0259b\u0259bd\u0259n d\u0259 onlar onun siyas\u0259tind\u0259n getdikc\u0259 daha \u00e7ox \u015fikay\u0259t edirl\u0259r.<\/p>\n<p>Bunu \u201cReport\u201da a\u00e7\u0131qlamas\u0131nda serbiyal\u0131 politoloq, Avropa Ara\u015fd\u0131rmalar\u0131 \u0130nstitutunun elmi i\u015f\u00e7isi Stevan Qayi\u00e7 deyib.<\/p>\n<p>\u201c\u00d6lk\u0259l\u0259r\u0259 Ursula fon der Lyayenin v\u0259 b\u00fct\u00f6vl\u00fckd\u0259 AK-nin apard\u0131\u011f\u0131 siyas\u0259t\u0259 \u0259m\u0259l ed\u0259n qlobalistl\u0259r r\u0259hb\u0259rlik edir. Bel\u0259likl\u0259, Avropa xalqlar\u0131 m\u00fc\u0259yy\u0259n m\u0259nada &#8220;i\u015f\u011fal olunmu\u015f&#8221; v\u0259ziyy\u0259tin\u0259 d\u00fc\u015f\u00fcbl\u0259r. Onlar\u0131 f\u0259lak\u0259t\u0259 aparan elitan\u0131n &#8220;i\u015f\u011fal\u0131&#8221; alt\u0131ndad\u0131rlar\u201d, &#8211; politoloq bildirib.<\/p>\n<p>Onun s\u00f6zl\u0259rin\u0259 g\u00f6r\u0259, Avropa \u00f6lk\u0259l\u0259ri aras\u0131nda par\u00e7alanman\u0131n s\u0259b\u0259bl\u0259rind\u0259n biri Rusiya-Ukrayna m\u00fcharib\u0259si olub: \u201cBel\u0259likl\u0259, bu m\u00fcharib\u0259 Avropa \u00f6lk\u0259l\u0259rini iqtisadiyyatlar\u0131n\u0131n f\u0259lak\u0259tli v\u0259ziyy\u0259t\u0259 d\u00fc\u015fm\u0259sin\u0259 s\u0259b\u0259b olub\u201d.<\/p>\n<p>\u201cA\u0130-y\u0259, q\u0259sd\u0259n, ideoloji s\u0259b\u0259bl\u0259r\u0259 g\u00f6r\u0259 tamamil\u0259 irrasional olaraq \u00f6lk\u0259l\u0259ri tam f\u0259lak\u0259t\u0259 aparan insanlar r\u0259hb\u0259rlik edir. Buna g\u00f6r\u0259 d\u0259 hesab edir\u0259m ki, Avropa bu g\u00fcn g\u00f6rd\u00fcy\u00fcm\u00fcz i\u011fti\u015fa\u015flarla daha \u00e7ox \u00fczl\u0259\u015f\u0259c\u0259k. O ki qald\u0131 Ursula fon der Lyayenin ba\u015f\u0131na n\u0259 g\u0259l\u0259c\u0259k, bunu Avropa Parlamentin\u0259 ke\u00e7iril\u0259c\u0259k se\u00e7kil\u0259rd\u0259n sonra g\u00f6r\u0259c\u0259yik\u201d, &#8211; serbiyal\u0131 politoloq bildirib.<\/p>\n<p>O qeyd edib ki, indi Avropada A\u0130-nin k\u0259nd t\u0259s\u0259rr\u00fcfat\u0131 siyas\u0259tin\u0259 etiraz ed\u0259n fermerl\u0259rin aksiyalar\u0131 art\u0131r: \u201cAlmaniya v\u0259 Fransan\u0131n ard\u0131nca A\u0130-nin dig\u0259r \u00f6lk\u0259l\u0259rind\u0259 d\u0259 etiraz ed\u0259n fermerl\u0259r k\u00fc\u00e7\u0259l\u0259r\u0259 \u00e7\u0131x\u0131b. \u0130taliyan\u0131n ba\u015f nazirinin m\u00fcavini v\u0259 infrastruktur naziri Matteo Salvini bildirib ki, o, Avropada fermerl\u0259rin k\u00fctl\u0259vi etirazlar\u0131n\u0131n s\u0259b\u0259bini Ursula fon der Lyayenin r\u0259hb\u0259rlik etdiyi Avropa Komissiyas\u0131n\u0131n \u201cf\u0259lak\u0259tli\u201d siyas\u0259tind\u0259 g\u00f6r\u00fcr\u201d.<\/p>\n","protected":false},"excerpt":{"rendered":"<p>Ursula fon der Lyayenin r\u0259hb\u0259rlik etdiyi Avropa Komissiyas\u0131 (AK) Avropa \u0130ttifaq\u0131 (A\u0130) \u00f6lk\u0259l\u0259rinin v\u0259 orada ya\u015fayan insanlar\u0131n maraqlar\u0131n\u0131 tamamil\u0259 g\u00f6rm\u0259zlikd\u0259n g\u0259lir v\u0259 bu s\u0259b\u0259bd\u0259n d\u0259 onlar onun siyas\u0259tind\u0259n getdikc\u0259 daha \u00e7ox \u015fikay\u0259t edirl\u0259r. Bunu \u201cReport\u201da a\u00e7\u0131qlamas\u0131nda serbiyal\u0131 politoloq, Avropa Ara\u015fd\u0131rmalar\u0131 \u0130nstitutunun elmi i\u015f\u00e7isi Stevan Qayi\u00e7 deyib. \u201c\u00d6lk\u0259l\u0259r\u0259 Ursula fon der Lyayenin v\u0259 b\u00fct\u00f6vl\u00fckd\u0259 AK-nin apard\u0131\u011f\u0131 siyas\u0259t\u0259 \u0259m\u0259l ed\u0259n qlobalistl\u0259r r\u0259hb\u0259rlik edir. Bel\u0259likl\u0259, Avropa xalqlar\u0131 m\u00fc\u0259yy\u0259n m\u0259nada &#8220;i\u015f\u011fal olunmu\u015f&#8221; v\u0259ziyy\u0259tin\u0259 d\u00fc\u015f\u00fcbl\u0259r. Onlar\u0131 f\u0259lak\u0259t\u0259 aparan elitan\u0131n &#8220;i\u015f\u011fal\u0131&#8221; alt\u0131ndad\u0131rlar\u201d, &#8211; politoloq bildirib. Onun s\u00f6zl\u0259rin\u0259 g\u00f6r\u0259, Avropa \u00f6lk\u0259l\u0259ri aras\u0131nda par\u00e7alanman\u0131n s\u0259b\u0259bl\u0259rind\u0259n biri Rusiya-Ukrayna m\u00fcharib\u0259si&hellip;<\/p>\n","protected":false},"author":2,"featured_media":686399,"comment_status":"closed","ping_status":"closed","sticky":false,"template":"","format":"standard","meta":{"om_disable_all_campaigns":false,"_monsterinsights_skip_tracking":false,"_monsterinsights_sitenote_active":false,"_monsterinsights_sitenote_note":"","_monsterinsights_sitenote_category":0},"categories":[4],"tags":[],"aioseo_notices":[],"gutentor_comment":0,"rttpg_featured_image_url":{"full":["https:\/\/arantv.az\/wp-content\/uploads\/2024\/02\/3fa95250-fae9-3854-abd2-27dc0fbe8878_850.jpg",620,413,false],"landscape":["https:\/\/arantv.az\/wp-content\/uploads\/2024\/02\/3fa95250-fae9-3854-abd2-27dc0fbe8878_850.jpg",620,413,false],"portraits":["https:\/\/arantv.az\/wp-content\/uploads\/2024\/02\/3fa95250-fae9-3854-abd2-27dc0fbe8878_850.jpg",620,413,false],"thumbnail":["https:\/\/arantv.az\/wp-content\/uploads\/2024\/02\/3fa95250-fae9-3854-abd2-27dc0fbe8878_850-500x280.jpg",500,280,true],"medium":["https:\/\/arantv.az\/wp-content\/uploads\/2024\/02\/3fa95250-fae9-3854-abd2-27dc0fbe8878_850-548x365.jpg",548,365,true],"large":["https:\/\/arantv.az\/wp-content\/uploads\/2024\/02\/3fa95250-fae9-3854-abd2-27dc0fbe8878_850.jpg",620,413,false],"1536x1536":["https:\/\/arantv.az\/wp-content\/uploads\/2024\/02\/3fa95250-fae9-3854-abd2-27dc0fbe8878_850.jpg",620,413,false],"2048x2048":["https:\/\/arantv.az\/wp-content\/uploads\/2024\/02\/3fa95250-fae9-3854-abd2-27dc0fbe8878_850.jpg",620,413,false],"post-thumbnail":["https:\/\/arantv.az\/wp-content\/uploads\/2024\/02\/3fa95250-fae9-3854-abd2-27dc0fbe8878_850-240x172.jpg",240,172,true],"advps-thumb-one":["https:\/\/arantv.az\/wp-content\/uploads\/2024\/02\/3fa95250-fae9-3854-abd2-27dc0fbe8878_850.jpg",620,413,false]},"rttpg_author":{"display_name":"V\u00fcsal Rafiqo\u011flu","author_link":"https:\/\/arantv.az\/?author=2"},"rttpg_comment":0,"rttpg_category":"<a href=\"https:\/\/arantv.az\/?cat=4\" rel=\"category\">Siyas\u0259t<\/a>","rttpg_excerpt":"Ursula fon der Lyayenin r\u0259hb\u0259rlik etdiyi Avropa Komissiyas\u0131 (AK) Avropa \u0130ttifaq\u0131 (A\u0130) \u00f6lk\u0259l\u0259rinin v\u0259 orada ya\u015fayan insanlar\u0131n maraqlar\u0131n\u0131 tamamil\u0259 g\u00f6rm\u0259zlikd\u0259n g\u0259lir v\u0259 bu s\u0259b\u0259bd\u0259n d\u0259 onlar onun siyas\u0259tind\u0259n getdikc\u0259 daha \u00e7ox \u015fikay\u0259t edirl\u0259r. Bunu \u201cReport\u201da a\u00e7\u0131qlamas\u0131nda serbiyal\u0131 politoloq, Avropa Ara\u015fd\u0131rmalar\u0131 \u0130nstitutunun elmi i\u015f\u00e7isi Stevan Qayi\u00e7 deyib. \u201c\u00d6lk\u0259l\u0259r\u0259 Ursula fon der Lyayenin v\u0259 b\u00fct\u00f6vl\u00fckd\u0259 AK-nin apard\u0131\u011f\u0131&hellip;","_links":{"self":[{"href":"https:\/\/arantv.az\/index.php?rest_route=\/wp\/v2\/posts\/686398"}],"collection":[{"href":"https:\/\/arantv.az\/index.php?rest_route=\/wp\/v2\/posts"}],"about":[{"href":"https:\/\/arantv.az\/index.php?rest_route=\/wp\/v2\/types\/post"}],"author":[{"embeddable":true,"href":"https:\/\/arantv.az\/index.php?rest_route=\/wp\/v2\/users\/2"}],"replies":[{"embeddable":true,"href":"https:\/\/arantv.az\/index.php?rest_route=%2Fwp%2Fv2%2Fcomments&post=686398"}],"version-history":[{"count":0,"href":"https:\/\/arantv.az\/index.php?rest_route=\/wp\/v2\/posts\/686398\/revisions"}],"wp:featuredmedia":[{"embeddable":true,"href":"https:\/\/arantv.az\/index.php?rest_route=\/wp\/v2\/media\/686399"}],"wp:attachment":[{"href":"https:\/\/arantv.az\/index.php?rest_route=%2Fwp%2Fv2%2Fmedia&parent=686398"}],"wp:term":[{"taxonomy":"category","embeddable":true,"href":"https:\/\/arantv.az\/index.php?rest_route=%2Fwp%2Fv2%2Fcategories&post=686398"},{"taxonomy":"post_tag","embeddable":true,"href":"https:\/\/arantv.az\/index.php?rest_route=%2Fwp%2Fv2%2Ftags&post=686398"}],"curies":[{"name":"wp","href":"https:\/\/api.w.org\/{rel}","templated":true}]}}