{"id":686410,"date":"2024-02-02T14:52:03","date_gmt":"2024-02-02T10:52:03","guid":{"rendered":"https:\/\/arantv.az\/?p=686410"},"modified":"2024-02-02T14:52:03","modified_gmt":"2024-02-02T10:52:03","slug":"prezident-paris%c9%99-barmaq-tusladi-fransa-od-ustun%c9%99-benzin-tokur","status":"publish","type":"post","link":"https:\/\/arantv.az\/?p=686410","title":{"rendered":"Prezident Paris\u0259 barmaq tu\u015flad\u0131 \u2013 \u201cFransa od \u00fcst\u00fcn\u0259 benzin t\u00f6k\u00fcr\u201d"},"content":{"rendered":"<p><strong>Prezident \u0130lham \u018fliyevin d\u00fcn\u0259n Parlamentl\u0259raras\u0131 \u0130ttifaq\u0131n ba\u015f katibi Martin \u00c7unqonqla g\u00f6r\u00fc\u015f\u00fc m\u00fch\u00fcm bir d\u00f6vr\u0259 t\u0259sad\u00fcf edirdi.<\/strong><\/p>\n<p>Bildiyimiz kimi, Avropa \u015euras\u0131n\u0131n Parlament Assambleyas\u0131 bu g\u00fcnl\u0259rd\u0259 Az\u0259rbaycan\u0131 t\u0259msil ed\u0259n deputatlar\u0131n mandatlar\u0131n\u0131 t\u0259sdiq etm\u0259y\u0259k \u00f6lk\u0259miz\u0259 qar\u015f\u0131 c\u0259bh\u0259 a\u00e7\u0131b v\u0259 bu zaman b\u00f6y\u00fck haqs\u0131zl\u0131\u011fa yol verib. B\u00fct\u00fcn bunlara ali s\u0259viyy\u0259d\u0259 cavab verilm\u0259si laz\u0131m idi.<\/p>\n<p>Ona g\u00f6r\u0259 d\u0259 Az\u0259rbaycan\u0131n d\u00f6vl\u0259t ba\u015f\u00e7\u0131s\u0131 Martin \u00c7unqonqla s\u00f6hb\u0259tind\u0259 Avropan\u0131n \u00fcstqurum t\u0259\u015fkilatlar\u0131n\u0131n yax\u0131n ke\u00e7mi\u015fd\u0259 \u00f6lk\u0259miz\u0259 m\u00fcnasib\u0259tin\u0259 geni\u015f toxunub.<\/p>\n<p>Prezident deyib ki, AT\u018fT-in Minsk qrupu 28 il \u0259rzind\u0259 m\u00fcnaqi\u015f\u0259nin h\u0259lli prosesi il\u0259 m\u0259\u015f\u011ful olsa da, he\u00e7 bir n\u0259tic\u0259 \u0259ld\u0259 edilm\u0259di, Az\u0259rbaycan torpaqlar\u0131 i\u015f\u011faldan azad olunmay\u0131b, m\u0259cburi k\u00f6\u00e7k\u00fcnl\u0259rin geri qay\u0131tmas\u0131 t\u0259min edilm\u0259yib, Minsk qrupu t\u0259r\u0259find\u0259n Erm\u0259nistana t\u0259zyiq g\u00f6st\u0259rilm\u0259yib v\u0259 m\u00fcvafiq sanksiyalar t\u0259tbiq olunmay\u0131b.<\/p>\n<p>Bunlar\u0131n ham\u0131s\u0131 avropal\u0131 parlamentarlara da b\u0259llidir, f\u0259q\u0259t onlar bu h\u0259qiq\u0259tl\u0259ri daima g\u00f6rm\u0259zliy\u0259 vurublar, hesab edibl\u0259r ki, bel\u0259 d\u0259 ke\u00e7inm\u0259k olar. Lakin bu, onlar \u00fc\u00e7\u00fcn ke\u00e7\u0259rliydi v\u0259 bu m\u00f6vqe Az\u0259rbaycan\u0131n problemini h\u0259ll etmirdi. Ona g\u00f6r\u0259 d\u0259 Az\u0259rbaycan ax\u0131rda \u00f6z problemini \u201cAvropan\u0131 daha art\u0131q \u0259ziyy\u0259t\u0259 salmadan\u201d \u00f6z\u00fc h\u0259ll etdi.<\/p>\n<p>D\u00f6vl\u0259t ba\u015f\u00e7\u0131s\u0131 2020-ci ild\u0259 44 g\u00fcnl\u00fck V\u0259t\u0259n m\u00fcharib\u0259si ba\u015fa \u00e7atandan sonra Az\u0259rbaycan\u0131n regionda s\u00fclh g\u00fcnd\u0259liyinin t\u0259\u015f\u0259bb\u00fcskar\u0131 olaraq Erm\u0259nistanla s\u00fclh m\u00fcqavil\u0259sinin imzalanmas\u0131 t\u0259klifi il\u0259 \u00e7\u0131x\u0131\u015f etdiyini xat\u0131rladaraq deyib ki, Erm\u0259nistan buna adekvat reaksiya verm\u0259yib.<\/p>\n<p>Do\u011frudan da Erm\u0259nistan 2021 v\u0259 2022-ci ill\u0259rd\u0259, el\u0259c\u0259 d\u0259 2023-c\u00fc ilin birinci yar\u0131s\u0131nda \u00f6z\u00fcn\u00fc \u201cc\u0259ddin\u0259 arxay\u0131n olan seyidl\u0259r\u201d kimi apar\u0131r, el\u0259 hesab edirdi ki, 2020-ci ild\u0259ki h\u0259rbi \u0259m\u0259liyyat art\u0131q t\u0259krar oluna bilm\u0259z, Az\u0259rbaycan i\u015f\u011faldan azad ed\u0259 bildiyi yerl\u0259ri al\u0131b oturub, yerd\u0259 qalan \u0259razil\u0259r is\u0259 Erm\u0259nistana qal\u0131b, s\u00fclh m\u00fcqavil\u0259si d\u0259 el\u0259 bu \u0259sasda imzalanacaq. Ona g\u00f6r\u0259 d\u0259 bu d\u00f6vl\u0259t, Prezidentin dediyi kimi, 44 g\u00fcnl\u00fck V\u0259t\u0259n m\u00fcharib\u0259si ba\u015fa \u00e7atandan sonra \u00fc\u00e7t\u0259r\u0259fli B\u0259yanat \u00e7\u0259r\u00e7iv\u0259sind\u0259 \u00f6z \u00fcz\u0259rin\u0259 d\u00fc\u015f\u0259n bir s\u0131ra \u00f6hd\u0259likl\u0259ri yerin\u0259 yetirmirdi. \u201cSon 3 il \u0259rzind\u0259 r\u0259smi \u0130r\u0259van Az\u0259rbaycan\u0131n Qaraba\u011f b\u00f6lg\u0259sind\u0259 separatizmi maliyy\u0259, h\u0259rbi v\u0259 dig\u0259r vasit\u0259l\u0259rl\u0259 d\u0259st\u0259kl\u0259m\u0259y\u0259 davam edirdi\u201d, &#8211; D\u00f6vl\u0259t ba\u015f\u00e7\u0131s\u0131 s\u00f6z\u00fcged\u0259n g\u00f6r\u00fc\u015fd\u0259 qeyd edib.<\/p>\n<p>Ancaq Az\u0259rbaycan t\u0259r\u0259fi d\u0259f\u0259l\u0259rl\u0259 t\u0259krarlam\u0131\u015fd\u0131 ki, \u201cbu i\u015f yar\u0131m\u00e7\u0131q qal\u0131b\u201d, Az\u0259rbaycan \u00f6z \u0259razisi \u00fcz\u0259rind\u0259 yuristiksiyas\u0131n\u0131 sona q\u0259d\u0259r b\u0259rpa ed\u0259c\u0259k.<\/p>\n<p>Lokal antiterror t\u0259dbirl\u0259ri qa\u00e7\u0131lmaz ed\u0259n \u0259sas faktor m\u0259hz bu idi. Prezident \u0130lham \u018fliyev h\u0259min durumu bel\u0259 xarakteriz\u0259 edib: \u201c\u00d6t\u0259n il sentyabr\u0131n 2-d\u0259 Erm\u0259nistan r\u0259hb\u0259rliyinin qondarma \u201cDa\u011fl\u0131q Qaraba\u011f respublikas\u0131\u201dn\u0131n \u201cm\u00fcst\u0259qilliyi\u201d m\u00fcnasib\u0259til\u0259 g\u00f6nd\u0259rdiyi t\u0259brik, h\u0259m\u00e7inin sentyabr\u0131n 9-da ke\u00e7irilmi\u015f d\u0131rnaqaras\u0131 \u201cprezident se\u00e7kil\u0259ri\u201d s\u00fclh prosesin\u0259 ciddi z\u0259rb\u0259 vurmu\u015fdur\u201d.<\/p>\n<p><img loading=\"lazy\" src=\"https:\/\/cdn.musavat.com\/news\/thumbnails\/32935eed65fb31fad4eee03a8e2f836a.jpg\" alt=\"Ilham-Eliyev-Parlamentl\u0259rarasi-Ittifaqin-Bas-katibi-Martin-Cunqonq-il\u0259-gorusdu-600x388.jpg (37 KB)\" width=\"725\" height=\"469\" \/><\/p>\n<p>Martin \u00c7unqonqla g\u00f6r\u00fc\u015fd\u0259 d\u00f6vl\u0259t ba\u015f\u00e7\u0131s\u0131 g\u0259l\u0259c\u0259kd\u0259 t\u0259hdid yarada bil\u0259c\u0259k amill\u0259rd\u0259n d\u0259 dan\u0131\u015f\u0131b v\u0259 deyib ki, Erm\u0259nistan\u0131n m\u00fcst\u0259qillik haqq\u0131nda b\u0259yannam\u0259sind\u0259 Az\u0259rbaycan\u0131n Qaraba\u011f b\u00f6lg\u0259sinin Erm\u0259nistanla birl\u0259\u015fdirilm\u0259sin\u0259 v\u0259 Az\u0259rbaycan\u0131n \u0259razi b\u00fct\u00f6vl\u00fcy\u00fcn\u00fcn pozulmas\u0131na birba\u015fa \u00e7a\u011f\u0131r\u0131\u015flar var v\u0259 bu s\u0259n\u0259d\u0259 istinadlar da Erm\u0259nistan\u0131n Konstitusiyas\u0131nda \u00f6z \u0259ksini tap\u0131b.<\/p>\n<p>Prezident deyib: \u201cH\u0259m\u00e7inin Erm\u0259nistan\u0131n dig\u0259r normativ-h\u00fcquqi s\u0259n\u0259dl\u0259rind\u0259 Az\u0259rbaycana qar\u015f\u0131 \u0259razi iddialar\u0131, Erm\u0259nistan\u0131n qo\u015fuldu\u011fu bir \u00e7ox konvensiyalarda v\u0259 dig\u0259r s\u0259n\u0259dl\u0259rd\u0259 Az\u0259rbaycan\u0131n Qaraba\u011f \u00fcz\u0259rind\u0259 suverenliyini tan\u0131mayan \u00e7oxsayl\u0131 qeyd-\u015f\u0259rtl\u0259r m\u00f6vcuddur. Erm\u0259nistan\u0131n beyn\u0259lxalq m\u0259hk\u0259m\u0259l\u0259rd\u0259 Az\u0259rbaycana qar\u015f\u0131 ir\u0259li s\u00fcrd\u00fcy\u00fc iddialar\u0131n \u0259sas\u0131n\u0131 da Erm\u0259nistan t\u0259r\u0259find\u0259n Az\u0259rbaycan\u0131n suverenliyinin v\u0259 \u0259razi b\u00fct\u00f6vl\u00fcy\u00fcn\u00fcn tan\u0131nmamas\u0131, Qaraba\u011f\u0131n Az\u0259rbaycandan ayr\u0131lmas\u0131 kimi m\u0259s\u0259l\u0259l\u0259r t\u0259\u015fkil edir\u201d.<\/p>\n<p>Bundan ba\u015fqa, Prezident \u0130lham \u018fliyev r\u0259smi Paris\u0259 barmaq tu\u015flayaraq, onun regionda v\u0259ziyy\u0259tin g\u0259rginl\u0259\u015fm\u0259sinin s\u0259b\u0259bkar\u0131 oldu\u011funu, Fransan\u0131n b\u00f6lg\u0259d\u0259 da\u011f\u0131d\u0131c\u0131 siyas\u0259t h\u0259yata ke\u00e7ir\u0259r\u0259k od \u00fcst\u00fcn\u0259 benzin t\u00f6km\u0259k prinsipind\u0259n \u00e7\u0131x\u0131\u015f etdiyini b\u0259yan edib.<\/p>\n<p>Bu, \u00f6zl\u00fcy\u00fcnd\u0259 c\u0259sar\u0259tli iddia olmaqla yana\u015f\u0131, tam olaraq h\u0259qiq\u0259ti \u0259ks etdirir. Ger\u00e7\u0259kd\u0259n d\u0259 Fransan\u0131n C\u0259nubi Qafqaz regionunda apar\u0131c\u0131 m\u00f6vqey\u0259 nail olmaq v\u0259 n\u00fcfuzunu g\u00fccl\u0259ndirm\u0259k \u00fc\u00e7\u00fcn aqressiv v\u0259 \u0259dal\u0259tsiz siyas\u0259t y\u00fcr\u00fctd\u00fcy\u00fc, Erm\u0259nistan\u0131 silahlandmas\u0131 g\u00f6z \u00f6n\u00fcnd\u0259dir.<\/p>\n<p>D\u00f6vl\u0259t ba\u015f\u00e7\u0131s\u0131 Erm\u0259nistan-Az\u0259rbaycan m\u00fcnaqi\u015f\u0259si fonunda beyn\u0259lxalq riyakarl\u0131q tendensiyas\u0131n\u0131n m\u00fc\u015fahid\u0259 olundu\u011funa diqq\u0259t \u00e7\u0259kib v\u0259 Az\u0259rbaycan n\u00fcmay\u0259nd\u0259 hey\u0259tinin etimadnam\u0259sinin Avropa \u015euras\u0131 Parlament Assambleyas\u0131nda ratifikasiya edilm\u0259m\u0259sini beyn\u0259lxalq riyakarl\u0131\u011f\u0131n t\u0259zah\u00fcr\u00fc adland\u0131r\u0131b.<\/p>\n<p>28 il boyunca bir d\u0259f\u0259 d\u0259 olsun aqressora barmaq tu\u015flamam\u0131\u015f, ondan BMT-nin q\u0259tnam\u0259l\u0259rin\u0259 riay\u0259t t\u0259l\u0259b etm\u0259mi\u015f, regionda \u0259dal\u0259tli s\u00fclh\u0259 nail olmaq \u00fc\u00e7\u00fcn he\u00e7 bir \u0259m\u0259li add\u0131m atmam\u0131\u015f A\u015e PA-n\u0131n m\u0259lum q\u0259rar\u0131, Prezidentin d\u0259 dediyi kimi, dialoqa xidm\u0259t etmir, parlament platformas\u0131n\u0131n \u0259n\u0259n\u0259l\u0259ri il\u0259 ziddiyy\u0259t t\u0259\u015fkil edir.<\/p>\n<p>\u201cAz\u0259rbaycan n\u00fcmay\u0259nd\u0259 hey\u0259tinin h\u00fcquqlar\u0131 b\u0259rpa olunmal\u0131d\u0131r\u201d, &#8211; dey\u0259 . \u00f6z q\u0259ti fikrini bildir\u0259n Az\u0259rbaycan lideri \u0259lav\u0259 edib ki, Az\u0259rbaycan n\u00fcmay\u0259nd\u0259 hey\u0259tinin h\u00fcquqlar\u0131 b\u0259rpa olunmayaca\u011f\u0131 t\u0259qdird\u0259, Az\u0259rbaycan t\u0259r\u0259find\u0259n d\u0259 Avropa \u015euras\u0131 v\u0259 Avropa \u0130nsan H\u00fcquqlar\u0131 M\u0259hk\u0259m\u0259sind\u0259 i\u015ftirak m\u0259s\u0259l\u0259sin\u0259 yenid\u0259n bax\u0131lacaq.<\/p>\n","protected":false},"excerpt":{"rendered":"<p>Prezident \u0130lham \u018fliyevin d\u00fcn\u0259n Parlamentl\u0259raras\u0131 \u0130ttifaq\u0131n ba\u015f katibi Martin \u00c7unqonqla g\u00f6r\u00fc\u015f\u00fc m\u00fch\u00fcm bir d\u00f6vr\u0259 t\u0259sad\u00fcf edirdi. Bildiyimiz kimi, Avropa \u015euras\u0131n\u0131n Parlament Assambleyas\u0131 bu g\u00fcnl\u0259rd\u0259 Az\u0259rbaycan\u0131 t\u0259msil ed\u0259n deputatlar\u0131n mandatlar\u0131n\u0131 t\u0259sdiq etm\u0259y\u0259k \u00f6lk\u0259miz\u0259 qar\u015f\u0131 c\u0259bh\u0259 a\u00e7\u0131b v\u0259 bu zaman b\u00f6y\u00fck haqs\u0131zl\u0131\u011fa yol verib. B\u00fct\u00fcn bunlara ali s\u0259viyy\u0259d\u0259 cavab verilm\u0259si laz\u0131m idi. Ona g\u00f6r\u0259 d\u0259 Az\u0259rbaycan\u0131n d\u00f6vl\u0259t ba\u015f\u00e7\u0131s\u0131 Martin \u00c7unqonqla s\u00f6hb\u0259tind\u0259 Avropan\u0131n \u00fcstqurum t\u0259\u015fkilatlar\u0131n\u0131n yax\u0131n ke\u00e7mi\u015fd\u0259 \u00f6lk\u0259miz\u0259 m\u00fcnasib\u0259tin\u0259 geni\u015f toxunub. Prezident deyib ki, AT\u018fT-in Minsk qrupu 28 il \u0259rzind\u0259 m\u00fcnaqi\u015f\u0259nin h\u0259lli prosesi il\u0259 m\u0259\u015f\u011ful olsa da, he\u00e7 bir n\u0259tic\u0259 \u0259ld\u0259 edilm\u0259di, Az\u0259rbaycan&hellip;<\/p>\n","protected":false},"author":2,"featured_media":686411,"comment_status":"closed","ping_status":"closed","sticky":false,"template":"","format":"standard","meta":{"om_disable_all_campaigns":false,"_monsterinsights_skip_tracking":false,"_monsterinsights_sitenote_active":false,"_monsterinsights_sitenote_note":"","_monsterinsights_sitenote_category":0},"categories":[4],"tags":[],"aioseo_notices":[],"gutentor_comment":0,"rttpg_featured_image_url":{"full":["https:\/\/arantv.az\/wp-content\/uploads\/2024\/02\/47b507b785885b7657f1f666281fab56.jpg",750,422,false],"landscape":["https:\/\/arantv.az\/wp-content\/uploads\/2024\/02\/47b507b785885b7657f1f666281fab56.jpg",750,422,false],"portraits":["https:\/\/arantv.az\/wp-content\/uploads\/2024\/02\/47b507b785885b7657f1f666281fab56.jpg",750,422,false],"thumbnail":["https:\/\/arantv.az\/wp-content\/uploads\/2024\/02\/47b507b785885b7657f1f666281fab56-500x280.jpg",500,280,true],"medium":["https:\/\/arantv.az\/wp-content\/uploads\/2024\/02\/47b507b785885b7657f1f666281fab56-649x365.jpg",649,365,true],"large":["https:\/\/arantv.az\/wp-content\/uploads\/2024\/02\/47b507b785885b7657f1f666281fab56.jpg",640,360,false],"1536x1536":["https:\/\/arantv.az\/wp-content\/uploads\/2024\/02\/47b507b785885b7657f1f666281fab56.jpg",750,422,false],"2048x2048":["https:\/\/arantv.az\/wp-content\/uploads\/2024\/02\/47b507b785885b7657f1f666281fab56.jpg",750,422,false],"post-thumbnail":["https:\/\/arantv.az\/wp-content\/uploads\/2024\/02\/47b507b785885b7657f1f666281fab56-240x172.jpg",240,172,true],"advps-thumb-one":["https:\/\/arantv.az\/wp-content\/uploads\/2024\/02\/47b507b785885b7657f1f666281fab56.jpg",750,422,false]},"rttpg_author":{"display_name":"V\u00fcsal Rafiqo\u011flu","author_link":"https:\/\/arantv.az\/?author=2"},"rttpg_comment":0,"rttpg_category":"<a href=\"https:\/\/arantv.az\/?cat=4\" rel=\"category\">Siyas\u0259t<\/a>","rttpg_excerpt":"Prezident \u0130lham \u018fliyevin d\u00fcn\u0259n Parlamentl\u0259raras\u0131 \u0130ttifaq\u0131n ba\u015f katibi Martin \u00c7unqonqla g\u00f6r\u00fc\u015f\u00fc m\u00fch\u00fcm bir d\u00f6vr\u0259 t\u0259sad\u00fcf edirdi. Bildiyimiz kimi, Avropa \u015euras\u0131n\u0131n Parlament Assambleyas\u0131 bu g\u00fcnl\u0259rd\u0259 Az\u0259rbaycan\u0131 t\u0259msil ed\u0259n deputatlar\u0131n mandatlar\u0131n\u0131 t\u0259sdiq etm\u0259y\u0259k \u00f6lk\u0259miz\u0259 qar\u015f\u0131 c\u0259bh\u0259 a\u00e7\u0131b v\u0259 bu zaman b\u00f6y\u00fck haqs\u0131zl\u0131\u011fa yol verib. B\u00fct\u00fcn bunlara ali s\u0259viyy\u0259d\u0259 cavab verilm\u0259si laz\u0131m idi. Ona g\u00f6r\u0259 d\u0259 Az\u0259rbaycan\u0131n d\u00f6vl\u0259t&hellip;","_links":{"self":[{"href":"https:\/\/arantv.az\/index.php?rest_route=\/wp\/v2\/posts\/686410"}],"collection":[{"href":"https:\/\/arantv.az\/index.php?rest_route=\/wp\/v2\/posts"}],"about":[{"href":"https:\/\/arantv.az\/index.php?rest_route=\/wp\/v2\/types\/post"}],"author":[{"embeddable":true,"href":"https:\/\/arantv.az\/index.php?rest_route=\/wp\/v2\/users\/2"}],"replies":[{"embeddable":true,"href":"https:\/\/arantv.az\/index.php?rest_route=%2Fwp%2Fv2%2Fcomments&post=686410"}],"version-history":[{"count":0,"href":"https:\/\/arantv.az\/index.php?rest_route=\/wp\/v2\/posts\/686410\/revisions"}],"wp:featuredmedia":[{"embeddable":true,"href":"https:\/\/arantv.az\/index.php?rest_route=\/wp\/v2\/media\/686411"}],"wp:attachment":[{"href":"https:\/\/arantv.az\/index.php?rest_route=%2Fwp%2Fv2%2Fmedia&parent=686410"}],"wp:term":[{"taxonomy":"category","embeddable":true,"href":"https:\/\/arantv.az\/index.php?rest_route=%2Fwp%2Fv2%2Fcategories&post=686410"},{"taxonomy":"post_tag","embeddable":true,"href":"https:\/\/arantv.az\/index.php?rest_route=%2Fwp%2Fv2%2Ftags&post=686410"}],"curies":[{"name":"wp","href":"https:\/\/api.w.org\/{rel}","templated":true}]}}