{"id":686414,"date":"2024-02-02T15:00:25","date_gmt":"2024-02-02T11:00:25","guid":{"rendered":"https:\/\/arantv.az\/?p=686414"},"modified":"2024-02-02T15:00:25","modified_gmt":"2024-02-02T11:00:25","slug":"erm%c9%99nistanda-tarix-d%c9%99rsliyi-qalmaqali-d%c9%99rinl%c9%99sir-pasinyanin-c%c9%99za-masini-is%c9%99-dusub-s%c9%99rh-foto","status":"publish","type":"post","link":"https:\/\/arantv.az\/?p=686414","title":{"rendered":"Erm\u0259nistanda tarix d\u0259rsliyi qalmaqal\u0131 d\u0259rinl\u0259\u015fir: Pa\u015finyan\u0131n c\u0259za ma\u015f\u0131n\u0131 i\u015f\u0259 d\u00fc\u015f\u00fcb &#8211; \u015e\u018fRH + FOTO"},"content":{"rendered":"<p>Son aylar Erm\u0259nistan\u0131n siyasi v\u0259 ictimai m\u00fchitind\u0259 ba\u015f ver\u0259n prosesl\u0259ri izl\u0259y\u0259nd\u0259 ayd\u0131n olur ki, ba\u015f nazir Nikol Pa\u015finyan qar\u015f\u0131s\u0131na \u00f6lk\u0259y\u0259 \u0259m\u0259lli-ba\u015fl\u0131 \u201c\u0259l g\u0259zdirm\u0259k\u201d m\u0259qs\u0259dini qoyub. \u00c7\u0131x\u0131\u015flar\u0131nda gah gerbi t\u0259nqid ed\u0259n, gah yeni konstitusiyaya ehtiyac duyuldu\u011funu a\u00e7\u0131qlayan h\u00f6kum\u0259t ba\u015f\u00e7\u0131s\u0131n\u0131n \u0259slind\u0259 \u0259sas m\u0259qs\u0259dl\u0259rind\u0259n biri kils\u0259y\u0259 qar\u015f\u0131 a\u00e7\u0131lm\u0131\u015f gizli sava\u015f\u0131 qazanmaq h\u0259v\u0259sidir. T\u0259sad\u00fcfi deyil ki, son aylar erm\u0259ni d\u00f6vl\u0259tinin ictimai h\u0259yat\u0131 m\u0259kt\u0259bl\u0259rd\u0259 t\u0259dris edil\u0259n tarix d\u0259rsliyi qalmaqal\u0131 il\u0259 \u00e7alxalan\u0131r. \u018fslind\u0259 7 v\u0259 9-cu sinifl\u0259rin d\u0259rslikl\u0259rind\u0259 apar\u0131lan d\u0259yi\u015fiklikl\u0259r bir s\u0131ra m\u0259tl\u0259bl\u0259rd\u0259n x\u0259b\u0259r verir.<\/p>\n<p>Hakimiyy\u0259t\u0259 g\u0259ldiyi ilk g\u00fcnd\u0259n erm\u0259ni kils\u0259si il\u0259 g\u0259rginlik ya\u015fayan N.Pa\u015finyan h\u0259r f\u00fcrs\u0259td\u0259 \u00dc\u00e7kils\u0259ni (E\u00e7mi\u0259dzini) \u201cs\u0131nd\u0131rma\u011fa\u201d, s\u0259lahiyy\u0259tl\u0259rini m\u0259hdudla\u015fd\u0131rma\u011fa, n\u00fcfuzunu azaltma\u011fa \u00e7al\u0131\u015f\u0131r. El\u0259 yeni konstitusiyaya kils\u0259 bar\u0259d\u0259 madd\u0259nin sal\u0131nmamas\u0131n\u0131 arzulayan ba\u015f nazir t\u0259r\u0259fdarlar\u0131 vasit\u0259sil\u0259 fevral\u0131n 24-d\u0259 katalikos II Qareginin istefas\u0131 t\u0259l\u0259bi il\u0259 mitinq t\u0259\u015fkil etm\u0259yi planla\u015fd\u0131r\u0131r.<\/p>\n<p>Dig\u0259r t\u0259r\u0259fd\u0259n is\u0259 ba\u015f nazir Erm\u0259nistan m\u0259kt\u0259bl\u0259rind\u0259 t\u0259dris edil\u0259n tarix kitablar\u0131ndan \u201cErm\u0259ni kils\u0259sinin tarixi\u201d m\u00f6vzusunun \u00e7\u0131xar\u0131lmas\u0131na nail olub. Bu da kils\u0259 il\u0259 h\u00f6kum\u0259t aras\u0131nda u\u00e7urumun ciddi \u015f\u0259kild\u0259 d\u0259rinl\u0259\u015fdiyini g\u00f6st\u0259rir. Hadis\u0259l\u0259rin fonunda hakimiyy\u0259tin dikt\u0259si il\u0259 tarix kitablar\u0131n\u0131n b\u0259zil\u0259rinin ad\u0131 \u201cV\u0259t\u0259nim\u201d olaraq d\u0259yi\u015fdirilib. Maraql\u0131d\u0131r ki, 7-ci sinifl\u0259rin d\u0259rsliyin\u0259 sal\u0131nan x\u0259rit\u0259d\u0259 Qaraba\u011f Az\u0259rbaycan\u0131n s\u0259rh\u0259dl\u0259ri daxilind\u0259 g\u00f6st\u0259rilib. Bununla yana\u015f\u0131, d\u0259rslikl\u0259r\u0259 \u201cm\u0259xm\u0259ri inqilab\u201d m\u00f6vzusu \u0259lav\u0259 olunub, inqilab\u0131n simalar\u0131na x\u00fcsusi b\u00f6lm\u0259l\u0259r ayr\u0131l\u0131b.<\/p>\n<p><img src=\"https:\/\/cdn.oxu.az\/uploads\/W1siZiIsIjIwMjQvMDIvMDIvMTMvMjcvMjMvM2FkMjU3ODktYTVjNS00MTcwLWEyNjctZTExNTljNWUwNjlhL1NjcmVlbnNob3QgMjAyNC0wMi0wMiAxMzI2NTMucG5nIl0sWyJwIiwiZW5jb2RlIiwianBnIiwiLXF1YWxpdHkgODAiXSxbInAiLCJ0aHVtYiIsIjU5MHg1OTBcdTAwM2UiXV0?sha=d69f2408ef02ce76\" alt=\"\" \/><\/p>\n<p>Kils\u0259 il\u0259 m\u00fcnasib\u0259tl\u0259ri k\u0259skin olan N.Pa\u015finyan\u0131n g\u00f6st\u0259ri\u015fi il\u0259 art\u0131q bir s\u0131ra sinifl\u0259r \u00fc\u00e7\u00fcn n\u0259z\u0259rd\u0259 tutulan \u201cErm\u0259ni tarixi\u201d kitab\u0131n\u0131n ad\u0131 d\u0259yi\u015fdiril\u0259r\u0259k \u201cErm\u0259nistan tarixi\u201d adland\u0131r\u0131l\u0131b. H\u0259min q\u0259rar is\u0259 c\u0259miyy\u0259td\u0259, x\u00fcsus\u0259n d\u0259 E\u00e7mi\u0259dzind\u0259 ciddi rezonans do\u011furub. D\u0259rslik \u00fcz\u0259rind\u0259 i\u015fl\u0259y\u0259n ekspertl\u0259rin etiraf\u0131na g\u00f6r\u0259, \u201cErm\u0259ni tarixi\u201d siyasi tarix deyil, \u0259fsan\u0259l\u0259r toplusu oldu\u011fu \u00fc\u00e7\u00fcn ondan imtina etm\u0259yin vaxt\u0131 \u00e7at\u0131b. Bu kitabda \u00e7oxlu s\u0259hvl\u0259r var v\u0259 m\u0259kt\u0259blil\u0259r\u0259 a\u015f\u0131lanan bilgil\u0259r\u0259 \u0259sas\u0259n, q\u0259dim v\u0259 orta \u0259srl\u0259rd\u0259 erm\u0259nil\u0259r \u00e7ox g\u00fccl\u00fc v\u0259 yax\u015f\u0131 olub, dig\u0259r b\u00fct\u00fcn mill\u0259tl\u0259r is\u0259 pis v\u0259 z\u0259if.<\/p>\n<p>Bel\u0259 bir absurdun 30 il ard\u0131c\u0131l olaraq t\u0259dris edildiyini n\u0259z\u0259r\u0259 alsaq, erm\u0259ni c\u0259miyy\u0259tinin hans\u0131 x\u0259st\u0259likd\u0259n v\u0259 niy\u0259 \u0259ziyy\u0259t \u00e7\u0259kdiyi anla\u015f\u0131lar.<\/p>\n<p>Erm\u0259ni kils\u0259si \u0259slind\u0259 h\u00fccumlar\u0131n ona qar\u015f\u0131 y\u00f6n\u0259ldiyini anlad\u0131\u011f\u0131 \u00fc\u00e7\u00fcn h\u0259r\u0259k\u0259t\u0259 ke\u00e7ib. \u0130lk olaraq E\u00e7mi\u0259dzinin T\u0259dris Komit\u0259si t\u0259hsil naziri Janna Andreasyana m\u0259ktub g\u00f6nd\u0259r\u0259r\u0259k, \u201cErm\u0259ni tarixi\u201d f\u0259nninin 7-ci sinif d\u0259rsliyinin haz\u0131rlanmas\u0131 prosesind\u0259 v\u0259 m\u0259zmununda bir s\u0131ra n\u00f6qsan v\u0259 s\u0259hvl\u0259rin olmas\u0131 bar\u0259d\u0259 x\u0259b\u0259rdarl\u0131q edib. Bundan \u0259lav\u0259, kils\u0259 \u00f6z r\u0131\u00e7aqlar\u0131n\u0131 i\u015f\u0259 salaraq, m\u00fcxt\u0259lif \u015f\u0259xsl\u0259r vasit\u0259sil\u0259 h\u00f6kum\u0259tin bu q\u0259rar\u0131n\u0131 t\u0259nqid ed\u0259r\u0259k ictimaiyy\u0259ti \u201cayd\u0131nlatmaq\u201d q\u0259rar\u0131na g\u0259lib. M\u0259s\u0259l\u0259n, tarix elml\u0259ri doktoru Hayk Demoyan da nazir\u0259 m\u0259ktub yaz\u0131b, etiraz\u0131n\u0131 bildirib. Bundan \u0259lav\u0259, \u201cTr\u00e9sors d&#8217;Arm\u00e9nie\u201d Erm\u0259ni Assosiasiyas\u0131n\u0131n t\u0259hsil departamentinin direktoru Anqela Arutyunyan da m\u0259s\u0259l\u0259 il\u0259 ba\u011fl\u0131 dan\u0131\u015f\u0131b. O, d\u0259rsliyin m\u00fc\u0259llifi Smbat Hovhannisyan\u0131 t\u0259nqid edib v\u0259 s\u0259hvl\u0259r\u0259 yol verdiyini vur\u011fulay\u0131b. Tarix elml\u0259ri doktoru, qondarma Erm\u0259ni Soyq\u0131r\u0131m\u0131 Muzey-\u0130nstitutunun ke\u00e7mi\u015f direktoru Hayk Demoyan is\u0259 bildirib ki, d\u0259rslik v\u0259saitinin haz\u0131rlanmas\u0131 \u00fc\u00e7\u00fcn redaksiya hey\u0259ti yarad\u0131lmay\u0131b, m\u00fcxt\u0259lif tarixi d\u00f6vrl\u0259rl\u0259 ba\u011fl\u0131 m\u00fct\u0259x\u0259ssisl\u0259r c\u0259lb olunmay\u0131b. Tarix\u00e7i \u00fc\u00e7\u00fcn bu fakt t\u0259kc\u0259 t\u0259\u0259cc\u00fcb deyil, h\u0259m d\u0259 qorxu yarad\u0131r.<\/p>\n<p><img src=\"https:\/\/cdn.oxu.az\/uploads\/W1siZiIsIjIwMjQvMDIvMDIvMTMvMjcvMjMvMTM4MmQzMjQtMDVkZi00NGM3LThkOTEtY2MyZGFhNmNiMTc2L1NjcmVlbnNob3QgMjAyNC0wMi0wMiAxMzI2NTgucG5nIl0sWyJwIiwiZW5jb2RlIiwianBnIiwiLXF1YWxpdHkgODAiXSxbInAiLCJ0aHVtYiIsIjU5MHg1OTBcdTAwM2UiXV0?sha=894e78169138007e\" alt=\"\" \/><\/p>\n<p>\u201cErebuni\u201d Tarix-Arxeoloji Muzey-Qoru\u011funun direktoru, urartoloq Mikael Badalyan bildirib ki, kitabda f\u0259rziyy\u0259l\u0259r\u0259 \u00e7ox yer ayr\u0131l\u0131b v\u0259 \u00e7ox vaxt m\u00fctl\u0259q h\u0259qiq\u0259tl\u0259r kimi t\u0259qdim olunub. O, problemi h\u0259m d\u0259 onda g\u00f6r\u00fcr ki, d\u0259rsliyi bir n\u0259f\u0259r yaz\u0131b v\u0259 m\u00fc\u0259llif Erm\u0259nistan tarixinin deyil, d\u00fcnya tarixinin m\u00fct\u0259x\u0259ssisidir.<\/p>\n<p>T\u0259nqid\u00e7il\u0259r s\u0131ras\u0131na kils\u0259nin sifari\u015fi il\u0259 son olaraq ke\u00e7mi\u015f \u0259dliyy\u0259 naziri Qevorq Danielyan da qo\u015fulub. O, daha da ir\u0259li ged\u0259r\u0259k ba\u015f ver\u0259n hadis\u0259ni erm\u0259ni d\u00f6vl\u0259t\u00e7iliyind\u0259n imtina kimi d\u0259y\u0259rl\u0259ndirib.<\/p>\n<p>Bundan \u0259lav\u0259, m\u00fcxalif\u0259tin d\u0259 m\u00fcxt\u0259lif simalar\u0131, m\u00fc\u0259yy\u0259n \u015f\u0259rq\u015f\u00fcnas v\u0259 politoloqlar, aliml\u0259r d\u0259 kils\u0259nin s\u0259sin\u0259 s\u0259s ver\u0259r\u0259k t\u0259nqid ax\u0131n\u0131na qo\u015fulublar. M\u0259s\u0259l\u0259 buras\u0131ndad\u0131r ki, i\u015fin mahiyy\u0259tini bilm\u0259d\u0259n, a\u011f\u0131na-bozuna s\u0259sl\u0259ndiril\u0259n b\u0259yanatlar erm\u0259ni c\u0259miyy\u0259tind\u0259 ciddi \u00e7a\u015fq\u0131nl\u0131\u011fa s\u0259b\u0259b olub. M\u0259s\u0259l\u0259nin k\u00f6k\u00fc is\u0259 \u201cErm\u0259ni tarixi\u201d s\u00f6z\u00fcn\u00fcn \u201cErm\u0259nistan tarixi\u201d termini il\u0259 \u0259v\u0259z olunmas\u0131d\u0131r. M\u0259s\u0259l\u0259 buras\u0131ndad\u0131r ki, bu add\u0131m\u0131 il\u0259 Pa\u015finyan d\u00f6vl\u0259tin kils\u0259d\u0259n \u00fcst\u00fcn oldu\u011funu bir daha E\u00e7mi\u0259dzin rahibl\u0259rinin diqq\u0259tin\u0259 \u00e7atd\u0131r\u0131r. H\u0259m d\u0259 erm\u0259ni kimliyinin kils\u0259 t\u0259r\u0259find\u0259n qorundu\u011funu v\u0259 vahid tandem t\u0259\u015fkil etdiyini n\u0259z\u0259r\u0259 alsaq, s\u0131rf \u201cerm\u0259ni\u201d s\u00f6z\u00fcn\u00fcn kitablar\u0131n \u00fcz\u00fcnd\u0259n y\u0131\u011f\u0131\u015fd\u0131rma s\u0259b\u0259bi ayd\u0131n olar.<\/p>\n<p><img src=\"https:\/\/cdn.oxu.az\/uploads\/W1siZiIsIjIwMjQvMDIvMDIvMTMvMjcvMjMvM2Q2NTJjN2ItYWM2ZC00OWQ4LTg2OTQtZGQ2Y2M4MjVhZWM1L1NjcmVlbnNob3QgMjAyNC0wMi0wMiAxMzI3MDMucG5nIl0sWyJwIiwiZW5jb2RlIiwianBnIiwiLXF1YWxpdHkgODAiXSxbInAiLCJ0aHVtYiIsIjU5MHg1OTBcdTAwM2UiXV0?sha=deeed6289cc66691\" alt=\"\" \/><\/p>\n<p>Amma ba\u015f ver\u0259n qalmaqal s\u0259ngim\u0259k bilmir v\u0259 kils\u0259 yenid\u0259n h\u0259r\u0259k\u0259t\u0259 ke\u00e7\u0259r\u0259k, tarix d\u0259rsliyi il\u0259 ba\u011fl\u0131 m\u00fczakir\u0259l\u0259r\u0259 d\u0259 start verib. M\u00fczakir\u0259l\u0259rd\u0259 m\u00fcxt\u0259lif m\u00fct\u0259x\u0259ssisl\u0259r, aliml\u0259r, t\u0259hsil strukturlar\u0131n\u0131n n\u00fcmay\u0259nd\u0259l\u0259ri i\u015ftirak edibl\u0259r. Bildirilib ki, s\u00f6z\u00fcged\u0259n m\u0259kt\u0259b d\u0259rsliyind\u0259 kobud konseptual, metodik, elmi, o c\u00fcml\u0259d\u0259n kils\u0259-elmi v\u0259 dig\u0259r \u0259sas s\u0259hv v\u0259 \u00e7at\u0131\u015fmazl\u0131qlar var. D\u0259rslikd\u0259 milli, d\u00f6vl\u0259t v\u0259 m\u0259n\u0259vi h\u0259yat\u0131n \u0259n m\u00fch\u00fcm tarixi hadis\u0259l\u0259ri, obraz v\u0259 r\u0259mzl\u0259ri obyektiv v\u0259 adekvat \u015f\u0259kild\u0259 t\u0259qdim olunmamas\u0131 d\u0259rin narahatl\u0131qla qeyd olunub. M\u00fczakir\u0259 i\u015ftirak\u00e7\u0131lar\u0131 s\u0259sl\u0259n\u0259n iradlara \u0259saslanaraq vur\u011fulay\u0131blar ki, bu d\u0259rslik t\u0259hrif olunmu\u015f v\u0259 yanl\u0131\u015f \u015f\u0259kild\u0259 t\u0259dris olunarsa, n\u0259sill\u0259rin milli t\u0259rbiy\u0259si v\u0259 t\u0259hsili kimi \u0259n m\u00fch\u00fcm missiya pozulacaq. T\u0259dbirin i\u015ftirak\u00e7\u0131lar\u0131 t\u0259hsil nazirliyind\u0259n yeni v\u0259saitin haz\u0131rlanmas\u0131 \u00fc\u00e7\u00fcn tarix\u00e7il\u0259ri, kils\u0259 xadiml\u0259rini v\u0259 dig\u0259r elm adamlar\u0131n\u0131 d\u0259v\u0259t etm\u0259yi t\u0259l\u0259b edibl\u0259r.<\/p>\n<p>S\u0259sl\u0259n\u0259n t\u0259nqidl\u0259r d\u0259 t\u0259bii ki, hakim partiya t\u0259r\u0259find\u0259n diqq\u0259tl\u0259 izl\u0259nib. T\u0259sad\u00fcfi deyil ki, t\u0259nqidl\u0259rin ard\u0131-aras\u0131 k\u0259silm\u0259diyi v\u0259 h\u0259r g\u00fcn s\u0131raya yenil\u0259rinin \u0259lav\u0259 edildiyi bir d\u00f6vrd\u0259 N.Pa\u015finyan\u0131n c\u0259za ma\u015f\u0131n\u0131 i\u015f\u0259 d\u00fc\u015f\u00fcb. M\u0259lum olub ki, mart\u0131n 27-d\u0259 Milli T\u0259hsil v\u0259 \u0130nnovasiyan\u0131n \u0130nki\u015faf\u0131 M\u0259rk\u0259zinin \u015f\u00f6b\u0259l\u0259rind\u0259n biri ba\u011flanacaq. \u015e\u00f6b\u0259 m\u00fcdiri v\u0259zif\u0259sini icra ed\u0259n tarix elml\u0259ri \u00fczr\u0259 f\u0259ls\u0259f\u0259 doktoru Arman Maloyan v\u0259 9 \u0259m\u0259kda\u015f\u0131 i\u015fsiz qalacaq. M\u0259s\u0259l\u0259 buras\u0131ndad\u0131r ki, d\u0259rslikl\u0259 ba\u011fl\u0131 k\u0259skin t\u0259nqid s\u0259sl\u0259ndir\u0259nl\u0259rd\u0259n biri d\u0259 m\u0259hz Arman Maloyan olub. Bir fakt\u0131 da n\u0259z\u0259r\u0259 almaq laz\u0131md\u0131r ki, \u015f\u00f6b\u0259 \u0259m\u0259kda\u015flar\u0131ndan biri daha \u0259vv\u0259ll\u0259r qeyri-adekvat elmi s\u0259viyy\u0259d\u0259 yaz\u0131ld\u0131\u011f\u0131 \u00fc\u00e7\u00fcn z\u0259man\u0259tli d\u0259rslikl\u0259r siyah\u0131s\u0131ndan \u00e7\u0131xar\u0131lan 7-ci sinif \u00fc\u00e7\u00fcn \u201cErm\u0259nistan tarixi\u201d adl\u0131 dig\u0259r d\u0259rsliyin h\u0259mm\u00fc\u0259llifidir.<\/p>\n<p><img src=\"https:\/\/cdn.oxu.az\/uploads\/W1siZiIsIjIwMjQvMDIvMDIvMTMvMjcvMjMvMTczNjVhNzgtNGJhZi00NzM2LWEzM2QtMWY2MGViNjlmNjQ3L1NjcmVlbnNob3QgMjAyNC0wMi0wMiAxMzI3MDcucG5nIl0sWyJwIiwiZW5jb2RlIiwianBnIiwiLXF1YWxpdHkgODAiXSxbInAiLCJ0aHVtYiIsIjU5MHg1OTBcdTAwM2UiXV0?sha=5e7f222b84c155ff\" alt=\"\" \/><\/p>\n<p>Bununla bel\u0259, etirazlar s\u0259ngimir v\u0259 \u201cT\u0259hrif olunmu\u015f d\u0259rsliyi alaq otlar\u0131ndan t\u0259mizl\u0259yin\u201d adl\u0131 T\u0259\u015f\u0259bb\u00fcs Qrupu T\u0259hsil Nazirliyinin qar\u015f\u0131s\u0131nda Janna Andreasyan\u0131n istefas\u0131 t\u0259l\u0259bi il\u0259 etiraz aksiyas\u0131 ke\u00e7irib. Bu t\u0259\u015f\u0259bb\u00fcs\u0259 Erm\u0259nistan Xalq H\u0259r\u0259kat\u0131n\u0131n koordinatoru Vazgen Petrosyan, deputat Larisa Alaverdyan, \u201cZartnok\u201d q\u0259zetinin redaktoru Sevak Akopyan kimi simalar da qo\u015fulub. M\u0259lumata g\u00f6r\u0259, t\u0259hsil naziri istefa ver\u0259n\u0259 q\u0259d\u0259r davaml\u0131 etiraz aksiyalar\u0131 ke\u00e7iril\u0259c\u0259k.<\/p>\n<p>Art\u0131q \u0130r\u0259van D\u00f6vl\u0259t Universitetinin Tarix fak\u00fclt\u0259si d\u0259 kils\u0259nin ba\u015flatd\u0131\u011f\u0131 kampaniyaya r\u0259sm\u0259n qo\u015fulub. M\u00fc\u0259llim hey\u0259ti d\u0259rsliyin ad\u0131n\u0131n d\u0259yi\u015fdirilm\u0259sind\u0259n narahat oldu\u011funu bildirib v\u0259 m\u0259s\u0259l\u0259d\u0259 siyasi motivl\u0259r oldu\u011funu xat\u0131rlad\u0131b.<\/p>\n<p>G\u00f6r\u00fcn\u0259n odur ki, Erm\u0259nistanda \u201cM\u00fclki m\u00fcqavil\u0259\u201d v\u0259 kils\u0259 aras\u0131nda qar\u015f\u0131durma yeni m\u0259rh\u0259l\u0259y\u0259 q\u0259d\u0259m qoyub. T\u0259r\u0259fl\u0259r bir-birini m\u00fcxt\u0259lif m\u0259s\u0259l\u0259l\u0259rd\u0259 ittiham etm\u0259kl\u0259 yana\u015f\u0131, \u0259ll\u0259rind\u0259 olan r\u0131\u00e7aqlardan tam istifad\u0259 etm\u0259kd\u0259n \u00e7\u0259kinmirl\u0259r. N.Pa\u015finyan c\u0259za ma\u015f\u0131n\u0131n\u0131 i\u015f\u0259 sal\u0131r, kils\u0259 is\u0259 n\u00fcfuzundan istifad\u0259 ed\u0259r\u0259k, m\u00fcxt\u0259lif \u015f\u0259xsl\u0259ri, qurumlar\u0131 d\u00f6vl\u0259t\u0259 qar\u015f\u0131 qald\u0131r\u0131r. Haz\u0131rda erm\u0259ni d\u00f6vl\u0259tind\u0259 din-d\u00f6vl\u0259t qar\u015f\u0131durmas\u0131 kifay\u0259t q\u0259d\u0259r d\u0259rinl\u0259\u015fib. Hadis\u0259l\u0259rin gedi\u015fat\u0131 hans\u0131 t\u0259r\u0259fin qalib g\u0259l\u0259c\u0259yini g\u00f6st\u0259r\u0259c\u0259k.<\/p>\n<p><strong>\u201cReport\u201d \u0130nformasiya Agentliyi<\/strong><\/p>\n","protected":false},"excerpt":{"rendered":"<p>Son aylar Erm\u0259nistan\u0131n siyasi v\u0259 ictimai m\u00fchitind\u0259 ba\u015f ver\u0259n prosesl\u0259ri izl\u0259y\u0259nd\u0259 ayd\u0131n olur ki, ba\u015f nazir Nikol Pa\u015finyan qar\u015f\u0131s\u0131na \u00f6lk\u0259y\u0259 \u0259m\u0259lli-ba\u015fl\u0131 \u201c\u0259l g\u0259zdirm\u0259k\u201d m\u0259qs\u0259dini qoyub. \u00c7\u0131x\u0131\u015flar\u0131nda gah gerbi t\u0259nqid ed\u0259n, gah yeni konstitusiyaya ehtiyac duyuldu\u011funu a\u00e7\u0131qlayan h\u00f6kum\u0259t ba\u015f\u00e7\u0131s\u0131n\u0131n \u0259slind\u0259 \u0259sas m\u0259qs\u0259dl\u0259rind\u0259n biri kils\u0259y\u0259 qar\u015f\u0131 a\u00e7\u0131lm\u0131\u015f gizli sava\u015f\u0131 qazanmaq h\u0259v\u0259sidir. T\u0259sad\u00fcfi deyil ki, son aylar erm\u0259ni d\u00f6vl\u0259tinin ictimai h\u0259yat\u0131 m\u0259kt\u0259bl\u0259rd\u0259 t\u0259dris edil\u0259n tarix d\u0259rsliyi qalmaqal\u0131 il\u0259 \u00e7alxalan\u0131r. \u018fslind\u0259 7 v\u0259 9-cu sinifl\u0259rin d\u0259rslikl\u0259rind\u0259 apar\u0131lan d\u0259yi\u015fiklikl\u0259r bir s\u0131ra m\u0259tl\u0259bl\u0259rd\u0259n x\u0259b\u0259r verir. Hakimiyy\u0259t\u0259 g\u0259ldiyi ilk g\u00fcnd\u0259n erm\u0259ni kils\u0259si il\u0259 g\u0259rginlik ya\u015fayan N.Pa\u015finyan h\u0259r&hellip;<\/p>\n","protected":false},"author":2,"featured_media":686415,"comment_status":"closed","ping_status":"closed","sticky":false,"template":"","format":"standard","meta":{"om_disable_all_campaigns":false,"_monsterinsights_skip_tracking":false,"_monsterinsights_sitenote_active":false,"_monsterinsights_sitenote_note":"","_monsterinsights_sitenote_category":0},"categories":[4],"tags":[],"aioseo_notices":[],"gutentor_comment":0,"rttpg_featured_image_url":{"full":["https:\/\/arantv.az\/wp-content\/uploads\/2024\/02\/38290b62-825a-3547-b32c-e7e234e53fc7_850.jpg",620,413,false],"landscape":["https:\/\/arantv.az\/wp-content\/uploads\/2024\/02\/38290b62-825a-3547-b32c-e7e234e53fc7_850.jpg",620,413,false],"portraits":["https:\/\/arantv.az\/wp-content\/uploads\/2024\/02\/38290b62-825a-3547-b32c-e7e234e53fc7_850.jpg",620,413,false],"thumbnail":["https:\/\/arantv.az\/wp-content\/uploads\/2024\/02\/38290b62-825a-3547-b32c-e7e234e53fc7_850-500x280.jpg",500,280,true],"medium":["https:\/\/arantv.az\/wp-content\/uploads\/2024\/02\/38290b62-825a-3547-b32c-e7e234e53fc7_850-548x365.jpg",548,365,true],"large":["https:\/\/arantv.az\/wp-content\/uploads\/2024\/02\/38290b62-825a-3547-b32c-e7e234e53fc7_850.jpg",620,413,false],"1536x1536":["https:\/\/arantv.az\/wp-content\/uploads\/2024\/02\/38290b62-825a-3547-b32c-e7e234e53fc7_850.jpg",620,413,false],"2048x2048":["https:\/\/arantv.az\/wp-content\/uploads\/2024\/02\/38290b62-825a-3547-b32c-e7e234e53fc7_850.jpg",620,413,false],"post-thumbnail":["https:\/\/arantv.az\/wp-content\/uploads\/2024\/02\/38290b62-825a-3547-b32c-e7e234e53fc7_850-240x172.jpg",240,172,true],"advps-thumb-one":["https:\/\/arantv.az\/wp-content\/uploads\/2024\/02\/38290b62-825a-3547-b32c-e7e234e53fc7_850.jpg",620,413,false]},"rttpg_author":{"display_name":"V\u00fcsal Rafiqo\u011flu","author_link":"https:\/\/arantv.az\/?author=2"},"rttpg_comment":0,"rttpg_category":"<a href=\"https:\/\/arantv.az\/?cat=4\" rel=\"category\">Siyas\u0259t<\/a>","rttpg_excerpt":"Son aylar Erm\u0259nistan\u0131n siyasi v\u0259 ictimai m\u00fchitind\u0259 ba\u015f ver\u0259n prosesl\u0259ri izl\u0259y\u0259nd\u0259 ayd\u0131n olur ki, ba\u015f nazir Nikol Pa\u015finyan qar\u015f\u0131s\u0131na \u00f6lk\u0259y\u0259 \u0259m\u0259lli-ba\u015fl\u0131 \u201c\u0259l g\u0259zdirm\u0259k\u201d m\u0259qs\u0259dini qoyub. \u00c7\u0131x\u0131\u015flar\u0131nda gah gerbi t\u0259nqid ed\u0259n, gah yeni konstitusiyaya ehtiyac duyuldu\u011funu a\u00e7\u0131qlayan h\u00f6kum\u0259t ba\u015f\u00e7\u0131s\u0131n\u0131n \u0259slind\u0259 \u0259sas m\u0259qs\u0259dl\u0259rind\u0259n biri kils\u0259y\u0259 qar\u015f\u0131 a\u00e7\u0131lm\u0131\u015f gizli sava\u015f\u0131 qazanmaq h\u0259v\u0259sidir. T\u0259sad\u00fcfi deyil ki, son aylar erm\u0259ni&hellip;","_links":{"self":[{"href":"https:\/\/arantv.az\/index.php?rest_route=\/wp\/v2\/posts\/686414"}],"collection":[{"href":"https:\/\/arantv.az\/index.php?rest_route=\/wp\/v2\/posts"}],"about":[{"href":"https:\/\/arantv.az\/index.php?rest_route=\/wp\/v2\/types\/post"}],"author":[{"embeddable":true,"href":"https:\/\/arantv.az\/index.php?rest_route=\/wp\/v2\/users\/2"}],"replies":[{"embeddable":true,"href":"https:\/\/arantv.az\/index.php?rest_route=%2Fwp%2Fv2%2Fcomments&post=686414"}],"version-history":[{"count":0,"href":"https:\/\/arantv.az\/index.php?rest_route=\/wp\/v2\/posts\/686414\/revisions"}],"wp:featuredmedia":[{"embeddable":true,"href":"https:\/\/arantv.az\/index.php?rest_route=\/wp\/v2\/media\/686415"}],"wp:attachment":[{"href":"https:\/\/arantv.az\/index.php?rest_route=%2Fwp%2Fv2%2Fmedia&parent=686414"}],"wp:term":[{"taxonomy":"category","embeddable":true,"href":"https:\/\/arantv.az\/index.php?rest_route=%2Fwp%2Fv2%2Fcategories&post=686414"},{"taxonomy":"post_tag","embeddable":true,"href":"https:\/\/arantv.az\/index.php?rest_route=%2Fwp%2Fv2%2Ftags&post=686414"}],"curies":[{"name":"wp","href":"https:\/\/api.w.org\/{rel}","templated":true}]}}