{"id":686426,"date":"2024-02-02T15:47:13","date_gmt":"2024-02-02T11:47:13","guid":{"rendered":"https:\/\/arantv.az\/?p=686426"},"modified":"2024-02-02T15:47:13","modified_gmt":"2024-02-02T11:47:13","slug":"prezidentin-t%c9%99ltif-etdiyi-r%c9%99van%c9%99-agamirova-danisdi-%c9%99n-boyuk-arzum-video","status":"publish","type":"post","link":"https:\/\/arantv.az\/?p=686426","title":{"rendered":"Prezidentin t\u0259ltif etdiyi R\u0259van\u0259 A\u011famirova dan\u0131\u015fd\u0131: \u018fn b\u00f6y\u00fck arzum&#8230; &#8211; V\u0130DEO"},"content":{"rendered":"<p>Prezident\u00a0<strong>\u0130lham \u018fliyevin<\/strong>\u00a0s\u0259r\u0259ncam\u0131 il\u0259 d\u00fcn\u0259n bir qrup g\u0259nc\u0259 Prezident m\u00fckafat\u0131 verilib. Bu m\u00fckafata layiq g\u00f6r\u00fcl\u0259nl\u0259r aras\u0131nda ifa\u00e7\u0131l\u0131q istedad\u0131 il\u0259 se\u00e7il\u0259n R\u0259van\u0259 Seymur q\u0131z\u0131 A\u011famirova\u00a0da var.<\/p>\n<p>Anadang\u0259lm\u0259 g\u00f6rm\u0259 m\u0259hdudiyy\u0259ti il\u0259 I d\u0259r\u0259c\u0259 g\u00f6zd\u0259n \u0259lilliyi olan R\u0259van\u0259 A\u011famirova yarad\u0131c\u0131l\u0131q m\u00fcsabiq\u0259l\u0259rind\u0259, festivallarda h\u0259mi\u015f\u0259 istedad\u0131 il\u0259 f\u0259rql\u0259nib.<\/p>\n<p>O, 2005-ci ild\u0259 \u0130smay\u0131ll\u0131 rayonunda anadan olub. Bir m\u00fcdd\u0259t \u0259vv\u0259l \u201cAy La\u00e7\u0131n\u201d mahn\u0131s\u0131n\u0131 oxuyaraq q\u0259lbl\u0259ri f\u0259th edib.<\/p>\n<p>\u201cModern\u201d\u0259 dan\u0131\u015fan R\u0259van\u0259 A\u011famirova bu m\u00fckafata layiq g\u00f6r\u00fcld\u00fcy\u00fc \u00fc\u00e7\u00fcn Prezident\u0259 t\u0259\u015f\u0259kk\u00fcr edib:<\/p>\n<p>\u201cM\u0259n 2005-ci ild\u0259 d\u00fcnyaya g\u0259lmi\u015f\u0259m. \u0130smay\u0131ll\u0131 rayonunun Tal\u0131\u015f k\u0259ndind\u0259 anadan olmu\u015fam. Xan\u0259nd\u0259lik \u00fczr\u0259 t\u0259hsil al\u0131ram. \u00c7ox sevinir\u0259m. Sevincimin h\u0259ddi-h\u00fcdudu yoxdur. L\u0259nk\u0259ran g\u0259ncl\u0259r \u015f\u0259h\u0259ri elan olundu\u011funa g\u00f6r\u0259 m\u00fckafatland\u0131rma orada olacaq, &#8211; dey\u0259 o bildirib.<\/p>\n<p>R\u0259van\u0259 bir ild\u0259n \u00e7oxdur ki, DOST \u0130nkl\u00fcziv \u0130nki\u015faf v\u0259 Yarad\u0131c\u0131l\u0131q M\u0259rk\u0259zinin benefisiar\u0131d\u0131r:<\/p>\n<p>\u201cBir ild\u0259n \u00e7oxdur ki, orada benefisiar kimi f\u0259aliyy\u0259t g\u00f6st\u0259rib, t\u0259lim al\u0131ram.\u00a0 M\u00fc\u0259lliml\u0259rim\u0259, x\u00fcsus\u0259n d\u0259 m\u0259nim \u0259ziyy\u0259timi \u00e7\u0259k\u0259n m\u00fc\u0259llim\u0259m, vokalist Humay Aslanovaya t\u0259\u015f\u0259kk\u00fcr edir\u0259m\u201d.<\/p>\n<p>O\u00a0bundan sonrak\u0131 m\u0259qs\u0259dl\u0259rind\u0259n d\u0259 dan\u0131\u015f\u0131b:<\/p>\n<p>\u201cBundan sonrak\u0131 f\u0259aliyy\u0259timd\u0259 \u0259sas m\u0259qs\u0259dim\u00a0konservatoriyan\u0131 bitirib, hans\u0131sa t\u0259hsil m\u00fc\u0259ssis\u0259sind\u0259 i\u015fl\u0259m\u0259kdir. Haz\u0131rda m\u0259nim \u0259n b\u00f6y\u00fck ist\u0259yim budur\u201d.<\/p>\n<div><iframe loading=\"lazy\" id=\"telegram-post-oxuaze-79511\" src=\"https:\/\/t.me\/oxuaze\/79511?embed=1\" width=\"100%\" height=\"\" frameborder=\"0\" scrolling=\"no\" data-mce-fragment=\"1\"><\/iframe><\/div>\n<p>&nbsp;<\/p>\n","protected":false},"excerpt":{"rendered":"<p>Prezident\u00a0\u0130lham \u018fliyevin\u00a0s\u0259r\u0259ncam\u0131 il\u0259 d\u00fcn\u0259n bir qrup g\u0259nc\u0259 Prezident m\u00fckafat\u0131 verilib. Bu m\u00fckafata layiq g\u00f6r\u00fcl\u0259nl\u0259r aras\u0131nda ifa\u00e7\u0131l\u0131q istedad\u0131 il\u0259 se\u00e7il\u0259n R\u0259van\u0259 Seymur q\u0131z\u0131 A\u011famirova\u00a0da var. Anadang\u0259lm\u0259 g\u00f6rm\u0259 m\u0259hdudiyy\u0259ti il\u0259 I d\u0259r\u0259c\u0259 g\u00f6zd\u0259n \u0259lilliyi olan R\u0259van\u0259 A\u011famirova yarad\u0131c\u0131l\u0131q m\u00fcsabiq\u0259l\u0259rind\u0259, festivallarda h\u0259mi\u015f\u0259 istedad\u0131 il\u0259 f\u0259rql\u0259nib. O, 2005-ci ild\u0259 \u0130smay\u0131ll\u0131 rayonunda anadan olub. Bir m\u00fcdd\u0259t \u0259vv\u0259l \u201cAy La\u00e7\u0131n\u201d mahn\u0131s\u0131n\u0131 oxuyaraq q\u0259lbl\u0259ri f\u0259th edib. \u201cModern\u201d\u0259 dan\u0131\u015fan R\u0259van\u0259 A\u011famirova bu m\u00fckafata layiq g\u00f6r\u00fcld\u00fcy\u00fc \u00fc\u00e7\u00fcn Prezident\u0259 t\u0259\u015f\u0259kk\u00fcr edib: \u201cM\u0259n 2005-ci ild\u0259 d\u00fcnyaya g\u0259lmi\u015f\u0259m. \u0130smay\u0131ll\u0131 rayonunun Tal\u0131\u015f k\u0259ndind\u0259 anadan olmu\u015fam. Xan\u0259nd\u0259lik \u00fczr\u0259 t\u0259hsil al\u0131ram. \u00c7ox sevinir\u0259m. Sevincimin h\u0259ddi-h\u00fcdudu&hellip;<\/p>\n","protected":false},"author":2,"featured_media":686427,"comment_status":"closed","ping_status":"closed","sticky":false,"template":"","format":"standard","meta":{"om_disable_all_campaigns":false,"_monsterinsights_skip_tracking":false,"_monsterinsights_sitenote_active":false,"_monsterinsights_sitenote_note":"","_monsterinsights_sitenote_category":0},"categories":[1],"tags":[],"aioseo_notices":[],"gutentor_comment":0,"rttpg_featured_image_url":{"full":["https:\/\/arantv.az\/wp-content\/uploads\/2024\/02\/FotoJet-71.jpg",620,413,false],"landscape":["https:\/\/arantv.az\/wp-content\/uploads\/2024\/02\/FotoJet-71.jpg",620,413,false],"portraits":["https:\/\/arantv.az\/wp-content\/uploads\/2024\/02\/FotoJet-71.jpg",620,413,false],"thumbnail":["https:\/\/arantv.az\/wp-content\/uploads\/2024\/02\/FotoJet-71-500x280.jpg",500,280,true],"medium":["https:\/\/arantv.az\/wp-content\/uploads\/2024\/02\/FotoJet-71-548x365.jpg",548,365,true],"large":["https:\/\/arantv.az\/wp-content\/uploads\/2024\/02\/FotoJet-71.jpg",620,413,false],"1536x1536":["https:\/\/arantv.az\/wp-content\/uploads\/2024\/02\/FotoJet-71.jpg",620,413,false],"2048x2048":["https:\/\/arantv.az\/wp-content\/uploads\/2024\/02\/FotoJet-71.jpg",620,413,false],"post-thumbnail":["https:\/\/arantv.az\/wp-content\/uploads\/2024\/02\/FotoJet-71-240x172.jpg",240,172,true],"advps-thumb-one":["https:\/\/arantv.az\/wp-content\/uploads\/2024\/02\/FotoJet-71.jpg",620,413,false]},"rttpg_author":{"display_name":"V\u00fcsal Rafiqo\u011flu","author_link":"https:\/\/arantv.az\/?author=2"},"rttpg_comment":0,"rttpg_category":"<a href=\"https:\/\/arantv.az\/?cat=1\" rel=\"category\">C\u0259miyy\u0259t<\/a>","rttpg_excerpt":"Prezident\u00a0\u0130lham \u018fliyevin\u00a0s\u0259r\u0259ncam\u0131 il\u0259 d\u00fcn\u0259n bir qrup g\u0259nc\u0259 Prezident m\u00fckafat\u0131 verilib. Bu m\u00fckafata layiq g\u00f6r\u00fcl\u0259nl\u0259r aras\u0131nda ifa\u00e7\u0131l\u0131q istedad\u0131 il\u0259 se\u00e7il\u0259n R\u0259van\u0259 Seymur q\u0131z\u0131 A\u011famirova\u00a0da var. Anadang\u0259lm\u0259 g\u00f6rm\u0259 m\u0259hdudiyy\u0259ti il\u0259 I d\u0259r\u0259c\u0259 g\u00f6zd\u0259n \u0259lilliyi olan R\u0259van\u0259 A\u011famirova yarad\u0131c\u0131l\u0131q m\u00fcsabiq\u0259l\u0259rind\u0259, festivallarda h\u0259mi\u015f\u0259 istedad\u0131 il\u0259 f\u0259rql\u0259nib. O, 2005-ci ild\u0259 \u0130smay\u0131ll\u0131 rayonunda anadan olub. Bir m\u00fcdd\u0259t \u0259vv\u0259l \u201cAy La\u00e7\u0131n\u201d mahn\u0131s\u0131n\u0131&hellip;","_links":{"self":[{"href":"https:\/\/arantv.az\/index.php?rest_route=\/wp\/v2\/posts\/686426"}],"collection":[{"href":"https:\/\/arantv.az\/index.php?rest_route=\/wp\/v2\/posts"}],"about":[{"href":"https:\/\/arantv.az\/index.php?rest_route=\/wp\/v2\/types\/post"}],"author":[{"embeddable":true,"href":"https:\/\/arantv.az\/index.php?rest_route=\/wp\/v2\/users\/2"}],"replies":[{"embeddable":true,"href":"https:\/\/arantv.az\/index.php?rest_route=%2Fwp%2Fv2%2Fcomments&post=686426"}],"version-history":[{"count":0,"href":"https:\/\/arantv.az\/index.php?rest_route=\/wp\/v2\/posts\/686426\/revisions"}],"wp:featuredmedia":[{"embeddable":true,"href":"https:\/\/arantv.az\/index.php?rest_route=\/wp\/v2\/media\/686427"}],"wp:attachment":[{"href":"https:\/\/arantv.az\/index.php?rest_route=%2Fwp%2Fv2%2Fmedia&parent=686426"}],"wp:term":[{"taxonomy":"category","embeddable":true,"href":"https:\/\/arantv.az\/index.php?rest_route=%2Fwp%2Fv2%2Fcategories&post=686426"},{"taxonomy":"post_tag","embeddable":true,"href":"https:\/\/arantv.az\/index.php?rest_route=%2Fwp%2Fv2%2Ftags&post=686426"}],"curies":[{"name":"wp","href":"https:\/\/api.w.org\/{rel}","templated":true}]}}