{"id":686456,"date":"2024-02-02T16:57:29","date_gmt":"2024-02-02T12:57:29","guid":{"rendered":"https:\/\/arantv.az\/?p=686456"},"modified":"2024-02-02T16:57:29","modified_gmt":"2024-02-02T12:57:29","slug":"az%c9%99rbaycanin-cind%c9%99ki-s%c9%99firliyind%c9%99-secki-m%c9%99nt%c9%99q%c9%99si-yaradilib","status":"publish","type":"post","link":"https:\/\/arantv.az\/?p=686456","title":{"rendered":"Az\u0259rbaycan\u0131n \u00c7ind\u0259ki s\u0259firliyind\u0259 se\u00e7ki m\u0259nt\u0259q\u0259si yarad\u0131l\u0131b"},"content":{"rendered":"<p>Az\u0259rbaycanda fevral\u0131n 7-n\u0259 t\u0259yin olunmu\u015f n\u00f6vb\u0259d\u0259nk\u0259nar prezident se\u00e7kisi il\u0259 \u0259laq\u0259dar Se\u00e7ki M\u0259c\u0259ll\u0259sin\u0259 uy\u011fun olaraq \u00f6lk\u0259mizin \u00c7in Xalq Respublikas\u0131ndak\u0131 s\u0259firliyind\u0259 se\u00e7ki m\u0259nt\u0259q\u0259si yarad\u0131l\u0131b. M\u0259nt\u0259q\u0259 se\u00e7ki komissiyas\u0131n\u0131n \u00fczvl\u0259ri, katibl\u0259ri v\u0259 s\u0259dri se\u00e7ilib.<\/p>\n<p>Secki-2024.az sayt\u0131 x\u0259b\u0259r verir ki, \u00c7ind\u0259 ya\u015fayan v\u0259 ya uzunm\u00fcdd\u0259tli xarici ezamiyy\u0259td\u0259 olan Az\u0259rbaycan v\u0259t\u0259nda\u015flar\u0131 fevral\u0131n 7-d\u0259 yerli vaxtla s\u0259h\u0259r saat 8:00-dan ax\u015fam 19:00-d\u0259k s\u0259firlikd\u0259 yarad\u0131lm\u0131\u015f se\u00e7ki m\u0259nt\u0259q\u0259sind\u0259 s\u0259s ver\u0259 bil\u0259c\u0259kl\u0259r. Ya\u015f\u0131 18-\u0259 \u00e7atm\u0131\u015f v\u0259 aktiv se\u00e7ki h\u00fcququna malik Az\u0259rbaycan v\u0259t\u0259nda\u015flar\u0131 Az\u0259rbaycan Respublikas\u0131n\u0131n etibarl\u0131 \u00fcmumv\u0259t\u0259nda\u015f pasportu v\u0259 ya \u015f\u0259xsiyy\u0259t v\u0259siq\u0259si il\u0259 s\u0259sverm\u0259d\u0259 i\u015ftirak ed\u0259 bil\u0259c\u0259kl\u0259r.<\/p>\n<p>M\u0259nt\u0259q\u0259 se\u00e7ki komissiyas\u0131 prezident se\u00e7kisinin qanunvericiliyin t\u0259l\u0259bl\u0259rin\u0259 uy\u011fun qaydada t\u0259\u015fkili \u00fc\u00e7\u00fcn tam haz\u0131rd\u0131r. \u00c7ind\u0259 konsulluq qeydiyyat\u0131nda olan v\u0259t\u0259nda\u015flar\u0131m\u0131z\u0131n prezident se\u00e7kisi il\u0259 \u0259laq\u0259dar maarifl\u0259ndirilm\u0259si \u00fc\u00e7\u00fcn b\u00fct\u00fcn z\u0259ruri i\u015fl\u0259r g\u00f6r\u00fcl\u00fcb. Bel\u0259 ki, s\u0259sverm\u0259d\u0259 i\u015ftirakla \u0259laq\u0259dar konsulluq qeydiyyat\u0131nda olan v\u0259t\u0259nda\u015flar\u0131m\u0131z m\u0259lumatland\u0131r\u0131l\u0131b. Bundan ba\u015fqa, s\u0259firliyin r\u0259smi internet s\u0259hif\u0259sind\u0259, sosial \u015f\u0259b\u0259k\u0259 hesablar\u0131nda, habel\u0259 h\u0259mv\u0259t\u0259nl\u0259rimizin \u201cWechat\u201d messencer proqram\u0131ndak\u0131 qruplar\u0131nda elan yerl\u0259\u015fdirilib. Az\u0259rbaycan\u0131n \u00c7ind\u0259ki s\u0259firliyind\u0259 yarad\u0131lan m\u0259nt\u0259q\u0259d\u0259 bu \u00f6lk\u0259d\u0259 ya\u015fayan v\u0259t\u0259nda\u015flar\u0131m\u0131zla yana\u015f\u0131, m\u00fcxt\u0259lif s\u0259b\u0259bl\u0259rd\u0259n h\u0259min g\u00fcn Pekind\u0259 olacaq s\u0259sverm\u0259 h\u00fcququna malik se\u00e7icil\u0259r d\u0259 s\u0259s ver\u0259 bil\u0259c\u0259kl\u0259r.<\/p>\n<p>Qeyd ed\u0259k ki,\u00a0n\u00f6vb\u0259d\u0259nk\u0259nar prezident se\u00e7kisind\u0259 \u00f6lk\u0259 h\u00fcdudlar\u0131ndan k\u0259narda ya\u015fayan v\u0259 ya uzunm\u00fcdd\u0259tli xarici ezamiyy\u0259tl\u0259rd\u0259 olan Az\u0259rbaycan v\u0259t\u0259nda\u015flar\u0131n\u0131n s\u0259sverm\u0259 h\u00fcquqlar\u0131n\u0131n t\u0259min olunmas\u0131 m\u0259qs\u0259dil\u0259 37 \u00f6lk\u0259d\u0259 49 se\u00e7ki m\u0259nt\u0259q\u0259si yarad\u0131l\u0131b.<\/p>\n","protected":false},"excerpt":{"rendered":"<p>Az\u0259rbaycanda fevral\u0131n 7-n\u0259 t\u0259yin olunmu\u015f n\u00f6vb\u0259d\u0259nk\u0259nar prezident se\u00e7kisi il\u0259 \u0259laq\u0259dar Se\u00e7ki M\u0259c\u0259ll\u0259sin\u0259 uy\u011fun olaraq \u00f6lk\u0259mizin \u00c7in Xalq Respublikas\u0131ndak\u0131 s\u0259firliyind\u0259 se\u00e7ki m\u0259nt\u0259q\u0259si yarad\u0131l\u0131b. M\u0259nt\u0259q\u0259 se\u00e7ki komissiyas\u0131n\u0131n \u00fczvl\u0259ri, katibl\u0259ri v\u0259 s\u0259dri se\u00e7ilib. Secki-2024.az sayt\u0131 x\u0259b\u0259r verir ki, \u00c7ind\u0259 ya\u015fayan v\u0259 ya uzunm\u00fcdd\u0259tli xarici ezamiyy\u0259td\u0259 olan Az\u0259rbaycan v\u0259t\u0259nda\u015flar\u0131 fevral\u0131n 7-d\u0259 yerli vaxtla s\u0259h\u0259r saat 8:00-dan ax\u015fam 19:00-d\u0259k s\u0259firlikd\u0259 yarad\u0131lm\u0131\u015f se\u00e7ki m\u0259nt\u0259q\u0259sind\u0259 s\u0259s ver\u0259 bil\u0259c\u0259kl\u0259r. Ya\u015f\u0131 18-\u0259 \u00e7atm\u0131\u015f v\u0259 aktiv se\u00e7ki h\u00fcququna malik Az\u0259rbaycan v\u0259t\u0259nda\u015flar\u0131 Az\u0259rbaycan Respublikas\u0131n\u0131n etibarl\u0131 \u00fcmumv\u0259t\u0259nda\u015f pasportu v\u0259 ya \u015f\u0259xsiyy\u0259t v\u0259siq\u0259si il\u0259 s\u0259sverm\u0259d\u0259 i\u015ftirak ed\u0259 bil\u0259c\u0259kl\u0259r. M\u0259nt\u0259q\u0259 se\u00e7ki komissiyas\u0131 prezident se\u00e7kisinin&hellip;<\/p>\n","protected":false},"author":2,"featured_media":686457,"comment_status":"closed","ping_status":"closed","sticky":false,"template":"","format":"standard","meta":{"om_disable_all_campaigns":false,"_monsterinsights_skip_tracking":false,"_monsterinsights_sitenote_active":false,"_monsterinsights_sitenote_note":"","_monsterinsights_sitenote_category":0},"categories":[4],"tags":[],"aioseo_notices":[],"gutentor_comment":0,"rttpg_featured_image_url":{"full":["https:\/\/arantv.az\/wp-content\/uploads\/2024\/02\/fb899da62628dca128b04867914fbb6b1706870488-photo.jpg",620,413,false],"landscape":["https:\/\/arantv.az\/wp-content\/uploads\/2024\/02\/fb899da62628dca128b04867914fbb6b1706870488-photo.jpg",620,413,false],"portraits":["https:\/\/arantv.az\/wp-content\/uploads\/2024\/02\/fb899da62628dca128b04867914fbb6b1706870488-photo.jpg",620,413,false],"thumbnail":["https:\/\/arantv.az\/wp-content\/uploads\/2024\/02\/fb899da62628dca128b04867914fbb6b1706870488-photo-500x280.jpg",500,280,true],"medium":["https:\/\/arantv.az\/wp-content\/uploads\/2024\/02\/fb899da62628dca128b04867914fbb6b1706870488-photo-548x365.jpg",548,365,true],"large":["https:\/\/arantv.az\/wp-content\/uploads\/2024\/02\/fb899da62628dca128b04867914fbb6b1706870488-photo.jpg",620,413,false],"1536x1536":["https:\/\/arantv.az\/wp-content\/uploads\/2024\/02\/fb899da62628dca128b04867914fbb6b1706870488-photo.jpg",620,413,false],"2048x2048":["https:\/\/arantv.az\/wp-content\/uploads\/2024\/02\/fb899da62628dca128b04867914fbb6b1706870488-photo.jpg",620,413,false],"post-thumbnail":["https:\/\/arantv.az\/wp-content\/uploads\/2024\/02\/fb899da62628dca128b04867914fbb6b1706870488-photo-240x172.jpg",240,172,true],"advps-thumb-one":["https:\/\/arantv.az\/wp-content\/uploads\/2024\/02\/fb899da62628dca128b04867914fbb6b1706870488-photo.jpg",620,413,false]},"rttpg_author":{"display_name":"V\u00fcsal Rafiqo\u011flu","author_link":"https:\/\/arantv.az\/?author=2"},"rttpg_comment":0,"rttpg_category":"<a href=\"https:\/\/arantv.az\/?cat=4\" rel=\"category\">Siyas\u0259t<\/a>","rttpg_excerpt":"Az\u0259rbaycanda fevral\u0131n 7-n\u0259 t\u0259yin olunmu\u015f n\u00f6vb\u0259d\u0259nk\u0259nar prezident se\u00e7kisi il\u0259 \u0259laq\u0259dar Se\u00e7ki M\u0259c\u0259ll\u0259sin\u0259 uy\u011fun olaraq \u00f6lk\u0259mizin \u00c7in Xalq Respublikas\u0131ndak\u0131 s\u0259firliyind\u0259 se\u00e7ki m\u0259nt\u0259q\u0259si yarad\u0131l\u0131b. M\u0259nt\u0259q\u0259 se\u00e7ki komissiyas\u0131n\u0131n \u00fczvl\u0259ri, katibl\u0259ri v\u0259 s\u0259dri se\u00e7ilib. Secki-2024.az sayt\u0131 x\u0259b\u0259r verir ki, \u00c7ind\u0259 ya\u015fayan v\u0259 ya uzunm\u00fcdd\u0259tli xarici ezamiyy\u0259td\u0259 olan Az\u0259rbaycan v\u0259t\u0259nda\u015flar\u0131 fevral\u0131n 7-d\u0259 yerli vaxtla s\u0259h\u0259r saat 8:00-dan ax\u015fam 19:00-d\u0259k s\u0259firlikd\u0259&hellip;","_links":{"self":[{"href":"https:\/\/arantv.az\/index.php?rest_route=\/wp\/v2\/posts\/686456"}],"collection":[{"href":"https:\/\/arantv.az\/index.php?rest_route=\/wp\/v2\/posts"}],"about":[{"href":"https:\/\/arantv.az\/index.php?rest_route=\/wp\/v2\/types\/post"}],"author":[{"embeddable":true,"href":"https:\/\/arantv.az\/index.php?rest_route=\/wp\/v2\/users\/2"}],"replies":[{"embeddable":true,"href":"https:\/\/arantv.az\/index.php?rest_route=%2Fwp%2Fv2%2Fcomments&post=686456"}],"version-history":[{"count":0,"href":"https:\/\/arantv.az\/index.php?rest_route=\/wp\/v2\/posts\/686456\/revisions"}],"wp:featuredmedia":[{"embeddable":true,"href":"https:\/\/arantv.az\/index.php?rest_route=\/wp\/v2\/media\/686457"}],"wp:attachment":[{"href":"https:\/\/arantv.az\/index.php?rest_route=%2Fwp%2Fv2%2Fmedia&parent=686456"}],"wp:term":[{"taxonomy":"category","embeddable":true,"href":"https:\/\/arantv.az\/index.php?rest_route=%2Fwp%2Fv2%2Fcategories&post=686456"},{"taxonomy":"post_tag","embeddable":true,"href":"https:\/\/arantv.az\/index.php?rest_route=%2Fwp%2Fv2%2Ftags&post=686456"}],"curies":[{"name":"wp","href":"https:\/\/api.w.org\/{rel}","templated":true}]}}