{"id":686463,"date":"2024-02-02T16:58:50","date_gmt":"2024-02-02T12:58:50","guid":{"rendered":"https:\/\/arantv.az\/?p=686463"},"modified":"2024-02-02T16:58:50","modified_gmt":"2024-02-02T12:58:50","slug":"rusiya-federasiya-surasi-az%c9%99rbaycanda-prezident-seckisini-musahid%c9%99-ed%c9%99c%c9%99k","status":"publish","type":"post","link":"https:\/\/arantv.az\/?p=686463","title":{"rendered":"Rusiya Federasiya \u015euras\u0131 Az\u0259rbaycanda prezident se\u00e7kisini m\u00fc\u015fahid\u0259 ed\u0259c\u0259k"},"content":{"rendered":"<p>Rusiya Federasiya \u015euras\u0131n\u0131n beyn\u0259lxalq m\u0259s\u0259l\u0259l\u0259r komit\u0259sinin s\u0259dri Qriqori Karasinin r\u0259hb\u0259rlik etdiyi n\u00fcmay\u0259nd\u0259 hey\u0259ti Az\u0259rbaycanda ke\u00e7iril\u0259c\u0259k prezident se\u00e7kisini m\u00fc\u015fahid\u0259 ed\u0259c\u0259k.<\/p>\n<p>Secki-2024.az sayt\u0131 x\u0259b\u0259r verir ki, onlar fevral\u0131n 5-d\u0259n 8-d\u0259k Az\u0259rbaycanda ke\u00e7iril\u0259c\u0259k n\u00f6vb\u0259d\u0259nk\u0259nar prezident se\u00e7kisinin m\u00fc\u015fahid\u0259sind\u0259 i\u015ftirak ed\u0259c\u0259kl\u0259r. N\u00fcmay\u0259nd\u0259 hey\u0259tin\u0259 Federasiya \u015euras\u0131n\u0131n Beyn\u0259lxalq \u018flaq\u0259l\u0259r Komit\u0259sinin s\u0259dri Qriqori Karasin r\u0259hb\u0259rlik ed\u0259c\u0259k.<\/p>\n<p>Parlamentaril\u0259r MDB, \u015eanxay \u018fm\u0259kda\u015fl\u0131q T\u0259\u015fkilat\u0131 (\u015e\u018fT) v\u0259 MDB Parlamentl\u0259raras\u0131 Assambleyas\u0131n\u0131n m\u00fc\u015fahid\u0259 missiyalar\u0131n\u0131n x\u0259tti il\u0259 Az\u0259rbaycana yola d\u00fc\u015f\u0259c\u0259kl\u0259r.<\/p>\n<p>M\u00fc\u015fahid\u0259\u00e7il\u0259r s\u0131ras\u0131na Federasiya \u015euras\u0131n\u0131n Elm, t\u0259hsil v\u0259 m\u0259d\u0259niyy\u0259t komit\u0259si s\u0259drinin birinci m\u00fcavini \u0130lyas Umaxanov, Federasiya \u015euras\u0131n\u0131n Federal struktur, regional siyas\u0259t, yerli \u00f6z\u00fcn\u00fcidar\u0259etm\u0259 v\u0259 \u015fimal m\u0259s\u0259l\u0259l\u0259ri \u00fczr\u0259 komit\u0259 s\u0259drinin m\u00fcavini Anatoli \u015eirokov v\u0259 Federasiya \u015euras\u0131n\u0131n Konstitusiya qanunvericiliyi v\u0259 d\u00f6vl\u0259t quruculu\u011fu komit\u0259sinin \u00fczv\u00fc Aleksandr Ba\u015fkin daxildir.<\/p>\n","protected":false},"excerpt":{"rendered":"<p>Rusiya Federasiya \u015euras\u0131n\u0131n beyn\u0259lxalq m\u0259s\u0259l\u0259l\u0259r komit\u0259sinin s\u0259dri Qriqori Karasinin r\u0259hb\u0259rlik etdiyi n\u00fcmay\u0259nd\u0259 hey\u0259ti Az\u0259rbaycanda ke\u00e7iril\u0259c\u0259k prezident se\u00e7kisini m\u00fc\u015fahid\u0259 ed\u0259c\u0259k. Secki-2024.az sayt\u0131 x\u0259b\u0259r verir ki, onlar fevral\u0131n 5-d\u0259n 8-d\u0259k Az\u0259rbaycanda ke\u00e7iril\u0259c\u0259k n\u00f6vb\u0259d\u0259nk\u0259nar prezident se\u00e7kisinin m\u00fc\u015fahid\u0259sind\u0259 i\u015ftirak ed\u0259c\u0259kl\u0259r. N\u00fcmay\u0259nd\u0259 hey\u0259tin\u0259 Federasiya \u015euras\u0131n\u0131n Beyn\u0259lxalq \u018flaq\u0259l\u0259r Komit\u0259sinin s\u0259dri Qriqori Karasin r\u0259hb\u0259rlik ed\u0259c\u0259k. Parlamentaril\u0259r MDB, \u015eanxay \u018fm\u0259kda\u015fl\u0131q T\u0259\u015fkilat\u0131 (\u015e\u018fT) v\u0259 MDB Parlamentl\u0259raras\u0131 Assambleyas\u0131n\u0131n m\u00fc\u015fahid\u0259 missiyalar\u0131n\u0131n x\u0259tti il\u0259 Az\u0259rbaycana yola d\u00fc\u015f\u0259c\u0259kl\u0259r. M\u00fc\u015fahid\u0259\u00e7il\u0259r s\u0131ras\u0131na Federasiya \u015euras\u0131n\u0131n Elm, t\u0259hsil v\u0259 m\u0259d\u0259niyy\u0259t komit\u0259si s\u0259drinin birinci m\u00fcavini \u0130lyas Umaxanov, Federasiya \u015euras\u0131n\u0131n Federal struktur, regional siyas\u0259t, yerli \u00f6z\u00fcn\u00fcidar\u0259etm\u0259 v\u0259 \u015fimal m\u0259s\u0259l\u0259l\u0259ri&hellip;<\/p>\n","protected":false},"author":2,"featured_media":686464,"comment_status":"closed","ping_status":"closed","sticky":false,"template":"","format":"standard","meta":{"om_disable_all_campaigns":false,"_monsterinsights_skip_tracking":false,"_monsterinsights_sitenote_active":false,"_monsterinsights_sitenote_note":"","_monsterinsights_sitenote_category":0},"categories":[4],"tags":[],"aioseo_notices":[],"gutentor_comment":0,"rttpg_featured_image_url":{"full":["https:\/\/arantv.az\/wp-content\/uploads\/2024\/02\/4d9a677259f386e4aa8ff0dfa9da7ae61706873737-photo.jpg",620,413,false],"landscape":["https:\/\/arantv.az\/wp-content\/uploads\/2024\/02\/4d9a677259f386e4aa8ff0dfa9da7ae61706873737-photo.jpg",620,413,false],"portraits":["https:\/\/arantv.az\/wp-content\/uploads\/2024\/02\/4d9a677259f386e4aa8ff0dfa9da7ae61706873737-photo.jpg",620,413,false],"thumbnail":["https:\/\/arantv.az\/wp-content\/uploads\/2024\/02\/4d9a677259f386e4aa8ff0dfa9da7ae61706873737-photo-500x280.jpg",500,280,true],"medium":["https:\/\/arantv.az\/wp-content\/uploads\/2024\/02\/4d9a677259f386e4aa8ff0dfa9da7ae61706873737-photo-548x365.jpg",548,365,true],"large":["https:\/\/arantv.az\/wp-content\/uploads\/2024\/02\/4d9a677259f386e4aa8ff0dfa9da7ae61706873737-photo.jpg",620,413,false],"1536x1536":["https:\/\/arantv.az\/wp-content\/uploads\/2024\/02\/4d9a677259f386e4aa8ff0dfa9da7ae61706873737-photo.jpg",620,413,false],"2048x2048":["https:\/\/arantv.az\/wp-content\/uploads\/2024\/02\/4d9a677259f386e4aa8ff0dfa9da7ae61706873737-photo.jpg",620,413,false],"post-thumbnail":["https:\/\/arantv.az\/wp-content\/uploads\/2024\/02\/4d9a677259f386e4aa8ff0dfa9da7ae61706873737-photo-240x172.jpg",240,172,true],"advps-thumb-one":["https:\/\/arantv.az\/wp-content\/uploads\/2024\/02\/4d9a677259f386e4aa8ff0dfa9da7ae61706873737-photo.jpg",620,413,false]},"rttpg_author":{"display_name":"V\u00fcsal Rafiqo\u011flu","author_link":"https:\/\/arantv.az\/?author=2"},"rttpg_comment":0,"rttpg_category":"<a href=\"https:\/\/arantv.az\/?cat=4\" rel=\"category\">Siyas\u0259t<\/a>","rttpg_excerpt":"Rusiya Federasiya \u015euras\u0131n\u0131n beyn\u0259lxalq m\u0259s\u0259l\u0259l\u0259r komit\u0259sinin s\u0259dri Qriqori Karasinin r\u0259hb\u0259rlik etdiyi n\u00fcmay\u0259nd\u0259 hey\u0259ti Az\u0259rbaycanda ke\u00e7iril\u0259c\u0259k prezident se\u00e7kisini m\u00fc\u015fahid\u0259 ed\u0259c\u0259k. Secki-2024.az sayt\u0131 x\u0259b\u0259r verir ki, onlar fevral\u0131n 5-d\u0259n 8-d\u0259k Az\u0259rbaycanda ke\u00e7iril\u0259c\u0259k n\u00f6vb\u0259d\u0259nk\u0259nar prezident se\u00e7kisinin m\u00fc\u015fahid\u0259sind\u0259 i\u015ftirak ed\u0259c\u0259kl\u0259r. N\u00fcmay\u0259nd\u0259 hey\u0259tin\u0259 Federasiya \u015euras\u0131n\u0131n Beyn\u0259lxalq \u018flaq\u0259l\u0259r Komit\u0259sinin s\u0259dri Qriqori Karasin r\u0259hb\u0259rlik ed\u0259c\u0259k. Parlamentaril\u0259r MDB, \u015eanxay \u018fm\u0259kda\u015fl\u0131q T\u0259\u015fkilat\u0131 (\u015e\u018fT) v\u0259&hellip;","_links":{"self":[{"href":"https:\/\/arantv.az\/index.php?rest_route=\/wp\/v2\/posts\/686463"}],"collection":[{"href":"https:\/\/arantv.az\/index.php?rest_route=\/wp\/v2\/posts"}],"about":[{"href":"https:\/\/arantv.az\/index.php?rest_route=\/wp\/v2\/types\/post"}],"author":[{"embeddable":true,"href":"https:\/\/arantv.az\/index.php?rest_route=\/wp\/v2\/users\/2"}],"replies":[{"embeddable":true,"href":"https:\/\/arantv.az\/index.php?rest_route=%2Fwp%2Fv2%2Fcomments&post=686463"}],"version-history":[{"count":0,"href":"https:\/\/arantv.az\/index.php?rest_route=\/wp\/v2\/posts\/686463\/revisions"}],"wp:featuredmedia":[{"embeddable":true,"href":"https:\/\/arantv.az\/index.php?rest_route=\/wp\/v2\/media\/686464"}],"wp:attachment":[{"href":"https:\/\/arantv.az\/index.php?rest_route=%2Fwp%2Fv2%2Fmedia&parent=686463"}],"wp:term":[{"taxonomy":"category","embeddable":true,"href":"https:\/\/arantv.az\/index.php?rest_route=%2Fwp%2Fv2%2Fcategories&post=686463"},{"taxonomy":"post_tag","embeddable":true,"href":"https:\/\/arantv.az\/index.php?rest_route=%2Fwp%2Fv2%2Ftags&post=686463"}],"curies":[{"name":"wp","href":"https:\/\/api.w.org\/{rel}","templated":true}]}}