{"id":686466,"date":"2024-02-02T16:59:47","date_gmt":"2024-02-02T12:59:47","guid":{"rendered":"https:\/\/arantv.az\/?p=686466"},"modified":"2024-02-02T16:59:47","modified_gmt":"2024-02-02T12:59:47","slug":"baki-limaninin-tikintisi-ucun-ayrilmis-torpaq-sah%c9%99si-30-hektardan-cox-azaldilib","status":"publish","type":"post","link":"https:\/\/arantv.az\/?p=686466","title":{"rendered":"Bak\u0131 Liman\u0131n\u0131n tikintisi \u00fc\u00e7\u00fcn ayr\u0131lm\u0131\u015f torpaq sah\u0259si 30 hektardan \u00e7ox azald\u0131l\u0131b"},"content":{"rendered":"<p>Prezident\u00a0<strong>\u0130lham \u018fliyev<\/strong>\u00a0\u201cBak\u0131 Beyn\u0259lxalq D\u0259niz Ticar\u0259t Liman\u0131\u201d QSC-nin yarad\u0131lmas\u0131 haqq\u0131nda 18 mart 2015-ci il tarixli s\u0259r\u0259ncam\u0131nda d\u0259yi\u015fiklik edib.<\/p>\n<p>\u201cReport\u201d\u00a0x\u0259b\u0259r verir ki, d\u00f6vl\u0259t ba\u015f\u00e7\u0131s\u0131 bununla ba\u011fl\u0131 yeni s\u0259r\u0259ncam imzalay\u0131b.<\/p>\n<p>F\u0259rmana \u0259sas\u0259n, Bak\u0131n\u0131n Qarada\u011f rayonunun \u018fl\u0259t q\u0259s\u0259b\u0259sind\u0259 yeni Beyn\u0259lxalq D\u0259niz Ticar\u0259t Liman\u0131 kompleksinin tikintisi \u00fc\u00e7\u00fcn ayr\u0131lm\u0131\u015f torpaq sah\u0259sinin \u00f6l\u00e7\u00fcs\u00fc 400 hektardan 369,26 hektara endirilib.<\/p>\n<p>Nazirl\u0259r Kabineti s\u0259r\u0259ncamdan ir\u0259li g\u0259l\u0259n m\u0259s\u0259l\u0259l\u0259ri h\u0259ll etm\u0259lidir.<\/p>\n","protected":false},"excerpt":{"rendered":"<p>Prezident\u00a0\u0130lham \u018fliyev\u00a0\u201cBak\u0131 Beyn\u0259lxalq D\u0259niz Ticar\u0259t Liman\u0131\u201d QSC-nin yarad\u0131lmas\u0131 haqq\u0131nda 18 mart 2015-ci il tarixli s\u0259r\u0259ncam\u0131nda d\u0259yi\u015fiklik edib. \u201cReport\u201d\u00a0x\u0259b\u0259r verir ki, d\u00f6vl\u0259t ba\u015f\u00e7\u0131s\u0131 bununla ba\u011fl\u0131 yeni s\u0259r\u0259ncam imzalay\u0131b. F\u0259rmana \u0259sas\u0259n, Bak\u0131n\u0131n Qarada\u011f rayonunun \u018fl\u0259t q\u0259s\u0259b\u0259sind\u0259 yeni Beyn\u0259lxalq D\u0259niz Ticar\u0259t Liman\u0131 kompleksinin tikintisi \u00fc\u00e7\u00fcn ayr\u0131lm\u0131\u015f torpaq sah\u0259sinin \u00f6l\u00e7\u00fcs\u00fc 400 hektardan 369,26 hektara endirilib. Nazirl\u0259r Kabineti s\u0259r\u0259ncamdan ir\u0259li g\u0259l\u0259n m\u0259s\u0259l\u0259l\u0259ri h\u0259ll etm\u0259lidir.<\/p>\n","protected":false},"author":2,"featured_media":686467,"comment_status":"closed","ping_status":"closed","sticky":false,"template":"","format":"standard","meta":{"om_disable_all_campaigns":false,"_monsterinsights_skip_tracking":false,"_monsterinsights_sitenote_active":false,"_monsterinsights_sitenote_note":"","_monsterinsights_sitenote_category":0},"categories":[4],"tags":[],"aioseo_notices":[],"gutentor_comment":0,"rttpg_featured_image_url":{"full":["https:\/\/arantv.az\/wp-content\/uploads\/2024\/02\/6cfa4b76-74f1-39d8-a593-3838e9591392_850.jpg",620,413,false],"landscape":["https:\/\/arantv.az\/wp-content\/uploads\/2024\/02\/6cfa4b76-74f1-39d8-a593-3838e9591392_850.jpg",620,413,false],"portraits":["https:\/\/arantv.az\/wp-content\/uploads\/2024\/02\/6cfa4b76-74f1-39d8-a593-3838e9591392_850.jpg",620,413,false],"thumbnail":["https:\/\/arantv.az\/wp-content\/uploads\/2024\/02\/6cfa4b76-74f1-39d8-a593-3838e9591392_850-500x280.jpg",500,280,true],"medium":["https:\/\/arantv.az\/wp-content\/uploads\/2024\/02\/6cfa4b76-74f1-39d8-a593-3838e9591392_850-548x365.jpg",548,365,true],"large":["https:\/\/arantv.az\/wp-content\/uploads\/2024\/02\/6cfa4b76-74f1-39d8-a593-3838e9591392_850.jpg",620,413,false],"1536x1536":["https:\/\/arantv.az\/wp-content\/uploads\/2024\/02\/6cfa4b76-74f1-39d8-a593-3838e9591392_850.jpg",620,413,false],"2048x2048":["https:\/\/arantv.az\/wp-content\/uploads\/2024\/02\/6cfa4b76-74f1-39d8-a593-3838e9591392_850.jpg",620,413,false],"post-thumbnail":["https:\/\/arantv.az\/wp-content\/uploads\/2024\/02\/6cfa4b76-74f1-39d8-a593-3838e9591392_850-240x172.jpg",240,172,true],"advps-thumb-one":["https:\/\/arantv.az\/wp-content\/uploads\/2024\/02\/6cfa4b76-74f1-39d8-a593-3838e9591392_850.jpg",620,413,false]},"rttpg_author":{"display_name":"V\u00fcsal Rafiqo\u011flu","author_link":"https:\/\/arantv.az\/?author=2"},"rttpg_comment":0,"rttpg_category":"<a href=\"https:\/\/arantv.az\/?cat=4\" rel=\"category\">Siyas\u0259t<\/a>","rttpg_excerpt":"Prezident\u00a0\u0130lham \u018fliyev\u00a0\u201cBak\u0131 Beyn\u0259lxalq D\u0259niz Ticar\u0259t Liman\u0131\u201d QSC-nin yarad\u0131lmas\u0131 haqq\u0131nda 18 mart 2015-ci il tarixli s\u0259r\u0259ncam\u0131nda d\u0259yi\u015fiklik edib. \u201cReport\u201d\u00a0x\u0259b\u0259r verir ki, d\u00f6vl\u0259t ba\u015f\u00e7\u0131s\u0131 bununla ba\u011fl\u0131 yeni s\u0259r\u0259ncam imzalay\u0131b. F\u0259rmana \u0259sas\u0259n, Bak\u0131n\u0131n Qarada\u011f rayonunun \u018fl\u0259t q\u0259s\u0259b\u0259sind\u0259 yeni Beyn\u0259lxalq D\u0259niz Ticar\u0259t Liman\u0131 kompleksinin tikintisi \u00fc\u00e7\u00fcn ayr\u0131lm\u0131\u015f torpaq sah\u0259sinin \u00f6l\u00e7\u00fcs\u00fc 400 hektardan 369,26 hektara endirilib. Nazirl\u0259r Kabineti s\u0259r\u0259ncamdan ir\u0259li&hellip;","_links":{"self":[{"href":"https:\/\/arantv.az\/index.php?rest_route=\/wp\/v2\/posts\/686466"}],"collection":[{"href":"https:\/\/arantv.az\/index.php?rest_route=\/wp\/v2\/posts"}],"about":[{"href":"https:\/\/arantv.az\/index.php?rest_route=\/wp\/v2\/types\/post"}],"author":[{"embeddable":true,"href":"https:\/\/arantv.az\/index.php?rest_route=\/wp\/v2\/users\/2"}],"replies":[{"embeddable":true,"href":"https:\/\/arantv.az\/index.php?rest_route=%2Fwp%2Fv2%2Fcomments&post=686466"}],"version-history":[{"count":0,"href":"https:\/\/arantv.az\/index.php?rest_route=\/wp\/v2\/posts\/686466\/revisions"}],"wp:featuredmedia":[{"embeddable":true,"href":"https:\/\/arantv.az\/index.php?rest_route=\/wp\/v2\/media\/686467"}],"wp:attachment":[{"href":"https:\/\/arantv.az\/index.php?rest_route=%2Fwp%2Fv2%2Fmedia&parent=686466"}],"wp:term":[{"taxonomy":"category","embeddable":true,"href":"https:\/\/arantv.az\/index.php?rest_route=%2Fwp%2Fv2%2Fcategories&post=686466"},{"taxonomy":"post_tag","embeddable":true,"href":"https:\/\/arantv.az\/index.php?rest_route=%2Fwp%2Fv2%2Ftags&post=686466"}],"curies":[{"name":"wp","href":"https:\/\/api.w.org\/{rel}","templated":true}]}}