{"id":686534,"date":"2024-02-02T21:52:54","date_gmt":"2024-02-02T17:52:54","guid":{"rendered":"https:\/\/arantv.az\/?p=686534"},"modified":"2024-02-02T21:52:54","modified_gmt":"2024-02-02T17:52:54","slug":"b%c9%99rd%c9%99d%c9%99-ictimai-suranin-iclasi-olub","status":"publish","type":"post","link":"https:\/\/arantv.az\/?p=686534","title":{"rendered":"B\u0259rd\u0259d\u0259 \u0130ctimai \u015euran\u0131n iclas\u0131 olub"},"content":{"rendered":"<p>Fevral\u0131n 2-d\u0259 B\u0259rd\u0259 rayon \u0130cra Hakimiyy\u0259tinin Ba\u015f\u00e7\u0131s\u0131 yan\u0131nda \u0130ctimai \u015euran\u0131n n\u00f6vb\u0259ti iclas\u0131 ke\u00e7irilib.<\/p>\n<p><strong>ARANTV.AZ<\/strong>-\u0131n x\u0259b\u0259rin\u0259 g\u00f6r\u0259 iclasda \u015furan\u0131n f\u0259aliyy\u0259ti v\u0259 g\u0259l\u0259c\u0259k planlar\u0131 m\u00fczakir\u0259 olunub.<\/p>\n<p>\u0130ctimia \u015euran\u0131n s\u0259dri \u018fsg\u0259r \u018fsayev \u00e7\u0131x\u0131\u015f ed\u0259r\u0259k bildirib ki, \u00f6lk\u0259miz tarixi \u0259lam\u0259tdar prezident se\u00e7kil\u0259ri \u0259r\u0259f\u0259sind\u0259dir. Bunun \u00fc\u00e7\u00fcn d\u0259 \u015fura \u00fczvl\u0259rind\u0259n y\u00fcks\u0259k ictimai f\u0259all\u0131q t\u0259l\u0259b olunur. Odur ki, ictimai \u015fura \u00fczvl\u0259ri \u00f6lk\u0259miz \u00fc\u00e7\u00fcn taley\u00fckl\u00fc 7 fevral prezident se\u00e7kil\u0259rind\u0259 yax\u0131ndan i\u015ftirak etm\u0259li, \u0259sl v\u0259t\u0259nda\u015f m\u00f6vqeyi n\u00fcmayi\u015f etdirm\u0259lidir.<\/p>\n<p>\u018fsg\u0259r \u018fsayev habel\u0259 \u0130ctimai \u015euran\u0131n g\u0259l\u0259c\u0259k f\u0259aliyy\u0259t \u00fc\u00e7\u00fcn ictimai \u015eura \u00fczvl\u0259ri t\u0259r\u0259find\u0259n t\u0259klifl\u0259r verilm\u0259sini xahi\u015f edib.<\/p>\n<p>\u0130ctimai \u015eura \u00fczvl\u0259ri t\u0259klif ed\u0259r\u0259k bildiribl\u0259r ki, bir s\u0131ra xidm\u0259t t\u0259\u015fkilatlar\u0131nda v\u0259t\u0259nda\u015flarla i\u015fin t\u0259\u015fkilind\u0259 n\u00f6qsanlar var. Bunun \u00fc\u00e7\u00fcn d\u0259 h\u0259min t\u0259\u015fkilatlar\u0131n kollektivl\u0259ri il\u0259 g\u00f6r\u00fc\u015fl\u0259rin ke\u00e7irilm\u0259sin\u0259 v\u0259 m\u00fczakir\u0259l\u0259rin apar\u0131lmas\u0131na ehtiyyac var. O c\u00fcml\u0259d\u0259n rayondak\u0131 ictimai n\u0259qliyyat\u0131n xidm\u0259tind\u0259ki neqativ hallardan dan\u0131\u015f\u0131l\u0131b.<\/p>\n<p>\u015e\u0259hid ail\u0259l\u0259rini diqq\u0259td\u0259 saxlamaq, qazi v\u0259 veteranlarla vaxta\u015f\u0131r\u0131 g\u00f6r\u00fc\u015fl\u0259r ke\u00e7irm\u0259k d\u0259 \u0130ctimai \u015furan\u0131n m\u00fczakir\u0259 obyekti \u00e7evrilib. Habel\u0259, rayonun ekoloji m\u0259s\u0259l\u0259l\u0259rinin daim diqq\u0259td\u0259 saxlanmas\u0131 vur\u011fulan\u0131b.<\/p>\n<p>Sonda qeyd olunub ki, \u0130ctiami \u015eura rayonun h\u0259yat\u0131nda i\u015fl\u0259k qurum olmal\u0131, bir s\u0131ra m\u0259s\u0259l\u0259lirin h\u0259lli istiqam\u0259tind\u0259 t\u0259\u015f\u0259bb\u00fcskar olmal\u0131d\u0131r.<\/p>\n<figure class=\"wp-block-image size-large\"><img loading=\"lazy\" class=\"wp-image-60517\" src=\"https:\/\/media1.az\/wp-content\/uploads\/2024\/02\/B%C9%99rd%C9%99-is-1024x768.jpg\" sizes=\"(max-width: 1024px) 100vw, 1024px\" srcset=\"https:\/\/media1.az\/wp-content\/uploads\/2024\/02\/B\u0259rd\u0259-is-1024x768.jpg 1024w, https:\/\/media1.az\/wp-content\/uploads\/2024\/02\/B\u0259rd\u0259-is-300x225.jpg 300w, https:\/\/media1.az\/wp-content\/uploads\/2024\/02\/B\u0259rd\u0259-is-768x576.jpg 768w, https:\/\/media1.az\/wp-content\/uploads\/2024\/02\/B\u0259rd\u0259-is-1536x1152.jpg 1536w, https:\/\/media1.az\/wp-content\/uploads\/2024\/02\/B\u0259rd\u0259-is-2048x1536.jpg 2048w\" alt=\"\" width=\"1024\" height=\"768\" \/><\/figure>\n<figure class=\"wp-block-image size-large\"><img loading=\"lazy\" class=\"wp-image-60538\" src=\"https:\/\/media1.az\/wp-content\/uploads\/2024\/02\/B%C9%99rd%C9%99-ictiami-s-1024x768.jpg\" sizes=\"(max-width: 1024px) 100vw, 1024px\" srcset=\"https:\/\/media1.az\/wp-content\/uploads\/2024\/02\/B\u0259rd\u0259-ictiami-s-1024x768.jpg 1024w, https:\/\/media1.az\/wp-content\/uploads\/2024\/02\/B\u0259rd\u0259-ictiami-s-300x225.jpg 300w, https:\/\/media1.az\/wp-content\/uploads\/2024\/02\/B\u0259rd\u0259-ictiami-s-768x576.jpg 768w, https:\/\/media1.az\/wp-content\/uploads\/2024\/02\/B\u0259rd\u0259-ictiami-s.jpg 1156w\" alt=\"\" width=\"1024\" height=\"768\" \/><\/figure>\n<figure class=\"wp-block-image size-large\"><img loading=\"lazy\" class=\"wp-image-60518\" src=\"https:\/\/media1.az\/wp-content\/uploads\/2024\/02\/B%C9%99rd%C9%99is1-1024x768.jpg\" sizes=\"(max-width: 1024px) 100vw, 1024px\" srcset=\"https:\/\/media1.az\/wp-content\/uploads\/2024\/02\/B\u0259rd\u0259is1-1024x768.jpg 1024w, https:\/\/media1.az\/wp-content\/uploads\/2024\/02\/B\u0259rd\u0259is1-300x225.jpg 300w, https:\/\/media1.az\/wp-content\/uploads\/2024\/02\/B\u0259rd\u0259is1-768x576.jpg 768w, https:\/\/media1.az\/wp-content\/uploads\/2024\/02\/B\u0259rd\u0259is1-1536x1152.jpg 1536w, https:\/\/media1.az\/wp-content\/uploads\/2024\/02\/B\u0259rd\u0259is1-2048x1536.jpg 2048w\" alt=\"\" width=\"1024\" height=\"768\" \/><\/figure>\n<figure class=\"wp-block-image size-large\"><img loading=\"lazy\" class=\"wp-image-60519\" src=\"https:\/\/media1.az\/wp-content\/uploads\/2024\/02\/B%C9%99rd%C9%99is2-1024x768.jpg\" sizes=\"(max-width: 1024px) 100vw, 1024px\" srcset=\"https:\/\/media1.az\/wp-content\/uploads\/2024\/02\/B\u0259rd\u0259is2-1024x768.jpg 1024w, https:\/\/media1.az\/wp-content\/uploads\/2024\/02\/B\u0259rd\u0259is2-300x225.jpg 300w, https:\/\/media1.az\/wp-content\/uploads\/2024\/02\/B\u0259rd\u0259is2-768x576.jpg 768w, https:\/\/media1.az\/wp-content\/uploads\/2024\/02\/B\u0259rd\u0259is2-1536x1152.jpg 1536w, https:\/\/media1.az\/wp-content\/uploads\/2024\/02\/B\u0259rd\u0259is2-2048x1536.jpg 2048w\" alt=\"\" width=\"1024\" height=\"768\" \/><\/figure>\n<figure class=\"wp-block-image size-large\"><img loading=\"lazy\" class=\"wp-image-60520\" src=\"https:\/\/media1.az\/wp-content\/uploads\/2024\/02\/B%C9%99rd%C9%99is3-1024x768.jpg\" sizes=\"(max-width: 1024px) 100vw, 1024px\" srcset=\"https:\/\/media1.az\/wp-content\/uploads\/2024\/02\/B\u0259rd\u0259is3-1024x768.jpg 1024w, https:\/\/media1.az\/wp-content\/uploads\/2024\/02\/B\u0259rd\u0259is3-300x225.jpg 300w, https:\/\/media1.az\/wp-content\/uploads\/2024\/02\/B\u0259rd\u0259is3-768x576.jpg 768w, https:\/\/media1.az\/wp-content\/uploads\/2024\/02\/B\u0259rd\u0259is3-1536x1152.jpg 1536w, https:\/\/media1.az\/wp-content\/uploads\/2024\/02\/B\u0259rd\u0259is3-2048x1536.jpg 2048w\" alt=\"\" width=\"1024\" height=\"768\" \/><\/figure>\n<figure class=\"wp-block-image size-large\"><img loading=\"lazy\" class=\"wp-image-60521\" src=\"https:\/\/media1.az\/wp-content\/uploads\/2024\/02\/B%C9%99rd%C9%99is5-1024x768.jpg\" sizes=\"(max-width: 1024px) 100vw, 1024px\" srcset=\"https:\/\/media1.az\/wp-content\/uploads\/2024\/02\/B\u0259rd\u0259is5-1024x768.jpg 1024w, https:\/\/media1.az\/wp-content\/uploads\/2024\/02\/B\u0259rd\u0259is5-300x225.jpg 300w, https:\/\/media1.az\/wp-content\/uploads\/2024\/02\/B\u0259rd\u0259is5-768x576.jpg 768w, https:\/\/media1.az\/wp-content\/uploads\/2024\/02\/B\u0259rd\u0259is5-1536x1152.jpg 1536w, https:\/\/media1.az\/wp-content\/uploads\/2024\/02\/B\u0259rd\u0259is5-2048x1536.jpg 2048w\" alt=\"\" width=\"1024\" height=\"768\" \/><\/figure>\n<figure class=\"wp-block-image size-large\"><img loading=\"lazy\" class=\"wp-image-60522\" src=\"https:\/\/media1.az\/wp-content\/uploads\/2024\/02\/B%C9%99rd%C9%99is6-1024x768.jpg\" sizes=\"(max-width: 1024px) 100vw, 1024px\" srcset=\"https:\/\/media1.az\/wp-content\/uploads\/2024\/02\/B\u0259rd\u0259is6-1024x768.jpg 1024w, https:\/\/media1.az\/wp-content\/uploads\/2024\/02\/B\u0259rd\u0259is6-300x225.jpg 300w, https:\/\/media1.az\/wp-content\/uploads\/2024\/02\/B\u0259rd\u0259is6-768x576.jpg 768w, https:\/\/media1.az\/wp-content\/uploads\/2024\/02\/B\u0259rd\u0259is6-1536x1152.jpg 1536w, https:\/\/media1.az\/wp-content\/uploads\/2024\/02\/B\u0259rd\u0259is6-2048x1536.jpg 2048w\" alt=\"\" width=\"1024\" height=\"768\" \/><\/figure>\n<figure class=\"wp-block-image size-large\"><img loading=\"lazy\" class=\"wp-image-60523\" src=\"https:\/\/media1.az\/wp-content\/uploads\/2024\/02\/b%C9%99rd%C9%99is7-1024x768.jpg\" sizes=\"(max-width: 1024px) 100vw, 1024px\" srcset=\"https:\/\/media1.az\/wp-content\/uploads\/2024\/02\/b\u0259rd\u0259is7-1024x768.jpg 1024w, https:\/\/media1.az\/wp-content\/uploads\/2024\/02\/b\u0259rd\u0259is7-300x225.jpg 300w, https:\/\/media1.az\/wp-content\/uploads\/2024\/02\/b\u0259rd\u0259is7-768x576.jpg 768w, https:\/\/media1.az\/wp-content\/uploads\/2024\/02\/b\u0259rd\u0259is7-1536x1152.jpg 1536w, https:\/\/media1.az\/wp-content\/uploads\/2024\/02\/b\u0259rd\u0259is7-2048x1536.jpg 2048w\" alt=\"\" width=\"1024\" height=\"768\" \/><\/figure>\n<figure class=\"wp-block-image size-large\"><img loading=\"lazy\" class=\"wp-image-60524\" src=\"https:\/\/media1.az\/wp-content\/uploads\/2024\/02\/B%C9%99rd%C9%99is8-1024x768.jpg\" sizes=\"(max-width: 1024px) 100vw, 1024px\" srcset=\"https:\/\/media1.az\/wp-content\/uploads\/2024\/02\/B\u0259rd\u0259is8-1024x768.jpg 1024w, https:\/\/media1.az\/wp-content\/uploads\/2024\/02\/B\u0259rd\u0259is8-300x225.jpg 300w, https:\/\/media1.az\/wp-content\/uploads\/2024\/02\/B\u0259rd\u0259is8-768x576.jpg 768w, https:\/\/media1.az\/wp-content\/uploads\/2024\/02\/B\u0259rd\u0259is8-1536x1152.jpg 1536w, https:\/\/media1.az\/wp-content\/uploads\/2024\/02\/B\u0259rd\u0259is8-2048x1536.jpg 2048w\" alt=\"\" width=\"1024\" height=\"768\" \/><\/figure>\n<figure class=\"wp-block-image size-large\"><img loading=\"lazy\" class=\"wp-image-60525\" src=\"https:\/\/media1.az\/wp-content\/uploads\/2024\/02\/B%C9%99rd%C9%99is9-1024x768.jpg\" sizes=\"(max-width: 1024px) 100vw, 1024px\" srcset=\"https:\/\/media1.az\/wp-content\/uploads\/2024\/02\/B\u0259rd\u0259is9-1024x768.jpg 1024w, https:\/\/media1.az\/wp-content\/uploads\/2024\/02\/B\u0259rd\u0259is9-300x225.jpg 300w, https:\/\/media1.az\/wp-content\/uploads\/2024\/02\/B\u0259rd\u0259is9-768x576.jpg 768w, https:\/\/media1.az\/wp-content\/uploads\/2024\/02\/B\u0259rd\u0259is9-1536x1152.jpg 1536w, https:\/\/media1.az\/wp-content\/uploads\/2024\/02\/B\u0259rd\u0259is9-2048x1536.jpg 2048w\" alt=\"\" width=\"1024\" height=\"768\" \/><\/figure>\n<figure class=\"wp-block-image size-large\"><img loading=\"lazy\" class=\"wp-image-60526\" src=\"https:\/\/media1.az\/wp-content\/uploads\/2024\/02\/B%C9%99rd%C9%99is10-1024x768.jpg\" sizes=\"(max-width: 1024px) 100vw, 1024px\" srcset=\"https:\/\/media1.az\/wp-content\/uploads\/2024\/02\/B\u0259rd\u0259is10-1024x768.jpg 1024w, https:\/\/media1.az\/wp-content\/uploads\/2024\/02\/B\u0259rd\u0259is10-300x225.jpg 300w, https:\/\/media1.az\/wp-content\/uploads\/2024\/02\/B\u0259rd\u0259is10-768x576.jpg 768w, https:\/\/media1.az\/wp-content\/uploads\/2024\/02\/B\u0259rd\u0259is10-1536x1152.jpg 1536w, https:\/\/media1.az\/wp-content\/uploads\/2024\/02\/B\u0259rd\u0259is10-2048x1536.jpg 2048w\" alt=\"\" width=\"1024\" height=\"768\" \/><\/figure>\n","protected":false},"excerpt":{"rendered":"<p>Fevral\u0131n 2-d\u0259 B\u0259rd\u0259 rayon \u0130cra Hakimiyy\u0259tinin Ba\u015f\u00e7\u0131s\u0131 yan\u0131nda \u0130ctimai \u015euran\u0131n n\u00f6vb\u0259ti iclas\u0131 ke\u00e7irilib. ARANTV.AZ-\u0131n x\u0259b\u0259rin\u0259 g\u00f6r\u0259 iclasda \u015furan\u0131n f\u0259aliyy\u0259ti v\u0259 g\u0259l\u0259c\u0259k planlar\u0131 m\u00fczakir\u0259 olunub. \u0130ctimia \u015euran\u0131n s\u0259dri \u018fsg\u0259r \u018fsayev \u00e7\u0131x\u0131\u015f ed\u0259r\u0259k bildirib ki, \u00f6lk\u0259miz tarixi \u0259lam\u0259tdar prezident se\u00e7kil\u0259ri \u0259r\u0259f\u0259sind\u0259dir. Bunun \u00fc\u00e7\u00fcn d\u0259 \u015fura \u00fczvl\u0259rind\u0259n y\u00fcks\u0259k ictimai f\u0259all\u0131q t\u0259l\u0259b olunur. Odur ki, ictimai \u015fura \u00fczvl\u0259ri \u00f6lk\u0259miz \u00fc\u00e7\u00fcn taley\u00fckl\u00fc 7 fevral prezident se\u00e7kil\u0259rind\u0259 yax\u0131ndan i\u015ftirak etm\u0259li, \u0259sl v\u0259t\u0259nda\u015f m\u00f6vqeyi n\u00fcmayi\u015f etdirm\u0259lidir. \u018fsg\u0259r \u018fsayev habel\u0259 \u0130ctimai \u015euran\u0131n g\u0259l\u0259c\u0259k f\u0259aliyy\u0259t \u00fc\u00e7\u00fcn ictimai \u015eura \u00fczvl\u0259ri t\u0259r\u0259find\u0259n t\u0259klifl\u0259r verilm\u0259sini xahi\u015f edib. \u0130ctimai \u015eura \u00fczvl\u0259ri t\u0259klif ed\u0259r\u0259k&hellip;<\/p>\n","protected":false},"author":2,"featured_media":686535,"comment_status":"closed","ping_status":"closed","sticky":false,"template":"","format":"standard","meta":{"om_disable_all_campaigns":false,"_monsterinsights_skip_tracking":false,"_monsterinsights_sitenote_active":false,"_monsterinsights_sitenote_note":"","_monsterinsights_sitenote_category":0},"categories":[2],"tags":[],"aioseo_notices":[],"gutentor_comment":0,"rttpg_featured_image_url":{"full":["https:\/\/arantv.az\/wp-content\/uploads\/2024\/02\/B\u0259rd\u0259ictimai-sura-1024x768-1.jpg",1024,768,false],"landscape":["https:\/\/arantv.az\/wp-content\/uploads\/2024\/02\/B\u0259rd\u0259ictimai-sura-1024x768-1.jpg",1024,768,false],"portraits":["https:\/\/arantv.az\/wp-content\/uploads\/2024\/02\/B\u0259rd\u0259ictimai-sura-1024x768-1.jpg",1024,768,false],"thumbnail":["https:\/\/arantv.az\/wp-content\/uploads\/2024\/02\/B\u0259rd\u0259ictimai-sura-1024x768-1-500x280.jpg",500,280,true],"medium":["https:\/\/arantv.az\/wp-content\/uploads\/2024\/02\/B\u0259rd\u0259ictimai-sura-1024x768-1-487x365.jpg",487,365,true],"large":["https:\/\/arantv.az\/wp-content\/uploads\/2024\/02\/B\u0259rd\u0259ictimai-sura-1024x768-1-840x630.jpg",640,480,true],"1536x1536":["https:\/\/arantv.az\/wp-content\/uploads\/2024\/02\/B\u0259rd\u0259ictimai-sura-1024x768-1.jpg",1024,768,false],"2048x2048":["https:\/\/arantv.az\/wp-content\/uploads\/2024\/02\/B\u0259rd\u0259ictimai-sura-1024x768-1.jpg",1024,768,false],"post-thumbnail":["https:\/\/arantv.az\/wp-content\/uploads\/2024\/02\/B\u0259rd\u0259ictimai-sura-1024x768-1-240x172.jpg",240,172,true],"advps-thumb-one":["https:\/\/arantv.az\/wp-content\/uploads\/2024\/02\/B\u0259rd\u0259ictimai-sura-1024x768-1-1024x620.jpg",1024,620,true]},"rttpg_author":{"display_name":"V\u00fcsal Rafiqo\u011flu","author_link":"https:\/\/arantv.az\/?author=2"},"rttpg_comment":0,"rttpg_category":"<a href=\"https:\/\/arantv.az\/?cat=2\" rel=\"category\">Region X\u0259b\u0259rl\u0259ri<\/a>","rttpg_excerpt":"Fevral\u0131n 2-d\u0259 B\u0259rd\u0259 rayon \u0130cra Hakimiyy\u0259tinin Ba\u015f\u00e7\u0131s\u0131 yan\u0131nda \u0130ctimai \u015euran\u0131n n\u00f6vb\u0259ti iclas\u0131 ke\u00e7irilib. ARANTV.AZ-\u0131n x\u0259b\u0259rin\u0259 g\u00f6r\u0259 iclasda \u015furan\u0131n f\u0259aliyy\u0259ti v\u0259 g\u0259l\u0259c\u0259k planlar\u0131 m\u00fczakir\u0259 olunub. \u0130ctimia \u015euran\u0131n s\u0259dri \u018fsg\u0259r \u018fsayev \u00e7\u0131x\u0131\u015f ed\u0259r\u0259k bildirib ki, \u00f6lk\u0259miz tarixi \u0259lam\u0259tdar prezident se\u00e7kil\u0259ri \u0259r\u0259f\u0259sind\u0259dir. Bunun \u00fc\u00e7\u00fcn d\u0259 \u015fura \u00fczvl\u0259rind\u0259n y\u00fcks\u0259k ictimai f\u0259all\u0131q t\u0259l\u0259b olunur. Odur ki, ictimai \u015fura \u00fczvl\u0259ri \u00f6lk\u0259miz&hellip;","_links":{"self":[{"href":"https:\/\/arantv.az\/index.php?rest_route=\/wp\/v2\/posts\/686534"}],"collection":[{"href":"https:\/\/arantv.az\/index.php?rest_route=\/wp\/v2\/posts"}],"about":[{"href":"https:\/\/arantv.az\/index.php?rest_route=\/wp\/v2\/types\/post"}],"author":[{"embeddable":true,"href":"https:\/\/arantv.az\/index.php?rest_route=\/wp\/v2\/users\/2"}],"replies":[{"embeddable":true,"href":"https:\/\/arantv.az\/index.php?rest_route=%2Fwp%2Fv2%2Fcomments&post=686534"}],"version-history":[{"count":0,"href":"https:\/\/arantv.az\/index.php?rest_route=\/wp\/v2\/posts\/686534\/revisions"}],"wp:featuredmedia":[{"embeddable":true,"href":"https:\/\/arantv.az\/index.php?rest_route=\/wp\/v2\/media\/686535"}],"wp:attachment":[{"href":"https:\/\/arantv.az\/index.php?rest_route=%2Fwp%2Fv2%2Fmedia&parent=686534"}],"wp:term":[{"taxonomy":"category","embeddable":true,"href":"https:\/\/arantv.az\/index.php?rest_route=%2Fwp%2Fv2%2Fcategories&post=686534"},{"taxonomy":"post_tag","embeddable":true,"href":"https:\/\/arantv.az\/index.php?rest_route=%2Fwp%2Fv2%2Ftags&post=686534"}],"curies":[{"name":"wp","href":"https:\/\/api.w.org\/{rel}","templated":true}]}}