{"id":686538,"date":"2024-02-02T21:55:37","date_gmt":"2024-02-02T17:55:37","guid":{"rendered":"https:\/\/arantv.az\/?p=686538"},"modified":"2024-02-02T21:55:37","modified_gmt":"2024-02-02T17:55:37","slug":"haber-globalda-fransanin-dagidici-siyas%c9%99tind%c9%99n-danisildi-must%c9%99qillik-t%c9%99l%c9%99bin%c9%99-h%c9%99bs-q%c9%99rari-video","status":"publish","type":"post","link":"https:\/\/arantv.az\/?p=686538","title":{"rendered":"\u201cHaber Global\u201dda Fransan\u0131n da\u011f\u0131d\u0131c\u0131 siyas\u0259tind\u0259n dan\u0131\u015f\u0131ld\u0131: \u201cM\u00fcst\u0259qillik t\u0259l\u0259bin\u0259 h\u0259bs q\u0259rar\u0131\u201d &#8211; V\u0130DEO"},"content":{"rendered":"<article class=\"news\">\n<div class=\"news-inner\">\n<p>T\u00fcrkiy\u0259nin \u201cHaber Global\u201d telekanal\u0131nda Fransan\u0131n regionda da\u011f\u0131d\u0131c\u0131 siyas\u0259t h\u0259yata ke\u00e7irm\u0259k plan\u0131, el\u0259c\u0259 d\u0259 Erm\u0259nistan\u0131 silahland\u0131rmaq siyas\u0259ti m\u00fczakir\u0259 olunub.<\/p>\n<p>\u201cFransa qanunu unutdu! M\u00fcst\u0259qillik t\u0259l\u0259bin\u0259 h\u0259bs q\u0259rar\u0131\u201d adl\u0131 proqramda apar\u0131lan m\u00fczakir\u0259l\u0259r zaman\u0131 Prezident\u00a0<strong>\u0130lham \u018fliyevin\u00a0<\/strong>fevral\u0131n birind\u0259 Parlamentl\u0259raras\u0131 \u0130ttifaq\u0131n Ba\u015f katibi Martin \u00c7unqonqu q\u0259bul ed\u0259rk\u0259n ifad\u0259 etdiyi fikirl\u0259r d\u0259 s\u0259sl\u0259ndirilib.<\/p>\n<p>\u201cFransa Erm\u0259nistan \u0259sg\u0259rl\u0259rin\u0259 haz\u0131rda t\u0259lim ke\u00e7ir, haz\u0131rlay\u0131r v\u0259 yenid\u0259n m\u00fcharib\u0259nin ba\u015flanmas\u0131na \u00e7al\u0131\u015f\u0131r\u201d, &#8211; dey\u0259\u00a0<strong>\u0130lham \u018fliyevin<\/strong>\u00a0s\u00f6zl\u0259ri xat\u0131rlad\u0131l\u0131b.<\/p>\n<p>Bildirilib ki, 30 il \u0259rzind\u0259 AT\u018fT-in ke\u00e7mi\u015f Minsk qrupunun h\u0259ms\u0259dri kimi he\u00e7 bir h\u0259ll\u0259 nail ola bilm\u0259y\u0259n Fransa bu d\u0259f\u0259 d\u0259 regionda m\u00fcharib\u0259nin ba\u015flamas\u0131n\u0131 ist\u0259yir.<\/p>\n<p>Videos\u00fcjetd\u0259 h\u0259m\u00e7inin Az\u0259rbaycan n\u00fcmay\u0259nd\u0259 hey\u0259tinin Avropa \u015euras\u0131 Parlament Assambleyas\u0131n\u0131 qeyri-m\u00fc\u0259yy\u0259n m\u00fcdd\u0259t\u0259 t\u0259rk etm\u0259si m\u0259s\u0259l\u0259sin\u0259 d\u0259 toxunulub.<\/p>\n<p>Eyni zamanda korsikal\u0131lar\u0131n m\u00fcst\u0259qillik t\u0259l\u0259bl\u0259rind\u0259n d\u0259 b\u0259hs edilib.<\/p>\n<p>Xat\u0131rladaq ki, Aral\u0131q d\u0259nizinin \u015fimal hiss\u0259sind\u0259 yerl\u0259\u015f\u0259n, Fransan\u0131n vaxtil\u0259 i\u015f\u011fal etdiyi Korsika adas\u0131nda insanlar m\u00fcst\u0259qillik h\u0259r\u0259kat\u0131na ba\u015flay\u0131blar. F\u0259allara qar\u015f\u0131 t\u0259zyiq art\u0131r, onlar k\u00fc\u00e7\u0259l\u0259rd\u0259 h\u0259bs olunurlar. Korsikan\u0131n bir qismi muxtariyy\u0259t, bir qismi is\u0259 m\u00fcst\u0259qillik t\u0259l\u0259b edir. M\u00fcst\u0259qillik t\u0259l\u0259b ed\u0259n hiss\u0259 is\u0259 muxtariyy\u0259tin yet\u0259rsiz oldu\u011funu d\u00fc\u015f\u00fcn\u00fcr.<\/p>\n<p>Daha \u0259trafl\u0131 videos\u00fcjetd\u0259:<\/p>\n<div><iframe loading=\"lazy\" title=\"YouTube video player\" src=\"https:\/\/www.youtube.com\/embed\/NkaNBzBCP6s?si=pVX3nlqyQfrnBlhR\" width=\"560\" height=\"315\" frameborder=\"0\" allowfullscreen=\"allowfullscreen\" data-mce-fragment=\"1\"><\/iframe><\/div>\n<\/div>\n<\/article>\n<section class=\"related-news\">\n<div class=\"l-center\"><\/div>\n<\/section>\n","protected":false},"excerpt":{"rendered":"<p>T\u00fcrkiy\u0259nin \u201cHaber Global\u201d telekanal\u0131nda Fransan\u0131n regionda da\u011f\u0131d\u0131c\u0131 siyas\u0259t h\u0259yata ke\u00e7irm\u0259k plan\u0131, el\u0259c\u0259 d\u0259 Erm\u0259nistan\u0131 silahland\u0131rmaq siyas\u0259ti m\u00fczakir\u0259 olunub. \u201cFransa qanunu unutdu! M\u00fcst\u0259qillik t\u0259l\u0259bin\u0259 h\u0259bs q\u0259rar\u0131\u201d adl\u0131 proqramda apar\u0131lan m\u00fczakir\u0259l\u0259r zaman\u0131 Prezident\u00a0\u0130lham \u018fliyevin\u00a0fevral\u0131n birind\u0259 Parlamentl\u0259raras\u0131 \u0130ttifaq\u0131n Ba\u015f katibi Martin \u00c7unqonqu q\u0259bul ed\u0259rk\u0259n ifad\u0259 etdiyi fikirl\u0259r d\u0259 s\u0259sl\u0259ndirilib. \u201cFransa Erm\u0259nistan \u0259sg\u0259rl\u0259rin\u0259 haz\u0131rda t\u0259lim ke\u00e7ir, haz\u0131rlay\u0131r v\u0259 yenid\u0259n m\u00fcharib\u0259nin ba\u015flanmas\u0131na \u00e7al\u0131\u015f\u0131r\u201d, &#8211; dey\u0259\u00a0\u0130lham \u018fliyevin\u00a0s\u00f6zl\u0259ri xat\u0131rlad\u0131l\u0131b. Bildirilib ki, 30 il \u0259rzind\u0259 AT\u018fT-in ke\u00e7mi\u015f Minsk qrupunun h\u0259ms\u0259dri kimi he\u00e7 bir h\u0259ll\u0259 nail ola bilm\u0259y\u0259n Fransa bu d\u0259f\u0259 d\u0259 regionda m\u00fcharib\u0259nin ba\u015flamas\u0131n\u0131 ist\u0259yir. Videos\u00fcjetd\u0259 h\u0259m\u00e7inin Az\u0259rbaycan&hellip;<\/p>\n","protected":false},"author":2,"featured_media":686539,"comment_status":"closed","ping_status":"closed","sticky":false,"template":"","format":"standard","meta":{"om_disable_all_campaigns":false,"_monsterinsights_skip_tracking":false,"_monsterinsights_sitenote_active":false,"_monsterinsights_sitenote_note":"","_monsterinsights_sitenote_category":0},"categories":[4],"tags":[],"aioseo_notices":[],"gutentor_comment":0,"rttpg_featured_image_url":{"full":["https:\/\/arantv.az\/wp-content\/uploads\/2024\/02\/418964855_7421505284547992_383814454758794113_n.jpg",620,413,false],"landscape":["https:\/\/arantv.az\/wp-content\/uploads\/2024\/02\/418964855_7421505284547992_383814454758794113_n.jpg",620,413,false],"portraits":["https:\/\/arantv.az\/wp-content\/uploads\/2024\/02\/418964855_7421505284547992_383814454758794113_n.jpg",620,413,false],"thumbnail":["https:\/\/arantv.az\/wp-content\/uploads\/2024\/02\/418964855_7421505284547992_383814454758794113_n-500x280.jpg",500,280,true],"medium":["https:\/\/arantv.az\/wp-content\/uploads\/2024\/02\/418964855_7421505284547992_383814454758794113_n-548x365.jpg",548,365,true],"large":["https:\/\/arantv.az\/wp-content\/uploads\/2024\/02\/418964855_7421505284547992_383814454758794113_n.jpg",620,413,false],"1536x1536":["https:\/\/arantv.az\/wp-content\/uploads\/2024\/02\/418964855_7421505284547992_383814454758794113_n.jpg",620,413,false],"2048x2048":["https:\/\/arantv.az\/wp-content\/uploads\/2024\/02\/418964855_7421505284547992_383814454758794113_n.jpg",620,413,false],"post-thumbnail":["https:\/\/arantv.az\/wp-content\/uploads\/2024\/02\/418964855_7421505284547992_383814454758794113_n-240x172.jpg",240,172,true],"advps-thumb-one":["https:\/\/arantv.az\/wp-content\/uploads\/2024\/02\/418964855_7421505284547992_383814454758794113_n.jpg",620,413,false]},"rttpg_author":{"display_name":"V\u00fcsal Rafiqo\u011flu","author_link":"https:\/\/arantv.az\/?author=2"},"rttpg_comment":0,"rttpg_category":"<a href=\"https:\/\/arantv.az\/?cat=4\" rel=\"category\">Siyas\u0259t<\/a>","rttpg_excerpt":"T\u00fcrkiy\u0259nin \u201cHaber Global\u201d telekanal\u0131nda Fransan\u0131n regionda da\u011f\u0131d\u0131c\u0131 siyas\u0259t h\u0259yata ke\u00e7irm\u0259k plan\u0131, el\u0259c\u0259 d\u0259 Erm\u0259nistan\u0131 silahland\u0131rmaq siyas\u0259ti m\u00fczakir\u0259 olunub. \u201cFransa qanunu unutdu! M\u00fcst\u0259qillik t\u0259l\u0259bin\u0259 h\u0259bs q\u0259rar\u0131\u201d adl\u0131 proqramda apar\u0131lan m\u00fczakir\u0259l\u0259r zaman\u0131 Prezident\u00a0\u0130lham \u018fliyevin\u00a0fevral\u0131n birind\u0259 Parlamentl\u0259raras\u0131 \u0130ttifaq\u0131n Ba\u015f katibi Martin \u00c7unqonqu q\u0259bul ed\u0259rk\u0259n ifad\u0259 etdiyi fikirl\u0259r d\u0259 s\u0259sl\u0259ndirilib. \u201cFransa Erm\u0259nistan \u0259sg\u0259rl\u0259rin\u0259 haz\u0131rda t\u0259lim ke\u00e7ir, haz\u0131rlay\u0131r v\u0259 yenid\u0259n&hellip;","_links":{"self":[{"href":"https:\/\/arantv.az\/index.php?rest_route=\/wp\/v2\/posts\/686538"}],"collection":[{"href":"https:\/\/arantv.az\/index.php?rest_route=\/wp\/v2\/posts"}],"about":[{"href":"https:\/\/arantv.az\/index.php?rest_route=\/wp\/v2\/types\/post"}],"author":[{"embeddable":true,"href":"https:\/\/arantv.az\/index.php?rest_route=\/wp\/v2\/users\/2"}],"replies":[{"embeddable":true,"href":"https:\/\/arantv.az\/index.php?rest_route=%2Fwp%2Fv2%2Fcomments&post=686538"}],"version-history":[{"count":0,"href":"https:\/\/arantv.az\/index.php?rest_route=\/wp\/v2\/posts\/686538\/revisions"}],"wp:featuredmedia":[{"embeddable":true,"href":"https:\/\/arantv.az\/index.php?rest_route=\/wp\/v2\/media\/686539"}],"wp:attachment":[{"href":"https:\/\/arantv.az\/index.php?rest_route=%2Fwp%2Fv2%2Fmedia&parent=686538"}],"wp:term":[{"taxonomy":"category","embeddable":true,"href":"https:\/\/arantv.az\/index.php?rest_route=%2Fwp%2Fv2%2Fcategories&post=686538"},{"taxonomy":"post_tag","embeddable":true,"href":"https:\/\/arantv.az\/index.php?rest_route=%2Fwp%2Fv2%2Ftags&post=686538"}],"curies":[{"name":"wp","href":"https:\/\/api.w.org\/{rel}","templated":true}]}}