{"id":686541,"date":"2024-02-02T21:56:32","date_gmt":"2024-02-02T17:56:32","guid":{"rendered":"https:\/\/arantv.az\/?p=686541"},"modified":"2024-02-02T21:56:32","modified_gmt":"2024-02-02T17:56:32","slug":"az%c9%99rbaycanda-polkovnik-leytenant-bokscu-qizi-il%c9%99-birlikd%c9%99-federasiyani-m%c9%99hk%c9%99m%c9%99y%c9%99-verdi-foto","status":"publish","type":"post","link":"https:\/\/arantv.az\/?p=686541","title":{"rendered":"Az\u0259rbaycanda polkovnik-leytenant boks\u00e7u q\u0131z\u0131 il\u0259 birlikd\u0259 federasiyan\u0131 m\u0259hk\u0259m\u0259y\u0259 verdi &#8211; FOTO"},"content":{"rendered":"<p>Az\u0259rbaycanl\u0131 xan\u0131m boks\u00e7u Emili Rzayeva atas\u0131 Emil Rzayevl\u0259 birlikd\u0259 Muay-Tay v\u0259 U\u015fusan Federasiyas\u0131n\u0131 m\u0259hk\u0259m\u0259y\u0259 verib.<\/p>\n<p>\u201cQaynarinfo\u201dnun m\u0259lumat\u0131na g\u00f6r\u0259, s\u00f6z\u00fcged\u0259n \u015f\u0259xsl\u0259r m\u00fclki i\u015fl\u0259 ba\u011fl\u0131 m\u0259hk\u0259m\u0259y\u0259 m\u00fcraci\u0259t edibl\u0259r.<\/p>\n<p>Emili Rzayeva Bak\u0131 \u015e\u0259h\u0259r D\u00f6vl\u0259t Yol Polisi \u0130dar\u0259sinin \u0259m\u0259kda\u015f\u0131, polis polkovnik-leytenant\u0131 Emil Rzayevin q\u0131z\u0131d\u0131r.<\/p>\n<p>Qeyd ed\u0259k ki, o, Az\u0259rbaycan boksunun tarixind\u0259 ilk Avropa \u00e7empionu ad\u0131n\u0131 qazanan xan\u0131m idman\u00e7\u0131m\u0131zd\u0131r. Rzayeva h\u0259m\u00e7inin u\u015fusanda-budo \u00fczr\u0259 d\u00fcnya kubokunun qalibi, boks \u00fczr\u0259 MDB \u00f6lk\u0259l\u0259riaras\u0131 v\u0259 beyn\u0259lxalq turnirl\u0259rin m\u00fckafat\u00e7\u0131s\u0131, kikboksda K-1 versiyas\u0131 \u00fczr\u0259 Avropa v\u0259 d\u00fcnya \u00e7empionudur, idman ustas\u0131d\u0131r.<\/p>\n<p>&nbsp;<\/p>\n<div class=\"gallery\">\n<div class=\"gallery-i\"><img src=\"https:\/\/cdn.oxu.az\/uploads\/W1siZiIsIjIwMjQvMDIvMDIvMTkvNTYvMjcvYzExZjg5MmMtNGRiMS00NWYwLWFlODAtODYyZjY4OWVlY2Y1LzVmYzAzMDAzZmM0MjJkODAyZjE4NDY3MDJiYWI5MmNkMTY2NDk1MjA1Nl8zMTA2NzIwMjZfMzMyODgzODY4NDEwODUzOF82NjcwNTA5NTgxNDExNjA5NTI4X24tanBnLmpwZyJdLFsicCIsImVuY29kZSIsImpwZyIsIi1xdWFsaXR5IDgwIl0sWyJwIiwidGh1bWIiLCI1OTB4NTkwXHUwMDNlIl1d?sha=a2cf601369445c18\" alt=\"\" \/><\/div>\n<\/div>\n","protected":false},"excerpt":{"rendered":"<p>Az\u0259rbaycanl\u0131 xan\u0131m boks\u00e7u Emili Rzayeva atas\u0131 Emil Rzayevl\u0259 birlikd\u0259 Muay-Tay v\u0259 U\u015fusan Federasiyas\u0131n\u0131 m\u0259hk\u0259m\u0259y\u0259 verib. \u201cQaynarinfo\u201dnun m\u0259lumat\u0131na g\u00f6r\u0259, s\u00f6z\u00fcged\u0259n \u015f\u0259xsl\u0259r m\u00fclki i\u015fl\u0259 ba\u011fl\u0131 m\u0259hk\u0259m\u0259y\u0259 m\u00fcraci\u0259t edibl\u0259r. Emili Rzayeva Bak\u0131 \u015e\u0259h\u0259r D\u00f6vl\u0259t Yol Polisi \u0130dar\u0259sinin \u0259m\u0259kda\u015f\u0131, polis polkovnik-leytenant\u0131 Emil Rzayevin q\u0131z\u0131d\u0131r. Qeyd ed\u0259k ki, o, Az\u0259rbaycan boksunun tarixind\u0259 ilk Avropa \u00e7empionu ad\u0131n\u0131 qazanan xan\u0131m idman\u00e7\u0131m\u0131zd\u0131r. Rzayeva h\u0259m\u00e7inin u\u015fusanda-budo \u00fczr\u0259 d\u00fcnya kubokunun qalibi, boks \u00fczr\u0259 MDB \u00f6lk\u0259l\u0259riaras\u0131 v\u0259 beyn\u0259lxalq turnirl\u0259rin m\u00fckafat\u00e7\u0131s\u0131, kikboksda K-1 versiyas\u0131 \u00fczr\u0259 Avropa v\u0259 d\u00fcnya \u00e7empionudur, idman ustas\u0131d\u0131r. &nbsp;<\/p>\n","protected":false},"author":2,"featured_media":686542,"comment_status":"closed","ping_status":"closed","sticky":false,"template":"","format":"standard","meta":{"om_disable_all_campaigns":false,"_monsterinsights_skip_tracking":false,"_monsterinsights_sitenote_active":false,"_monsterinsights_sitenote_note":"","_monsterinsights_sitenote_category":0},"categories":[1],"tags":[],"aioseo_notices":[],"gutentor_comment":0,"rttpg_featured_image_url":{"full":["https:\/\/arantv.az\/wp-content\/uploads\/2024\/02\/FotoJet-44.jpg",620,413,false],"landscape":["https:\/\/arantv.az\/wp-content\/uploads\/2024\/02\/FotoJet-44.jpg",620,413,false],"portraits":["https:\/\/arantv.az\/wp-content\/uploads\/2024\/02\/FotoJet-44.jpg",620,413,false],"thumbnail":["https:\/\/arantv.az\/wp-content\/uploads\/2024\/02\/FotoJet-44-500x280.jpg",500,280,true],"medium":["https:\/\/arantv.az\/wp-content\/uploads\/2024\/02\/FotoJet-44-548x365.jpg",548,365,true],"large":["https:\/\/arantv.az\/wp-content\/uploads\/2024\/02\/FotoJet-44.jpg",620,413,false],"1536x1536":["https:\/\/arantv.az\/wp-content\/uploads\/2024\/02\/FotoJet-44.jpg",620,413,false],"2048x2048":["https:\/\/arantv.az\/wp-content\/uploads\/2024\/02\/FotoJet-44.jpg",620,413,false],"post-thumbnail":["https:\/\/arantv.az\/wp-content\/uploads\/2024\/02\/FotoJet-44-240x172.jpg",240,172,true],"advps-thumb-one":["https:\/\/arantv.az\/wp-content\/uploads\/2024\/02\/FotoJet-44.jpg",620,413,false]},"rttpg_author":{"display_name":"V\u00fcsal Rafiqo\u011flu","author_link":"https:\/\/arantv.az\/?author=2"},"rttpg_comment":0,"rttpg_category":"<a href=\"https:\/\/arantv.az\/?cat=1\" rel=\"category\">C\u0259miyy\u0259t<\/a>","rttpg_excerpt":"Az\u0259rbaycanl\u0131 xan\u0131m boks\u00e7u Emili Rzayeva atas\u0131 Emil Rzayevl\u0259 birlikd\u0259 Muay-Tay v\u0259 U\u015fusan Federasiyas\u0131n\u0131 m\u0259hk\u0259m\u0259y\u0259 verib. \u201cQaynarinfo\u201dnun m\u0259lumat\u0131na g\u00f6r\u0259, s\u00f6z\u00fcged\u0259n \u015f\u0259xsl\u0259r m\u00fclki i\u015fl\u0259 ba\u011fl\u0131 m\u0259hk\u0259m\u0259y\u0259 m\u00fcraci\u0259t edibl\u0259r. Emili Rzayeva Bak\u0131 \u015e\u0259h\u0259r D\u00f6vl\u0259t Yol Polisi \u0130dar\u0259sinin \u0259m\u0259kda\u015f\u0131, polis polkovnik-leytenant\u0131 Emil Rzayevin q\u0131z\u0131d\u0131r. Qeyd ed\u0259k ki, o, Az\u0259rbaycan boksunun tarixind\u0259 ilk Avropa \u00e7empionu ad\u0131n\u0131 qazanan xan\u0131m idman\u00e7\u0131m\u0131zd\u0131r. Rzayeva&hellip;","_links":{"self":[{"href":"https:\/\/arantv.az\/index.php?rest_route=\/wp\/v2\/posts\/686541"}],"collection":[{"href":"https:\/\/arantv.az\/index.php?rest_route=\/wp\/v2\/posts"}],"about":[{"href":"https:\/\/arantv.az\/index.php?rest_route=\/wp\/v2\/types\/post"}],"author":[{"embeddable":true,"href":"https:\/\/arantv.az\/index.php?rest_route=\/wp\/v2\/users\/2"}],"replies":[{"embeddable":true,"href":"https:\/\/arantv.az\/index.php?rest_route=%2Fwp%2Fv2%2Fcomments&post=686541"}],"version-history":[{"count":0,"href":"https:\/\/arantv.az\/index.php?rest_route=\/wp\/v2\/posts\/686541\/revisions"}],"wp:featuredmedia":[{"embeddable":true,"href":"https:\/\/arantv.az\/index.php?rest_route=\/wp\/v2\/media\/686542"}],"wp:attachment":[{"href":"https:\/\/arantv.az\/index.php?rest_route=%2Fwp%2Fv2%2Fmedia&parent=686541"}],"wp:term":[{"taxonomy":"category","embeddable":true,"href":"https:\/\/arantv.az\/index.php?rest_route=%2Fwp%2Fv2%2Fcategories&post=686541"},{"taxonomy":"post_tag","embeddable":true,"href":"https:\/\/arantv.az\/index.php?rest_route=%2Fwp%2Fv2%2Ftags&post=686541"}],"curies":[{"name":"wp","href":"https:\/\/api.w.org\/{rel}","templated":true}]}}