{"id":687182,"date":"2024-02-05T12:38:39","date_gmt":"2024-02-05T08:38:39","guid":{"rendered":"https:\/\/arantv.az\/?p=687182"},"modified":"2024-02-05T12:38:39","modified_gmt":"2024-02-05T08:38:39","slug":"qadini-t%c9%99hqir-etdiyi-deyil%c9%99n-v%c9%99zif%c9%99li-s%c9%99xs-bar%c9%99d%c9%99-q%c9%99rar-verildi","status":"publish","type":"post","link":"https:\/\/arantv.az\/?p=687182","title":{"rendered":"Qad\u0131n\u0131 t\u0259hqir etdiyi deyil\u0259n v\u0259zif\u0259li \u015f\u0259xs bar\u0259d\u0259 q\u0259rar verildi"},"content":{"rendered":"<p>\u015e\u0259rur Rayon M\u0259hk\u0259m\u0259sind\u0259 bar\u0259sind\u0259 x\u00fcsusi ittiham qaydas\u0131nda \u015fikay\u0259t edilmi\u015f D\u00fcd\u0259ng\u0259 k\u0259nd icra n\u00fcmay\u0259nd\u0259si M\u00fcbariz Quliyev\u0259 h\u00f6km oxunub.<\/p>\n<p>\u201cQafqazinfo\u201d x\u0259b\u0259r verir ki, m\u0259hk\u0259m\u0259 M.Quliyev\u0259 Cinay\u0259t M\u0259c\u0259ll\u0259sinin 148-ci (t\u0259hqir) madd\u0259si il\u0259 b\u0259ra\u0259t verib.<\/p>\n<p>Bildirilib ki, k\u0259ndd\u0259 yerl\u0259\u015f\u0259n m\u0259d\u0259niyy\u0259t evinin metodisti G.\u018fhm\u0259dova icra n\u00fcmay\u0259nd\u0259sinin onu t\u0259hqir etdiyini v\u0259 prinsip apard\u0131\u011f\u0131n\u0131 iddia ed\u0259r\u0259k m\u0259hk\u0259m\u0259y\u0259 m\u00fcraci\u0259t edib. Lakin m\u0259hk\u0259m\u0259 ara\u015fd\u0131rmas\u0131 zaman\u0131 ittihamlar s\u00fcbuta yetirilm\u0259yib.<\/p>\n","protected":false},"excerpt":{"rendered":"<p>\u015e\u0259rur Rayon M\u0259hk\u0259m\u0259sind\u0259 bar\u0259sind\u0259 x\u00fcsusi ittiham qaydas\u0131nda \u015fikay\u0259t edilmi\u015f D\u00fcd\u0259ng\u0259 k\u0259nd icra n\u00fcmay\u0259nd\u0259si M\u00fcbariz Quliyev\u0259 h\u00f6km oxunub. \u201cQafqazinfo\u201d x\u0259b\u0259r verir ki, m\u0259hk\u0259m\u0259 M.Quliyev\u0259 Cinay\u0259t M\u0259c\u0259ll\u0259sinin 148-ci (t\u0259hqir) madd\u0259si il\u0259 b\u0259ra\u0259t verib. Bildirilib ki, k\u0259ndd\u0259 yerl\u0259\u015f\u0259n m\u0259d\u0259niyy\u0259t evinin metodisti G.\u018fhm\u0259dova icra n\u00fcmay\u0259nd\u0259sinin onu t\u0259hqir etdiyini v\u0259 prinsip apard\u0131\u011f\u0131n\u0131 iddia ed\u0259r\u0259k m\u0259hk\u0259m\u0259y\u0259 m\u00fcraci\u0259t edib. Lakin m\u0259hk\u0259m\u0259 ara\u015fd\u0131rmas\u0131 zaman\u0131 ittihamlar s\u00fcbuta yetirilm\u0259yib.<\/p>\n","protected":false},"author":2,"featured_media":687183,"comment_status":"closed","ping_status":"closed","sticky":false,"template":"","format":"standard","meta":{"om_disable_all_campaigns":false,"_monsterinsights_skip_tracking":false,"_monsterinsights_sitenote_active":false,"_monsterinsights_sitenote_note":"","_monsterinsights_sitenote_category":0},"categories":[5],"tags":[],"aioseo_notices":[],"gutentor_comment":0,"rttpg_featured_image_url":{"full":["https:\/\/arantv.az\/wp-content\/uploads\/2024\/02\/vezifeli_copy.jpg",620,413,false],"landscape":["https:\/\/arantv.az\/wp-content\/uploads\/2024\/02\/vezifeli_copy.jpg",620,413,false],"portraits":["https:\/\/arantv.az\/wp-content\/uploads\/2024\/02\/vezifeli_copy.jpg",620,413,false],"thumbnail":["https:\/\/arantv.az\/wp-content\/uploads\/2024\/02\/vezifeli_copy-500x280.jpg",500,280,true],"medium":["https:\/\/arantv.az\/wp-content\/uploads\/2024\/02\/vezifeli_copy-548x365.jpg",548,365,true],"large":["https:\/\/arantv.az\/wp-content\/uploads\/2024\/02\/vezifeli_copy.jpg",620,413,false],"1536x1536":["https:\/\/arantv.az\/wp-content\/uploads\/2024\/02\/vezifeli_copy.jpg",620,413,false],"2048x2048":["https:\/\/arantv.az\/wp-content\/uploads\/2024\/02\/vezifeli_copy.jpg",620,413,false],"post-thumbnail":["https:\/\/arantv.az\/wp-content\/uploads\/2024\/02\/vezifeli_copy-240x172.jpg",240,172,true],"advps-thumb-one":["https:\/\/arantv.az\/wp-content\/uploads\/2024\/02\/vezifeli_copy.jpg",620,413,false]},"rttpg_author":{"display_name":"V\u00fcsal Rafiqo\u011flu","author_link":"https:\/\/arantv.az\/?author=2"},"rttpg_comment":0,"rttpg_category":"<a href=\"https:\/\/arantv.az\/?cat=5\" rel=\"category\">Hadis\u0259<\/a>","rttpg_excerpt":"\u015e\u0259rur Rayon M\u0259hk\u0259m\u0259sind\u0259 bar\u0259sind\u0259 x\u00fcsusi ittiham qaydas\u0131nda \u015fikay\u0259t edilmi\u015f D\u00fcd\u0259ng\u0259 k\u0259nd icra n\u00fcmay\u0259nd\u0259si M\u00fcbariz Quliyev\u0259 h\u00f6km oxunub. \u201cQafqazinfo\u201d x\u0259b\u0259r verir ki, m\u0259hk\u0259m\u0259 M.Quliyev\u0259 Cinay\u0259t M\u0259c\u0259ll\u0259sinin 148-ci (t\u0259hqir) madd\u0259si il\u0259 b\u0259ra\u0259t verib. Bildirilib ki, k\u0259ndd\u0259 yerl\u0259\u015f\u0259n m\u0259d\u0259niyy\u0259t evinin metodisti G.\u018fhm\u0259dova icra n\u00fcmay\u0259nd\u0259sinin onu t\u0259hqir etdiyini v\u0259 prinsip apard\u0131\u011f\u0131n\u0131 iddia ed\u0259r\u0259k m\u0259hk\u0259m\u0259y\u0259 m\u00fcraci\u0259t edib. Lakin m\u0259hk\u0259m\u0259 ara\u015fd\u0131rmas\u0131&hellip;","_links":{"self":[{"href":"https:\/\/arantv.az\/index.php?rest_route=\/wp\/v2\/posts\/687182"}],"collection":[{"href":"https:\/\/arantv.az\/index.php?rest_route=\/wp\/v2\/posts"}],"about":[{"href":"https:\/\/arantv.az\/index.php?rest_route=\/wp\/v2\/types\/post"}],"author":[{"embeddable":true,"href":"https:\/\/arantv.az\/index.php?rest_route=\/wp\/v2\/users\/2"}],"replies":[{"embeddable":true,"href":"https:\/\/arantv.az\/index.php?rest_route=%2Fwp%2Fv2%2Fcomments&post=687182"}],"version-history":[{"count":0,"href":"https:\/\/arantv.az\/index.php?rest_route=\/wp\/v2\/posts\/687182\/revisions"}],"wp:featuredmedia":[{"embeddable":true,"href":"https:\/\/arantv.az\/index.php?rest_route=\/wp\/v2\/media\/687183"}],"wp:attachment":[{"href":"https:\/\/arantv.az\/index.php?rest_route=%2Fwp%2Fv2%2Fmedia&parent=687182"}],"wp:term":[{"taxonomy":"category","embeddable":true,"href":"https:\/\/arantv.az\/index.php?rest_route=%2Fwp%2Fv2%2Fcategories&post=687182"},{"taxonomy":"post_tag","embeddable":true,"href":"https:\/\/arantv.az\/index.php?rest_route=%2Fwp%2Fv2%2Ftags&post=687182"}],"curies":[{"name":"wp","href":"https:\/\/api.w.org\/{rel}","templated":true}]}}