{"id":687243,"date":"2024-02-05T14:54:12","date_gmt":"2024-02-05T10:54:12","guid":{"rendered":"https:\/\/arantv.az\/?p=687243"},"modified":"2024-02-05T14:54:12","modified_gmt":"2024-02-05T10:54:12","slug":"bab%c9%99k-rayon-sakini-d%c9%99m-qazindan-olub","status":"publish","type":"post","link":"https:\/\/arantv.az\/?p=687243","title":{"rendered":"Bab\u0259k rayon sakini d\u0259m qaz\u0131ndan \u00f6l\u00fcb"},"content":{"rendered":"<p>Bab\u0259k rayonunda d\u0259m qaz\u0131 41 ya\u015fl\u0131 qad\u0131n\u0131n \u00f6l\u00fcm\u00fcn\u0259 s\u0259b\u0259b olub.<\/p>\n<p>APA-n\u0131n Nax\u00e7\u0131van b\u00fcrosu x\u0259b\u0259r verir ki, hadis\u0259 d\u00fcn\u0259n gec\u0259 saatlar\u0131nda rayonun Nax\u0131\u015fn\u0259rgiz k\u0259ndind\u0259 qeyd\u0259 al\u0131n\u0131b. Bel\u0259 ki, d\u0259m qaz\u0131n\u0131n s\u0131zmas\u0131 n\u0259tic\u0259sind\u0259 k\u0259nd sakini, 1983-c\u00fc il t\u0259v\u0259ll\u00fcdl\u00fc M\u0259leyk\u0259 Mahmud q\u0131z\u0131 Zamanova\u00a0d\u00fcnyas\u0131n\u0131 d\u0259yi\u015fib.<\/p>\n<p>Faktla ba\u011fl\u0131 Bab\u0259k Rayon Prokurorlu\u011funda ara\u015fd\u0131rma apar\u0131l\u0131r.<\/p>\n","protected":false},"excerpt":{"rendered":"<p>Bab\u0259k rayonunda d\u0259m qaz\u0131 41 ya\u015fl\u0131 qad\u0131n\u0131n \u00f6l\u00fcm\u00fcn\u0259 s\u0259b\u0259b olub. APA-n\u0131n Nax\u00e7\u0131van b\u00fcrosu x\u0259b\u0259r verir ki, hadis\u0259 d\u00fcn\u0259n gec\u0259 saatlar\u0131nda rayonun Nax\u0131\u015fn\u0259rgiz k\u0259ndind\u0259 qeyd\u0259 al\u0131n\u0131b. Bel\u0259 ki, d\u0259m qaz\u0131n\u0131n s\u0131zmas\u0131 n\u0259tic\u0259sind\u0259 k\u0259nd sakini, 1983-c\u00fc il t\u0259v\u0259ll\u00fcdl\u00fc M\u0259leyk\u0259 Mahmud q\u0131z\u0131 Zamanova\u00a0d\u00fcnyas\u0131n\u0131 d\u0259yi\u015fib. Faktla ba\u011fl\u0131 Bab\u0259k Rayon Prokurorlu\u011funda ara\u015fd\u0131rma apar\u0131l\u0131r.<\/p>\n","protected":false},"author":2,"featured_media":687244,"comment_status":"closed","ping_status":"closed","sticky":false,"template":"","format":"standard","meta":{"om_disable_all_campaigns":false,"_monsterinsights_skip_tracking":false,"_monsterinsights_sitenote_active":false,"_monsterinsights_sitenote_note":"","_monsterinsights_sitenote_category":0},"categories":[5],"tags":[],"aioseo_notices":[],"gutentor_comment":0,"rttpg_featured_image_url":{"full":["https:\/\/arantv.az\/wp-content\/uploads\/2024\/02\/65c0a17769fe465c0a17769fe51707123063de275196a22c0562dda1859ff18f6324.jpg",620,413,false],"landscape":["https:\/\/arantv.az\/wp-content\/uploads\/2024\/02\/65c0a17769fe465c0a17769fe51707123063de275196a22c0562dda1859ff18f6324.jpg",620,413,false],"portraits":["https:\/\/arantv.az\/wp-content\/uploads\/2024\/02\/65c0a17769fe465c0a17769fe51707123063de275196a22c0562dda1859ff18f6324.jpg",620,413,false],"thumbnail":["https:\/\/arantv.az\/wp-content\/uploads\/2024\/02\/65c0a17769fe465c0a17769fe51707123063de275196a22c0562dda1859ff18f6324-500x280.jpg",500,280,true],"medium":["https:\/\/arantv.az\/wp-content\/uploads\/2024\/02\/65c0a17769fe465c0a17769fe51707123063de275196a22c0562dda1859ff18f6324-548x365.jpg",548,365,true],"large":["https:\/\/arantv.az\/wp-content\/uploads\/2024\/02\/65c0a17769fe465c0a17769fe51707123063de275196a22c0562dda1859ff18f6324.jpg",620,413,false],"1536x1536":["https:\/\/arantv.az\/wp-content\/uploads\/2024\/02\/65c0a17769fe465c0a17769fe51707123063de275196a22c0562dda1859ff18f6324.jpg",620,413,false],"2048x2048":["https:\/\/arantv.az\/wp-content\/uploads\/2024\/02\/65c0a17769fe465c0a17769fe51707123063de275196a22c0562dda1859ff18f6324.jpg",620,413,false],"post-thumbnail":["https:\/\/arantv.az\/wp-content\/uploads\/2024\/02\/65c0a17769fe465c0a17769fe51707123063de275196a22c0562dda1859ff18f6324-240x172.jpg",240,172,true],"advps-thumb-one":["https:\/\/arantv.az\/wp-content\/uploads\/2024\/02\/65c0a17769fe465c0a17769fe51707123063de275196a22c0562dda1859ff18f6324.jpg",620,413,false]},"rttpg_author":{"display_name":"V\u00fcsal Rafiqo\u011flu","author_link":"https:\/\/arantv.az\/?author=2"},"rttpg_comment":0,"rttpg_category":"<a href=\"https:\/\/arantv.az\/?cat=5\" rel=\"category\">Hadis\u0259<\/a>","rttpg_excerpt":"Bab\u0259k rayonunda d\u0259m qaz\u0131 41 ya\u015fl\u0131 qad\u0131n\u0131n \u00f6l\u00fcm\u00fcn\u0259 s\u0259b\u0259b olub. APA-n\u0131n Nax\u00e7\u0131van b\u00fcrosu x\u0259b\u0259r verir ki, hadis\u0259 d\u00fcn\u0259n gec\u0259 saatlar\u0131nda rayonun Nax\u0131\u015fn\u0259rgiz k\u0259ndind\u0259 qeyd\u0259 al\u0131n\u0131b. Bel\u0259 ki, d\u0259m qaz\u0131n\u0131n s\u0131zmas\u0131 n\u0259tic\u0259sind\u0259 k\u0259nd sakini, 1983-c\u00fc il t\u0259v\u0259ll\u00fcdl\u00fc M\u0259leyk\u0259 Mahmud q\u0131z\u0131 Zamanova\u00a0d\u00fcnyas\u0131n\u0131 d\u0259yi\u015fib. Faktla ba\u011fl\u0131 Bab\u0259k Rayon Prokurorlu\u011funda ara\u015fd\u0131rma apar\u0131l\u0131r.","_links":{"self":[{"href":"https:\/\/arantv.az\/index.php?rest_route=\/wp\/v2\/posts\/687243"}],"collection":[{"href":"https:\/\/arantv.az\/index.php?rest_route=\/wp\/v2\/posts"}],"about":[{"href":"https:\/\/arantv.az\/index.php?rest_route=\/wp\/v2\/types\/post"}],"author":[{"embeddable":true,"href":"https:\/\/arantv.az\/index.php?rest_route=\/wp\/v2\/users\/2"}],"replies":[{"embeddable":true,"href":"https:\/\/arantv.az\/index.php?rest_route=%2Fwp%2Fv2%2Fcomments&post=687243"}],"version-history":[{"count":0,"href":"https:\/\/arantv.az\/index.php?rest_route=\/wp\/v2\/posts\/687243\/revisions"}],"wp:featuredmedia":[{"embeddable":true,"href":"https:\/\/arantv.az\/index.php?rest_route=\/wp\/v2\/media\/687244"}],"wp:attachment":[{"href":"https:\/\/arantv.az\/index.php?rest_route=%2Fwp%2Fv2%2Fmedia&parent=687243"}],"wp:term":[{"taxonomy":"category","embeddable":true,"href":"https:\/\/arantv.az\/index.php?rest_route=%2Fwp%2Fv2%2Fcategories&post=687243"},{"taxonomy":"post_tag","embeddable":true,"href":"https:\/\/arantv.az\/index.php?rest_route=%2Fwp%2Fv2%2Ftags&post=687243"}],"curies":[{"name":"wp","href":"https:\/\/api.w.org\/{rel}","templated":true}]}}