{"id":687249,"date":"2024-02-05T14:57:41","date_gmt":"2024-02-05T10:57:41","guid":{"rendered":"https:\/\/arantv.az\/?p=687249"},"modified":"2024-02-05T14:57:41","modified_gmt":"2024-02-05T10:57:41","slug":"bir-referendumluq-cani-olan-olk%c9%99-erm%c9%99nistan-qinina-c%c9%99kilir","status":"publish","type":"post","link":"https:\/\/arantv.az\/?p=687249","title":{"rendered":"Bir referendumluq can\u0131 olan \u00f6lk\u0259 \u2013 Erm\u0259nistan &#8220;q\u0131n\u0131na&#8221; \u00e7\u0259kilir?"},"content":{"rendered":"<p>\u0130lin-g\u00fcn\u00fcn bu vaxt\u0131nda erm\u0259ni toplumunda \u00e7a\u015f\u0131b d\u00fcz dan\u0131\u015fan, ger\u00e7\u0259yi v\u0259 h\u0259tta haqq\u0131 dey\u0259n birini g\u00f6rm\u0259k h\u0259qiq\u0259t\u0259n sensasion say\u0131la bil\u0259r. Eyni zamanda, \u00fcmidverici. \u018fn \u0259vv\u0259l d\u0259 hay toplumunun \u00f6z\u00fc \u00fc\u00e7\u00fcn. Dem\u0259k, \u201cxroniki x\u0259st\u0259lik\u201dd\u0259n sa\u011falma \u015fans\u0131 qal\u0131r.<\/p>\n<p>Ancaq t\u0259\u0259ss\u00fcf ki, bel\u0259 normal d\u00fc\u015f\u00fcn\u0259nl\u0259rin say\u0131 \u201cm\u00fcalic\u0259vi doza\u201dda deyil. H\u0259l\u0259 xeyli vaxt laz\u0131md\u0131r ki, erm\u0259ni c\u0259miyy\u0259tind\u0259 tibbi terminl\u0259 yazsaq, \u201cm\u00fcsb\u0259t radikallar\u201d o q\u0259d\u0259r \u00e7oxals\u0131n ki, \u201cm\u0259nfil\u0259ri\u201d bas\u0131b \u201cyesin\u201d. Ona is\u0259 h\u0259l\u0259 var&#8230;<\/p>\n<p>M\u0259\u015fhur aforizml\u0259rd\u0259n biri bel\u0259dir: \u201cD\u00fcnyada d\u0259lil\u0259r \u00e7oxluqda olsayd\u0131, a\u011f\u0131ll\u0131lar\u0131 d\u0259lixanaya salard\u0131lar\u201d. \u0130ndi \u201cQafqaz qara\u00e7\u0131lar\u0131\u201d da. \u00d6z aralar\u0131ndan m\u0259ntiqli n\u0259s\u0259 s\u00f6yl\u0259y\u0259ni o saat \u201cxain\u201d, \u201cerm\u0259ni soyundan olmayan\u201d kimi \u015f\u0259rl\u0259yib qaralay\u0131r, ya da terrorla, \u00f6l\u00fcml\u0259 h\u0259d\u0259l\u0259yirl\u0259r. Heyvani kin-nifr\u0259t erm\u0259ni \u00e7oxlu\u011fun g\u00f6z\u00fcn\u00fc o d\u0259r\u0259c\u0259d\u0259 tutub ki, bir-biril\u0259rinin \u00fcnvan\u0131na \u201ct\u00fcrk\u201d s\u00f6z\u00fcn\u00fc t\u0259hqir kimi istifad\u0259 edirl\u0259r.<\/p>\n<p>M\u0259tl\u0259b\u0259 qay\u0131daq.<\/p>\n<p>\u201cQaraba\u011f bizim \u00fc\u00e7\u00fcn gerid\u00f6nm\u0259z \u015f\u0259kild\u0259 itirilib\u201d.<\/p>\n<p>Bunu erm\u0259ni arxiyepiskopu Mikael Acapaxyan bildirib.<\/p>\n<p>Davam\u0131 daha t\u0259sirlidir: \u201cErm\u0259nil\u0259r \u00fc\u00e7\u00fcn h\u0259r \u015fey yanl\u0131\u015fd\u0131r. Q\u0259l\u0259b\u0259 anlay\u0131\u015f\u0131 yanl\u0131\u015f, m\u0259\u011flubiyy\u0259t anlay\u0131\u015f\u0131 yanl\u0131\u015f, d\u00f6vl\u0259t anlay\u0131\u015f\u0131 yanl\u0131\u015f, kils\u0259 anlay\u0131\u015f\u0131 yanl\u0131\u015f. Dem\u0259li, obyektiv reall\u0131q budur ki, erm\u0259nil\u0259r \u00e7ox pisdir\u2026 Erm\u0259ni xalq\u0131n\u0131n \u00f6z\u00fc haqq\u0131nda \u00e7oxlu s\u0259hv t\u0259s\u0259vv\u00fcr\u00fc var. \u0130deal xalq olduqlar\u0131n\u0131 d\u00fc\u015f\u00fcn\u00fcrl\u0259r, \u0259slind\u0259 is\u0259 \u0259n utancverici, \u0259n x\u0259st\u0259 v\u0259 m\u00fcalic\u0259y\u0259 \u0259n \u00e7ox ehtiyac\u0131 olanlard\u0131r\u201d.<\/p>\n<p>\u201cM\u00fcalic\u0259y\u0259 \u0259n \u00e7ox ehtiyac\u0131 olan&#8230;\u201d<\/p>\n<p>Xristianl\u0131\u011f\u0131 guya ilk q\u0259bul etm\u0259l\u0259ri il\u0259 \u00f6y\u00fcn\u0259n erm\u0259ni din xadiml\u0259ri ad\u0259t\u0259n Allah\u0131, \u0130sa pey\u011f\u0259mb\u0259ri unudub da dig\u0259r xalqlara, \u00f6z\u0259llikl\u0259 t\u00fcrkl\u0259r\u0259 qar\u015f\u0131 daima zorak\u0131l\u0131\u011f\u0131, terroru t\u0259bli\u011f edibl\u0259r. Fakt budur ki, erm\u0259nil\u0259rin qon\u015fu dinc \u0259haliy\u0259 qar\u015f\u0131 t\u00f6r\u0259tdikl\u0259ri says\u0131z v\u0259h\u015filikl\u0259rin \u0259sas m\u0259n\u0259vi sponsoru, ideoloqu m\u0259hz erm\u0259ni kils\u0259si olub. 44 g\u00fcnl\u00fck m\u00fcharib\u0259d\u0259n, \u201cD\u0259mir yumruq\u201ddan sonra da bu x\u0259bis xisl\u0259t d\u0259yi\u015fm\u0259yib. Odur ki, tezlikl\u0259 arxiyepiskop Acapaxyan\u0131n \u201caxmaq\u201d, \u201csat\u0131lm\u0131\u015f\u201d, \u201ct\u00fcrkl\u0259\u015f\u0259n erm\u0259ni\u201d kimi dam\u011falan\u0131b h\u0259d\u0259f edil\u0259c\u0259yi \u015f\u0259ksizdir.<\/p>\n<p>\u0130ndi g\u0259l, \u201cx\u0259st\u0259-d\u0259lil\u0259r\u201din meydan sulad\u0131\u011f\u0131 c\u0259miyy\u0259td\u0259 referendum ke\u00e7ir v\u0259 konstitusiyan\u0131 beyn\u0259lxalq h\u00fcquqa, BMT Nizamnam\u0259sin\u0259, b\u00f6lg\u0259d\u0259ki geosiyasi reall\u0131qlara uy\u011funla\u015f\u0131r, g\u00f6r\u00fcm nec\u0259 uy\u011funla\u015fd\u0131r\u0131rsan. Pa\u015finyan \u00fc\u00e7\u00fcn ger\u00e7\u0259kd\u0259n \u00e7ox q\u0259liz v\u0259 m\u00fc\u015fk\u00fcl bir durum. Halbuki yeni, s\u00fclh konstitusiyas\u0131 ham\u0131dan \u00e7ox erm\u0259ni xalq\u0131n\u0131n \u00f6z\u00fcn\u0259 laz\u0131md\u0131r. Zira, inki\u015faf yoluna \u00e7\u0131xma\u011f\u0131n t\u0259k \u015f\u0259rti bu&#8230;<\/p>\n<p>S\u00f6zg\u0259li\u015fi, b\u0259zi m\u0259lumatlara g\u00f6r\u0259, N.Pa\u015finyan referenduma h\u0259m d\u0259 kils\u0259y\u0259 hakimiyy\u0259t\u0259 m\u00fcdaxil\u0259 imkan\u0131 ver\u0259n konstitusion b\u0259ndi l\u0259\u011fv el\u0259m\u0259k \u00fc\u00e7\u00fcn gedir. Bel\u0259dirs\u0259, ikiqat haql\u0131. Katolikos d\u00f6vl\u0259t i\u015fl\u0259rin\u0259, daxili-xarici siyas\u0259t\u0259 niy\u0259 burun soxmal\u0131d\u0131r ki.<\/p>\n<p>B\u0259z\u0259n fikirl\u0259r s\u0259sl\u0259nir ki, kils\u0259 il\u0259 ba\u011fl\u0131 h\u0259min m\u00fcdd\u0259a da daxil, konstitusiya d\u0259yi\u015fiklikl\u0259ri parlamentind\u0259 3\/5 s\u0259s \u00e7oxlu\u011fu il\u0259 d\u0259 realla\u015fa bil\u0259r \u2013 hans\u0131 ki, hakim \u201cM\u00fclki M\u00fcqavil\u0259\u201d partiyas\u0131na m\u0259xsusdur. O zaman Nikol niy\u0259 referendumda israrl\u0131d\u0131r? Vaxt udmaq \u00fc\u00e7\u00fcnm\u00fc?<\/p>\n<p>Ola bil\u0259r. Amma \u0259sas h\u0259d\u0259f y\u0259qin ki, ayr\u0131d\u0131r. \u0130\u015f ondad\u0131r ki, hakimiyy\u0259tl\u0259r g\u0259ldi-ged\u0259rdi. Kim z\u0259man\u0259t ver\u0259 bil\u0259r ki, g\u00fcn\u00fcn birind\u0259 iqtidar olacaq hans\u0131sa revan\u015fist anti-t\u00fcrk\u00e7\u00fc hakimiyy\u0259t parlamentd\u0259 eyni s\u0259s \u00e7oxlu\u011fu il\u0259 konstitusiyan\u0131 \u0259vv\u0259lki v\u0259ziyy\u0259t\u0259 qaytarmayacaq?..<\/p>\n<p>Referendum is\u0259 ayr\u0131 m\u0259s\u0259l\u0259. Bu, art\u0131q xalq\u0131n m\u00f6vqeyi olacaq. Onu q\u0131sa zamanda, tezbazar d\u0259yi\u015fm\u0259k ayd\u0131nd\u0131r ki, asan deyil. \u00dcst\u00fcns\u0259 xalq\u0131n irad\u0259si var. Bunu radikal m\u00fcxalif\u0259t d\u0259 anlay\u0131r v\u0259 referenduma qar\u015f\u0131 \u00e7\u0131x\u0131r. Onu da bilir ki, referendum (\u0259g\u0259r ba\u015f tutacaqsa) paralel sur\u0259td\u0259 hakim komandaya etimad\u0131, y\u0259ni legitimlik s\u0259viyy\u0259sini m\u00fc\u0259yy\u0259n ed\u0259c\u0259k, da\u015fla\u015fd\u0131racaq.<\/p>\n<p>\u018fn vacibi is\u0259 \u0259lb\u0259tt\u0259 ki, a\u015fa\u011f\u0131dak\u0131 suala veril\u0259c\u0259k cavab olacaq: erm\u0259ni toplumu m\u0259lum x\u0259st\u0259likd\u0259n sa\u011fal\u0131b normal xalqlar c\u0259rg\u0259sin\u0259 qay\u0131tmaq ist\u0259yir, ya yox? Q\u0131n\u0131na \u00e7\u0259kilm\u0259k zaman\u0131d\u0131r. \u00d6z\u00fc d\u0259 h\u0259mi\u015f\u0259lik&#8230;<\/p>\n<p><strong>Zahid S\u018fF\u018fRO\u011eLU<\/strong><\/p>\n<div class=\"news-author text-left\"><a href=\"https:\/\/www.musavat.com\/author\/zahid-seferoglu_2\"><img class=\"img-responsive img-author\" src=\"https:\/\/cdn.musavat.com\/authors\/thumbnails\/7dceba561e27f2296f5e82d34d1dd6bd.jpg\" \/>Zahid S\u018fF\u018fRO\u011eLU<\/a><\/div>\n","protected":false},"excerpt":{"rendered":"<p>\u0130lin-g\u00fcn\u00fcn bu vaxt\u0131nda erm\u0259ni toplumunda \u00e7a\u015f\u0131b d\u00fcz dan\u0131\u015fan, ger\u00e7\u0259yi v\u0259 h\u0259tta haqq\u0131 dey\u0259n birini g\u00f6rm\u0259k h\u0259qiq\u0259t\u0259n sensasion say\u0131la bil\u0259r. Eyni zamanda, \u00fcmidverici. \u018fn \u0259vv\u0259l d\u0259 hay toplumunun \u00f6z\u00fc \u00fc\u00e7\u00fcn. Dem\u0259k, \u201cxroniki x\u0259st\u0259lik\u201dd\u0259n sa\u011falma \u015fans\u0131 qal\u0131r. Ancaq t\u0259\u0259ss\u00fcf ki, bel\u0259 normal d\u00fc\u015f\u00fcn\u0259nl\u0259rin say\u0131 \u201cm\u00fcalic\u0259vi doza\u201dda deyil. H\u0259l\u0259 xeyli vaxt laz\u0131md\u0131r ki, erm\u0259ni c\u0259miyy\u0259tind\u0259 tibbi terminl\u0259 yazsaq, \u201cm\u00fcsb\u0259t radikallar\u201d o q\u0259d\u0259r \u00e7oxals\u0131n ki, \u201cm\u0259nfil\u0259ri\u201d bas\u0131b \u201cyesin\u201d. Ona is\u0259 h\u0259l\u0259 var&#8230; M\u0259\u015fhur aforizml\u0259rd\u0259n biri bel\u0259dir: \u201cD\u00fcnyada d\u0259lil\u0259r \u00e7oxluqda olsayd\u0131, a\u011f\u0131ll\u0131lar\u0131 d\u0259lixanaya salard\u0131lar\u201d. \u0130ndi \u201cQafqaz qara\u00e7\u0131lar\u0131\u201d da. \u00d6z aralar\u0131ndan m\u0259ntiqli n\u0259s\u0259 s\u00f6yl\u0259y\u0259ni o saat&hellip;<\/p>\n","protected":false},"author":2,"featured_media":687250,"comment_status":"closed","ping_status":"closed","sticky":false,"template":"","format":"standard","meta":{"om_disable_all_campaigns":false,"_monsterinsights_skip_tracking":false,"_monsterinsights_sitenote_active":false,"_monsterinsights_sitenote_note":"","_monsterinsights_sitenote_category":0},"categories":[1],"tags":[],"aioseo_notices":[],"gutentor_comment":0,"rttpg_featured_image_url":{"full":["https:\/\/arantv.az\/wp-content\/uploads\/2024\/02\/f44c92daf5cfeadb9229e3c4e77c4898.jpg",600,399,false],"landscape":["https:\/\/arantv.az\/wp-content\/uploads\/2024\/02\/f44c92daf5cfeadb9229e3c4e77c4898.jpg",600,399,false],"portraits":["https:\/\/arantv.az\/wp-content\/uploads\/2024\/02\/f44c92daf5cfeadb9229e3c4e77c4898.jpg",600,399,false],"thumbnail":["https:\/\/arantv.az\/wp-content\/uploads\/2024\/02\/f44c92daf5cfeadb9229e3c4e77c4898-500x280.jpg",500,280,true],"medium":["https:\/\/arantv.az\/wp-content\/uploads\/2024\/02\/f44c92daf5cfeadb9229e3c4e77c4898-549x365.jpg",549,365,true],"large":["https:\/\/arantv.az\/wp-content\/uploads\/2024\/02\/f44c92daf5cfeadb9229e3c4e77c4898.jpg",600,399,false],"1536x1536":["https:\/\/arantv.az\/wp-content\/uploads\/2024\/02\/f44c92daf5cfeadb9229e3c4e77c4898.jpg",600,399,false],"2048x2048":["https:\/\/arantv.az\/wp-content\/uploads\/2024\/02\/f44c92daf5cfeadb9229e3c4e77c4898.jpg",600,399,false],"post-thumbnail":["https:\/\/arantv.az\/wp-content\/uploads\/2024\/02\/f44c92daf5cfeadb9229e3c4e77c4898-240x172.jpg",240,172,true],"advps-thumb-one":["https:\/\/arantv.az\/wp-content\/uploads\/2024\/02\/f44c92daf5cfeadb9229e3c4e77c4898.jpg",600,399,false]},"rttpg_author":{"display_name":"V\u00fcsal Rafiqo\u011flu","author_link":"https:\/\/arantv.az\/?author=2"},"rttpg_comment":0,"rttpg_category":"<a href=\"https:\/\/arantv.az\/?cat=1\" rel=\"category\">C\u0259miyy\u0259t<\/a>","rttpg_excerpt":"\u0130lin-g\u00fcn\u00fcn bu vaxt\u0131nda erm\u0259ni toplumunda \u00e7a\u015f\u0131b d\u00fcz dan\u0131\u015fan, ger\u00e7\u0259yi v\u0259 h\u0259tta haqq\u0131 dey\u0259n birini g\u00f6rm\u0259k h\u0259qiq\u0259t\u0259n sensasion say\u0131la bil\u0259r. Eyni zamanda, \u00fcmidverici. \u018fn \u0259vv\u0259l d\u0259 hay toplumunun \u00f6z\u00fc \u00fc\u00e7\u00fcn. Dem\u0259k, \u201cxroniki x\u0259st\u0259lik\u201dd\u0259n sa\u011falma \u015fans\u0131 qal\u0131r. Ancaq t\u0259\u0259ss\u00fcf ki, bel\u0259 normal d\u00fc\u015f\u00fcn\u0259nl\u0259rin say\u0131 \u201cm\u00fcalic\u0259vi doza\u201dda deyil. H\u0259l\u0259 xeyli vaxt laz\u0131md\u0131r ki, erm\u0259ni c\u0259miyy\u0259tind\u0259 tibbi terminl\u0259 yazsaq,&hellip;","_links":{"self":[{"href":"https:\/\/arantv.az\/index.php?rest_route=\/wp\/v2\/posts\/687249"}],"collection":[{"href":"https:\/\/arantv.az\/index.php?rest_route=\/wp\/v2\/posts"}],"about":[{"href":"https:\/\/arantv.az\/index.php?rest_route=\/wp\/v2\/types\/post"}],"author":[{"embeddable":true,"href":"https:\/\/arantv.az\/index.php?rest_route=\/wp\/v2\/users\/2"}],"replies":[{"embeddable":true,"href":"https:\/\/arantv.az\/index.php?rest_route=%2Fwp%2Fv2%2Fcomments&post=687249"}],"version-history":[{"count":0,"href":"https:\/\/arantv.az\/index.php?rest_route=\/wp\/v2\/posts\/687249\/revisions"}],"wp:featuredmedia":[{"embeddable":true,"href":"https:\/\/arantv.az\/index.php?rest_route=\/wp\/v2\/media\/687250"}],"wp:attachment":[{"href":"https:\/\/arantv.az\/index.php?rest_route=%2Fwp%2Fv2%2Fmedia&parent=687249"}],"wp:term":[{"taxonomy":"category","embeddable":true,"href":"https:\/\/arantv.az\/index.php?rest_route=%2Fwp%2Fv2%2Fcategories&post=687249"},{"taxonomy":"post_tag","embeddable":true,"href":"https:\/\/arantv.az\/index.php?rest_route=%2Fwp%2Fv2%2Ftags&post=687249"}],"curies":[{"name":"wp","href":"https:\/\/api.w.org\/{rel}","templated":true}]}}