{"id":687258,"date":"2024-02-05T15:01:58","date_gmt":"2024-02-05T11:01:58","guid":{"rendered":"https:\/\/arantv.az\/?p=687258"},"modified":"2024-02-05T15:01:58","modified_gmt":"2024-02-05T11:01:58","slug":"fransa-az%c9%99rbaycana-qarsi-ildirimsur%c9%99tli-muharib%c9%99-plani-hazirlayib-video","status":"publish","type":"post","link":"https:\/\/arantv.az\/?p=687258","title":{"rendered":"Fransa Az\u0259rbaycana qar\u015f\u0131 ild\u0131r\u0131ms\u00fcr\u0259tli m\u00fcharib\u0259 plan\u0131 haz\u0131rlay\u0131b- V\u0130DEO"},"content":{"rendered":"<section>\n<div class=\"content lead font-weight-normal\">\n<p>\u201cFransa Az\u0259rbaycana qar\u015f\u0131 ild\u0131r\u0131ms\u00fcr\u0259tli m\u00fcharib\u0259 plan\u0131 haz\u0131rlay\u0131b\u201d\u200b.<\/p>\n<p><strong>ARANTV.AZ\u00a0 x\u0259b\u0259r verir ki,<\/strong>\u00a0bunu Az\u0259rbaycan D\u00f6vl\u0259t Televiziyas\u0131n\u0131n (AzTV) \u201cH\u0259ft\u0259\u201d analitik-informasiya proqram\u0131n m\u00fc\u0259llifi v\u0259 apar\u0131c\u0131s\u0131 R\u00f6v\u015f\u0259n M\u0259mm\u0259dov bildirib.<\/p>\n<p>Apar\u0131c\u0131 Fransa v\u0259 Erm\u0259nistan\u0131n haz\u0131rlad\u0131\u011f\u0131 h\u00fccumun istiqam\u0259tini d\u0259 a\u00e7\u0131qlay\u0131b: \u201cH\u00fccum q\u0259fil olmal\u0131 v\u0259 Cermuk istiqam\u0259tind\u0259n realla\u015fd\u0131r\u0131lmas\u0131 planla\u015fd\u0131r\u0131l\u0131b\u201d.<\/p>\n<p>R.M\u0259mm\u0259dov qeyd edib ki, Avropa \u00f6lk\u0259l\u0259rinin agentl\u0259ri s\u0259rh\u0259dl\u0259rimizi ke\u00e7m\u0259y\u0259 \u00e7al\u0131\u015f\u0131r:\u00a0\u201cFransa Milli Jandarma \u0130dar\u0259sinin generallar\u0131ndan biri Erm\u0259nistan \u0259razisind\u0259n bizim s\u0259rh\u0259dl\u0259rimiz\u0259 yax\u0131nla\u015faraq binoklla m\u00fc\u015fahid\u0259 apar\u0131b. N\u0259dir, m\u00fcharib\u0259y\u0259 haz\u0131rla\u015f\u0131rs\u0131n\u0131z? Dey\u0259 bil\u0259rsiniz ki, \u201cxeyr\u201d. Lakin biz deyirik, \u201cb\u0259li\u201d. \u018fks halda Fransa intensiv \u015f\u0259kild\u0259 Erm\u0259nistan\u0131n silah arsenal\u0131n\u0131 art\u0131rma\u011fa \u00e7al\u0131\u015fmazd\u0131, r\u0259smi Paris bu \u00f6lk\u0259d\u0259 yeni xarici k\u0259\u015ffiyyat xidm\u0259ti yaratmazd\u0131. \u018fks halda Avropa \u0130ttifaq\u0131 Az\u0259rbaycan\u0131n h\u0259rbi texnikas\u0131 v\u0259 canl\u0131 q\u00fcvv\u0259sinin d\u00f6y\u00fc\u015f haz\u0131rl\u0131\u011f\u0131 il\u0259 ba\u011fl\u0131 hesabatlar haz\u0131rlamazd\u0131 v\u0259 ya\u00a0Avropan\u0131n agentura \u015f\u0259b\u0259k\u0259sinin \u00fczvl\u0259ri bir-birinin ard\u0131nca Az\u0259rbaycan\u0131n s\u0259rh\u0259dl\u0259rini ke\u00e7m\u0259y\u0259 \u00e7al\u0131\u015fmazd\u0131\u201d.<\/p>\n<div class=\"clearfix\"><\/div>\n<\/div>\n<p><iframe loading=\"lazy\" src=\"https:\/\/www.youtube.com\/embed\/3SgUSiPqUjk\" width=\"100%\" height=\"450\" frameborder=\"0\" allowfullscreen=\"allowfullscreen\" data-mce-fragment=\"1\"><\/iframe><\/p>\n<div class=\"sharing my-2 row no-gutters d-print-none\"><\/div>\n<div class=\"d-none d-sm-block\"><\/div>\n<\/section>\n<section id=\"new_block_2\" class=\"mt-3 d-print-none\">\n<div class=\"row\">\n<div class=\"col-md-12\"><\/div>\n<\/div>\n<\/section>\n","protected":false},"excerpt":{"rendered":"<p>\u201cFransa Az\u0259rbaycana qar\u015f\u0131 ild\u0131r\u0131ms\u00fcr\u0259tli m\u00fcharib\u0259 plan\u0131 haz\u0131rlay\u0131b\u201d\u200b. ARANTV.AZ\u00a0 x\u0259b\u0259r verir ki,\u00a0bunu Az\u0259rbaycan D\u00f6vl\u0259t Televiziyas\u0131n\u0131n (AzTV) \u201cH\u0259ft\u0259\u201d analitik-informasiya proqram\u0131n m\u00fc\u0259llifi v\u0259 apar\u0131c\u0131s\u0131 R\u00f6v\u015f\u0259n M\u0259mm\u0259dov bildirib. Apar\u0131c\u0131 Fransa v\u0259 Erm\u0259nistan\u0131n haz\u0131rlad\u0131\u011f\u0131 h\u00fccumun istiqam\u0259tini d\u0259 a\u00e7\u0131qlay\u0131b: \u201cH\u00fccum q\u0259fil olmal\u0131 v\u0259 Cermuk istiqam\u0259tind\u0259n realla\u015fd\u0131r\u0131lmas\u0131 planla\u015fd\u0131r\u0131l\u0131b\u201d. R.M\u0259mm\u0259dov qeyd edib ki, Avropa \u00f6lk\u0259l\u0259rinin agentl\u0259ri s\u0259rh\u0259dl\u0259rimizi ke\u00e7m\u0259y\u0259 \u00e7al\u0131\u015f\u0131r:\u00a0\u201cFransa Milli Jandarma \u0130dar\u0259sinin generallar\u0131ndan biri Erm\u0259nistan \u0259razisind\u0259n bizim s\u0259rh\u0259dl\u0259rimiz\u0259 yax\u0131nla\u015faraq binoklla m\u00fc\u015fahid\u0259 apar\u0131b. N\u0259dir, m\u00fcharib\u0259y\u0259 haz\u0131rla\u015f\u0131rs\u0131n\u0131z? Dey\u0259 bil\u0259rsiniz ki, \u201cxeyr\u201d. Lakin biz deyirik, \u201cb\u0259li\u201d. \u018fks halda Fransa intensiv \u015f\u0259kild\u0259 Erm\u0259nistan\u0131n silah arsenal\u0131n\u0131 art\u0131rma\u011fa \u00e7al\u0131\u015fmazd\u0131, r\u0259smi Paris bu \u00f6lk\u0259d\u0259 yeni&hellip;<\/p>\n","protected":false},"author":2,"featured_media":687259,"comment_status":"closed","ping_status":"closed","sticky":false,"template":"","format":"standard","meta":{"om_disable_all_campaigns":false,"_monsterinsights_skip_tracking":false,"_monsterinsights_sitenote_active":false,"_monsterinsights_sitenote_note":"","_monsterinsights_sitenote_category":0},"categories":[19],"tags":[],"aioseo_notices":[],"gutentor_comment":0,"rttpg_featured_image_url":{"full":["https:\/\/arantv.az\/wp-content\/uploads\/2024\/02\/d961e9f2161733682642938691310514325.jpg",975,540,false],"landscape":["https:\/\/arantv.az\/wp-content\/uploads\/2024\/02\/d961e9f2161733682642938691310514325.jpg",975,540,false],"portraits":["https:\/\/arantv.az\/wp-content\/uploads\/2024\/02\/d961e9f2161733682642938691310514325.jpg",975,540,false],"thumbnail":["https:\/\/arantv.az\/wp-content\/uploads\/2024\/02\/d961e9f2161733682642938691310514325-500x280.jpg",500,280,true],"medium":["https:\/\/arantv.az\/wp-content\/uploads\/2024\/02\/d961e9f2161733682642938691310514325-660x365.jpg",660,365,true],"large":["https:\/\/arantv.az\/wp-content\/uploads\/2024\/02\/d961e9f2161733682642938691310514325-840x465.jpg",640,354,true],"1536x1536":["https:\/\/arantv.az\/wp-content\/uploads\/2024\/02\/d961e9f2161733682642938691310514325.jpg",975,540,false],"2048x2048":["https:\/\/arantv.az\/wp-content\/uploads\/2024\/02\/d961e9f2161733682642938691310514325.jpg",975,540,false],"post-thumbnail":["https:\/\/arantv.az\/wp-content\/uploads\/2024\/02\/d961e9f2161733682642938691310514325-240x172.jpg",240,172,true],"advps-thumb-one":["https:\/\/arantv.az\/wp-content\/uploads\/2024\/02\/d961e9f2161733682642938691310514325.jpg",975,540,false]},"rttpg_author":{"display_name":"V\u00fcsal Rafiqo\u011flu","author_link":"https:\/\/arantv.az\/?author=2"},"rttpg_comment":0,"rttpg_category":"<a href=\"https:\/\/arantv.az\/?cat=19\" rel=\"category\">G\u00fcnd\u0259m<\/a>","rttpg_excerpt":"\u201cFransa Az\u0259rbaycana qar\u015f\u0131 ild\u0131r\u0131ms\u00fcr\u0259tli m\u00fcharib\u0259 plan\u0131 haz\u0131rlay\u0131b\u201d\u200b. ARANTV.AZ\u00a0 x\u0259b\u0259r verir ki,\u00a0bunu Az\u0259rbaycan D\u00f6vl\u0259t Televiziyas\u0131n\u0131n (AzTV) \u201cH\u0259ft\u0259\u201d analitik-informasiya proqram\u0131n m\u00fc\u0259llifi v\u0259 apar\u0131c\u0131s\u0131 R\u00f6v\u015f\u0259n M\u0259mm\u0259dov bildirib. Apar\u0131c\u0131 Fransa v\u0259 Erm\u0259nistan\u0131n haz\u0131rlad\u0131\u011f\u0131 h\u00fccumun istiqam\u0259tini d\u0259 a\u00e7\u0131qlay\u0131b: \u201cH\u00fccum q\u0259fil olmal\u0131 v\u0259 Cermuk istiqam\u0259tind\u0259n realla\u015fd\u0131r\u0131lmas\u0131 planla\u015fd\u0131r\u0131l\u0131b\u201d. R.M\u0259mm\u0259dov qeyd edib ki, Avropa \u00f6lk\u0259l\u0259rinin agentl\u0259ri s\u0259rh\u0259dl\u0259rimizi ke\u00e7m\u0259y\u0259 \u00e7al\u0131\u015f\u0131r:\u00a0\u201cFransa Milli Jandarma \u0130dar\u0259sinin generallar\u0131ndan&hellip;","_links":{"self":[{"href":"https:\/\/arantv.az\/index.php?rest_route=\/wp\/v2\/posts\/687258"}],"collection":[{"href":"https:\/\/arantv.az\/index.php?rest_route=\/wp\/v2\/posts"}],"about":[{"href":"https:\/\/arantv.az\/index.php?rest_route=\/wp\/v2\/types\/post"}],"author":[{"embeddable":true,"href":"https:\/\/arantv.az\/index.php?rest_route=\/wp\/v2\/users\/2"}],"replies":[{"embeddable":true,"href":"https:\/\/arantv.az\/index.php?rest_route=%2Fwp%2Fv2%2Fcomments&post=687258"}],"version-history":[{"count":0,"href":"https:\/\/arantv.az\/index.php?rest_route=\/wp\/v2\/posts\/687258\/revisions"}],"wp:featuredmedia":[{"embeddable":true,"href":"https:\/\/arantv.az\/index.php?rest_route=\/wp\/v2\/media\/687259"}],"wp:attachment":[{"href":"https:\/\/arantv.az\/index.php?rest_route=%2Fwp%2Fv2%2Fmedia&parent=687258"}],"wp:term":[{"taxonomy":"category","embeddable":true,"href":"https:\/\/arantv.az\/index.php?rest_route=%2Fwp%2Fv2%2Fcategories&post=687258"},{"taxonomy":"post_tag","embeddable":true,"href":"https:\/\/arantv.az\/index.php?rest_route=%2Fwp%2Fv2%2Ftags&post=687258"}],"curies":[{"name":"wp","href":"https:\/\/api.w.org\/{rel}","templated":true}]}}