{"id":688350,"date":"2024-02-08T08:18:42","date_gmt":"2024-02-08T04:18:42","guid":{"rendered":"https:\/\/arantv.az\/?p=688350"},"modified":"2024-02-08T08:18:42","modified_gmt":"2024-02-08T04:18:42","slug":"az%c9%99rbaycanda-prezident-seckisi-xalqin-q%c9%99l%c9%99b%c9%99si-v%c9%99-xalq-ucun-q%c9%99l%c9%99b%c9%99-foto","status":"publish","type":"post","link":"https:\/\/arantv.az\/?p=688350","title":{"rendered":"Az\u0259rbaycanda prezident se\u00e7kisi: Xalq\u0131n q\u0259l\u0259b\u0259si v\u0259 xalq \u00fc\u00e7\u00fcn q\u0259l\u0259b\u0259 &#8211; FOTO"},"content":{"rendered":"<p>D\u00fcnya medias\u0131 fevral\u0131n 7-d\u0259 Az\u0259rbaycanda ke\u00e7iril\u0259n n\u00f6vb\u0259d\u0259nk\u0259nar prezident se\u00e7kisini diqq\u0259t m\u0259rk\u0259zind\u0259 saxlay\u0131b v\u0259 d\u00f6vl\u0259timizin ba\u015f\u00e7\u0131s\u0131\u00a0<strong>\u0130lham \u018fliyevin<\/strong>\u00a0inaml\u0131 q\u0259l\u0259b\u0259sind\u0259n yaz\u0131b.<\/p>\n<p><a href=\"https:\/\/azertag.az\/xeber\/azerbaycanda_prezident_sechkileri_xalqin_qelebesi_ve_xalq_uchun_qelebe-2913475?fbclid=IwAR21mR8LLwaBHBKuHp1SrgHrJfMj8EeRMs1r4OcxROHA_vK7vuZDEngHaEw\" target=\"_blank\" rel=\"noopener\">AZ\u018fRTAC<\/a>\u00a0x\u0259b\u0259r verir ki, Prezident \u0130lham \u018fliyevin se\u00e7kid\u0259 inaml\u0131 q\u0259l\u0259b\u0259si haqq\u0131nda operativ x\u0259b\u0259rl\u0259r T\u00fcrkiy\u0259nin\u00a0<a href=\"https:\/\/www.aa.com.tr\/en\/world\/azerbaijans-president-aliyev-gets-93-in-early-election-exit-poll\/3130735\" target=\"_blank\" rel=\"noopener\">Anadolu<\/a>\u00a0\u0130nformasiya Agentliyind\u0259, Macar\u0131stan\u0131n ingilisdilli x\u0259b\u0259r portal\u0131 \u201c<a href=\"https:\/\/dailynewshungary.com\/exit-poll-aliyev-wins-the-presidential-election-by-a-landslide-after-regaining-azerbaijani-territories\/\" target=\"_blank\" rel=\"noopener\">Daily News Hungary<\/a>\u201d, \u201c<a href=\"https:\/\/www.origo.hu\/itthon\/20240207-orban-viktor-gratulal-azeri-elnokvalasztas-gyoztesenek.html\" target=\"_blank\" rel=\"noopener\">Origo<\/a>\u201d, \u201c<a href=\"https:\/\/magyarnemzet.hu\/kulfold\/2024\/02\/orban-viktor-gratulalt-az-azeri-elnok-valasztasi-gyozelmehez\" target=\"_blank\" rel=\"noopener\">Magyar Nemzet<\/a>\u201d, \u201c<a href=\"https:\/\/demokrata.hu\/magyarorszag\/orban-viktor-gratulalt-az-azeri-elnok-valasztasi-gyozelmehez-788712\/\" target=\"_blank\" rel=\"noopener\">Demokrata<\/a>\u201d v\u0259 dig\u0259r m\u0259tbuat orqanlar\u0131nda yay\u0131l\u0131b. Beyn\u0259lxalq internet n\u0259\u015fri olan \u201cBreaking News Network Worldwide\u201d is\u0259 \u201cAz\u0259rbaycanda se\u00e7kid\u0259 y\u00fcks\u0259k se\u00e7ici f\u0259all\u0131\u011f\u0131: xalq \u00fc\u00e7\u00fcn q\u0259l\u0259b\u0259\u201d s\u0259rl\u00f6vh\u0259si il\u0259 m\u0259qal\u0259 d\u0259rc edib.<\/p>\n<p><img src=\"https:\/\/cdn.oxu.az\/uploads\/W1siZiIsIjIwMjQvMDIvMDgvMDMvMzkvMjcvZmI1YjExMzAtOTJlMi00ZGZmLTk2MDktNmZiMzIyYzRlZjgyL0FOQURPTFUuanBnIl0sWyJwIiwiZW5jb2RlIiwianBnIiwiLXF1YWxpdHkgODAiXSxbInAiLCJ0aHVtYiIsIjU5MHg1OTBcdTAwM2UiXV0?sha=f56a981af3b5a60f\" alt=\"\" \/><img src=\"https:\/\/cdn.oxu.az\/uploads\/W1siZiIsIjIwMjQvMDIvMDgvMDMvMzkvMjgvZTE0MTU3NjktNDcwNS00OTliLTgwOTAtOWZkMGYyNzRiOWVkLzAxLmpwZyJdLFsicCIsImVuY29kZSIsImpwZyIsIi1xdWFsaXR5IDgwIl0sWyJwIiwidGh1bWIiLCI1OTB4NTkwXHUwMDNlIl1d?sha=ab45bddb0fc0a132\" alt=\"\" \/><img src=\"https:\/\/cdn.oxu.az\/uploads\/W1siZiIsIjIwMjQvMDIvMDgvMDMvMzkvMjgvMWI5Mzc5YzktYTA1MS00OWViLTg5ZDktYmMxN2RhMDFlYTc2L09SxLBHTy5qcGciXSxbInAiLCJlbmNvZGUiLCJqcGciLCItcXVhbGl0eSA4MCJdLFsicCIsInRodW1iIiwiNTkweDU5MFx1MDAzZSJdXQ?sha=77316f4aa64332ed\" alt=\"\" \/><img src=\"https:\/\/cdn.oxu.az\/uploads\/W1siZiIsIjIwMjQvMDIvMDgvMDMvMzkvMjgvZTJmOTE2ZWMtMTk3MC00ZTRmLTkyN2ItY2Q1N2ExNjE0MTQwL01BR1lBUk5FTVpFVC5qcGciXSxbInAiLCJlbmNvZGUiLCJqcGciLCItcXVhbGl0eSA4MCJdLFsicCIsInRodW1iIiwiNTkweDU5MFx1MDAzZSJdXQ?sha=4acf127233182f56\" alt=\"\" \/><img src=\"https:\/\/cdn.oxu.az\/uploads\/W1siZiIsIjIwMjQvMDIvMDgvMDMvMzkvMjgvNzM1MWFmOTUtMTkwZC00NmNiLWFlZGYtN2RkNDljNzkzZTE0L0RFTU9LUkFUQS5qcGciXSxbInAiLCJlbmNvZGUiLCJqcGciLCItcXVhbGl0eSA4MCJdLFsicCIsInRodW1iIiwiNTkweDU5MFx1MDAzZSJdXQ?sha=d028b2a691a488e1\" alt=\"\" \/><\/p>\n<p>Avropa, AB\u015e, h\u0259m\u00e7inin Yax\u0131n \u015e\u0259rq v\u0259 Asiyan\u0131n, o c\u00fcml\u0259d\u0259n \u00c7in v\u0259 Pakistan\u0131n media orqanlar\u0131 qeyd edirl\u0259r ki, se\u00e7ki ilk d\u0259f\u0259 Az\u0259rbaycan\u0131n m\u00fcasir tarixind\u0259 \u00f6lk\u0259nin \u00f6z \u0259razisi \u00fcz\u0259rind\u0259 tam n\u0259zar\u0259ti \u0259ld\u0259 etm\u0259si \u015f\u0259raitind\u0259 ke\u00e7irilib. \u00d6lk\u0259 \u0259razisinin t\u0259xmin\u0259n 20 faizi 30 il \u0259rzind\u0259 i\u015f\u011fal alt\u0131nda olub.<\/p>\n<p>\u201c<a href=\"https:\/\/apnews.com\/article\/azerbaijan-election-ilham-aliyev-39a3b0811de492afdcc96e2f17b6f797\" target=\"_blank\" rel=\"noopener\">Associated Press<\/a>\u201d, \u201c<a href=\"https:\/\/www.washingtonpost.com\/world\/2024\/02\/06\/azerbaijan-election-ilham-aliyev\/2cbf84f2-c555-11ee-bbc9-9b5ca9b20779_story.html\" target=\"_blank\" rel=\"noopener\">The Washington Post<\/a>\u201d, \u201c<a href=\"https:\/\/www.euronews.com\/2024\/02\/07\/president-of-azerbaijan-sweeps-election-according-to-exit-polls\" target=\"_blank\" rel=\"noopener\">Euronews<\/a>\u201d kimi n\u00fcfuzlu media orqanlar\u0131 s\u0259sverm\u0259 g\u00fcn\u00fc se\u00e7icil\u0259rin y\u00fcks\u0259k f\u0259all\u0131\u011f\u0131n\u0131 v\u0259 \u0259hvali-ruhiyy\u0259sini qeyd edirl\u0259r. Jurnalistl\u0259rin se\u00e7kiy\u0259 q\u0259d\u0259r s\u00f6hb\u0259t etdikl\u0259ri \u00f6lk\u0259 v\u0259t\u0259nda\u015flar\u0131 bildirirdil\u0259r ki, onlar M\u00fcz\u0259ff\u0259r Prezident\u0259 s\u0259s ver\u0259c\u0259kl\u0259r, \u00e7\u00fcnki m\u0259hz o, uzun ill\u0259r i\u015f\u011fal alt\u0131nda olmu\u015f torpaqlar\u0131 geri qaytar\u0131b. \u201cEuronews\u201d yaz\u0131r ki, Prezident \u0130lham \u018fliyevin az\u0259rbaycanl\u0131lar aras\u0131nda n\u00fcfuzu \u00f6lk\u0259nin Qaraba\u011f \u00fcz\u0259rind\u0259 tam n\u0259zar\u0259ti b\u0259rpa etm\u0259sind\u0259n sonra daha da art\u0131b. Bu n\u0259\u015fr \u00f6z \u00f6vladlar\u0131n\u0131n xo\u015fb\u0259xt g\u0259l\u0259c\u0259yini indiki se\u00e7kil\u0259rl\u0259 \u0259laq\u0259l\u0259ndir\u0259n sad\u0259 Az\u0259rbaycan v\u0259t\u0259nda\u015flar\u0131n\u0131n s\u00f6zl\u0259rini t\u0259qdim edib.<\/p>\n<p><img src=\"https:\/\/cdn.oxu.az\/uploads\/W1siZiIsIjIwMjQvMDIvMDgvMDMvMzkvMjgvZTE0ZmFiZjAtZjVhOC00MDNiLWI4NGEtM2RkNjQ3NGNiYmE4L2FwbmV3ZXMuanBnIl0sWyJwIiwiZW5jb2RlIiwianBnIiwiLXF1YWxpdHkgODAiXSxbInAiLCJ0aHVtYiIsIjU5MHg1OTBcdTAwM2UiXV0?sha=6d9e1036a24b0c79\" alt=\"\" \/><img src=\"https:\/\/cdn.oxu.az\/uploads\/W1siZiIsIjIwMjQvMDIvMDgvMDMvMzkvMjgvOTk2NjcwYzAtOGFjYS00YmM2LWI1YjAtNTY4YTNkNGFjMjE0L1dBU0hQT1NUIC0gMi5qcGciXSxbInAiLCJlbmNvZGUiLCJqcGciLCItcXVhbGl0eSA4MCJdLFsicCIsInRodW1iIiwiNTkweDU5MFx1MDAzZSJdXQ?sha=e005de133c41fe4f\" alt=\"\" \/><img src=\"https:\/\/cdn.oxu.az\/uploads\/W1siZiIsIjIwMjQvMDIvMDgvMDMvMzkvMjgvZDgyOGE1NGMtM2NjMS00NjA0LWI4YzctNjllNGY4NmQzNWE3L0VVUk9ORVdTLmpwZyJdLFsicCIsImVuY29kZSIsImpwZyIsIi1xdWFsaXR5IDgwIl0sWyJwIiwidGh1bWIiLCI1OTB4NTkwXHUwMDNlIl1d?sha=4a843cfd8643c9dc\" alt=\"\" \/><\/p>\n<p>M\u0259qal\u0259l\u0259rd\u0259 Az\u0259rbaycan Prezidentinin dediyi \u201c\u00e7\u00fcnki se\u00e7ki bir d\u00f6vr\u0259 yekun vurur. Sentyabr ay\u0131nda biz el\u0259 bir d\u00f6vr\u0259 yekun vurmu\u015fuq ki, bu, epoxal bir hadis\u0259dir\u201d fikirl\u0259ri vur\u011fulan\u0131r. Xarici media d\u00f6vl\u0259timizin ba\u015f\u00e7\u0131s\u0131n\u0131n s\u00f6zl\u0259rini sitat g\u0259tir\u0259r\u0259k yaz\u0131r ki, m\u0259hz \u201ci\u015f\u011fal olunmu\u015f \u0259razil\u0259rin otuz ild\u0259n sonra azad edilm\u0259si v\u0259 suverenliyimizin b\u0259rpas\u0131 yeni eran\u0131n ba\u015flan\u011f\u0131c\u0131 oldu\u201d.<\/p>\n<p>\u0130taliyan\u0131n n\u00fcfuzlu \u201cLa Repubblica\u201d n\u0259\u015frinin m\u00fcxbirinin az\u0259rbaycanl\u0131 se\u00e7icil\u0259rl\u0259 s\u00f6hb\u0259tind\u0259n sitatlar g\u0259tirir: \u201cM\u0259n he\u00e7 kim\u0259 deyil, yaln\u0131z \u0130lham \u018fliyev\u0259 s\u0259s ver\u0259c\u0259y\u0259m\u201d, &#8211; dey\u0259 Bak\u0131da suvenir sat\u0131c\u0131s\u0131 \u015eahin H\u0259midov bildirir. O, daha sonra \u0259lav\u0259 edir: \u201cM\u0259nim o\u011flum da i\u015f\u011fal olunmu\u015f \u0259razil\u0259rin azad edilm\u0259si u\u011frunda d\u00f6y\u00fc\u015f\u00fcb. \u018fliyev bizim torpaqlar\u0131m\u0131z\u0131 qaytard\u0131. O, 30 illik m\u00fcnaqi\u015f\u0259d\u0259n sonra \u0259dal\u0259ti b\u0259rpa etdi\u201d. \u201cLa Repubblica\u201d daha sonra ilk d\u0259f\u0259 s\u0259sverm\u0259d\u0259 i\u015ftirak ed\u0259n 20 ya\u015fl\u0131 Elmira C\u0259f\u0259rova v\u0259 Tenzar \u018fmirovan\u0131n F\u0259vvar\u0259l\u0259r meydan\u0131ndak\u0131 kafed\u0259, bulvarda u\u015faq arabas\u0131 il\u0259 g\u0259z\u0259n 30 ya\u015fl\u0131 Aydan Abdullayevan\u0131n s\u00f6yl\u0259dikl\u0259ri fikirl\u0259ri t\u0259qdim edir: \u201cBiz \u018fliyev\u0259 s\u0259s ver\u0259c\u0259yik. O, s\u00fclh g\u0259tirib\u201d.<\/p>\n<p>Dig\u0259r materiallarda bildirilir ki, fevral\u0131n 7-d\u0259 Az\u0259rbaycan Prezidenti \u0130lham \u018fliyev, birinci xan\u0131m Mehriban \u018fliyeva v\u0259 ail\u0259 \u00fczvl\u0259ri Xank\u0259ndi \u015f\u0259h\u0259rind\u0259 122 sayl\u0131 se\u00e7ki dair\u0259sinin 14 sayl\u0131 m\u0259nt\u0259q\u0259sind\u0259 s\u0259s veribl\u0259r. Bu \u015f\u0259h\u0259rd\u0259 \u00f6t\u0259n ilin noyabr\u0131nda V\u0259t\u0259n m\u00fcharib\u0259sinin \u00fc\u00e7\u00fcnc\u00fc ild\u00f6n\u00fcm\u00fcn\u0259 h\u0259sr olunmu\u015f h\u0259rbi parad ke\u00e7irilib. \u201cAssociated Press\u201d yaz\u0131r ki, bu paradda \u00e7\u0131x\u0131\u015f ed\u0259n Prezident deyib: \u201cBiz Az\u0259rbaycan xalq\u0131n\u0131n g\u00fcc\u00fcn\u00fc, irad\u0259sini v\u0259 \u0259yilm\u0259z ruhunu b\u00fct\u00fcn d\u00fcnyaya g\u00f6st\u0259rdik\u201d.<\/p>\n<p>N\u0259\u015frin m\u00fcxbirl\u0259ri i\u015f\u011faldan azad olunmu\u015f F\u00fczuli \u015f\u0259h\u0259rind\u0259 se\u00e7kini izl\u0259y\u0259rk\u0259n se\u00e7icil\u0259rin s\u0259sverm\u0259d\u0259 nec\u0259 h\u0259v\u0259sl\u0259 i\u015ftirak etdikl\u0259rinin \u015fahidi olublar. Onlar yaz\u0131rlar ki, bu \u015f\u0259h\u0259rd\u0259 da\u011f\u0131nt\u0131lar\u0131n izl\u0259ri g\u00f6r\u00fcn\u00fcr, amma d\u00f6vl\u0259t F\u00fczulini s\u00fcr\u0259tl\u0259 b\u0259rpa edir, burada art\u0131q sakinl\u0259rin qay\u0131d\u0131\u015f\u0131n\u0131 g\u00f6st\u0259r\u0259n 25 ya\u015fay\u0131\u015f binas\u0131 tikilib.<\/p>\n<p>B\u0259hreynin \u201cThe Daily Tribune\u201d q\u0259zeti Az\u0259rbaycandak\u0131 se\u00e7kini sabitliy\u0259 v\u0259 inki\u015fafa s\u0259daq\u0259tin n\u00fcmun\u0259si olan m\u00fch\u00fcm hadis\u0259 adland\u0131r\u0131r, Pakistan\u0131n \u201cThe Express Tribune\u201d n\u0259\u015fri is\u0259 se\u00e7kini \u00f6lk\u0259 tarixind\u0259 d\u00f6n\u00fc\u015f n\u00f6qt\u0259si, h\u0259r bir v\u0259t\u0259nda\u015f\u0131n respublikan\u0131n taleyinin m\u00fc\u0259yy\u0259n edilm\u0259sin\u0259 c\u0259lb olunmas\u0131n\u0131n r\u0259mzi kimi xarakteriz\u0259 edir.<\/p>\n<p>\u201cThe Express Tribune\u201d Az\u0259rbaycan\u0131n \u00f6z \u0259razil\u0259rind\u0259 suverenliyini tam b\u0259rpa etm\u0259sini tarixi Z\u0259f\u0259r adland\u0131r\u0131r. Q\u0259zet yaz\u0131r ki, bu Q\u0259l\u0259b\u0259 b\u00fct\u00fcn regionun geosiyasi m\u0259nz\u0259r\u0259sini d\u0259yi\u015fib.<\/p>\n<p>Q\u0259zet, h\u0259m\u00e7inin oxuculara son ill\u0259rd\u0259 Az\u0259rbaycan\u0131n u\u011furlar\u0131 v\u0259 nailiyy\u0259tl\u0259ri haqq\u0131nda geni\u015f icmal t\u0259qdim edir. \u201cAz\u0259rbaycan xalq\u0131n\u0131n sosial v\u0259 iqtisadi rifah\u0131 h\u00f6kum\u0259tin t\u0259\u015f\u0259bb\u00fcsl\u0259ri say\u0259sind\u0259 xeyli yax\u015f\u0131la\u015f\u0131b\u201d, &#8211; dey\u0259 n\u0259\u015frin m\u0259qal\u0259sind\u0259 qeyd edilir. Diqq\u0259t\u0259 \u00e7atd\u0131r\u0131l\u0131r ki, \u00fcmumi daxili m\u0259hsulun s\u00fcr\u0259tli art\u0131m\u0131 2003-c\u00fc ild\u0259ki 7,3 milyard dollardan 2022-ci ild\u0259 78,7 milyard dollara qalx\u0131b, habel\u0259 yoxsullu\u011fun s\u0259viyy\u0259si 44,7 faizd\u0259n 5,5 faiz\u0259 q\u0259d\u0259r azal\u0131b.<\/p>\n<p>M\u0259qal\u0259d\u0259 vur\u011fulan\u0131r ki, ke\u00e7mi\u015f m\u0259cburi k\u00f6\u00e7k\u00fcnl\u0259r t\u0259dric\u0259n \u00f6z do\u011fma yurdlar\u0131na qay\u0131d\u0131r, Az\u0259rbaycan\u0131n beyn\u0259lxalq arenada d\u00fcnya m\u0259rk\u0259zi kimi n\u00fcfuzu is\u0259 \u00f6lk\u0259nin inki\u015faf\u0131 say\u0259sind\u0259 y\u00fcks\u0259lib. Az\u0259rbaycan son ill\u0259rd\u0259 Birinci \u0130slam H\u0259mr\u0259yliyi Oyunlar\u0131, Formula-1 kimi m\u00f6t\u0259b\u0259r t\u0259dbirl\u0259ri ke\u00e7irib, yax\u0131n g\u0259l\u0259c\u0259kd\u0259 is\u0259 COP29-a ev sahibliyi ed\u0259c\u0259k. \u00d6lk\u0259nin d\u00fcnyada n\u00fcfuzunun artmas\u0131n\u0131n daha bir s\u00fcbutu onun BMT T\u0259hl\u00fck\u0259sizlik \u015euras\u0131n\u0131n qeyri-daimi \u00fczv\u00fc se\u00e7ilm\u0259si v\u0259 Qo\u015fulmama H\u0259r\u0259kat\u0131na u\u011furlu s\u0259drliyidir.<\/p>\n<p>Rusiyan\u0131n\u00a0<a href=\"https:\/\/tass.ru\/mezhdunarodnaya-panorama\/19925521\" target=\"_blank\" rel=\"noopener\">TASS<\/a>, \u201c<a href=\"https:\/\/iz.ru\/1646641\/2024-02-07\/ilkham-aliev-lidiruet-na-dosrochnykh-vyborakh-prezidenta-azerbaidzhana-s-939\" target=\"_blank\" rel=\"noopener\">\u0130zvestiya<\/a>\u201d,\u00a0<a href=\"https:\/\/www.rbc.ru\/politics\/07\/02\/2024\/65c3a52b9a79478744ab985e\" target=\"_blank\" rel=\"noopener\">RBK<\/a>, \u201c<a href=\"https:\/\/www.vedomosti.ru\/politics\/news\/2024\/02\/07\/1019066-ilham-aliev-lidiruet\" target=\"_blank\" rel=\"noopener\">Vedomosti<\/a>\u201d, \u201c<a href=\"https:\/\/www.interfax.ru\/world\/945019\" target=\"_blank\" rel=\"noopener\">\u0130nterfaks<\/a>\u201d, \u201c<a href=\"https:\/\/www.ng.ru\/news\/787100.html\" target=\"_blank\" rel=\"noopener\">Nezavisimaya qazeta<\/a>\u201d, \u201cKomsomolskaya Pravda\u201d, \u201c<a href=\"https:\/\/aif.ru\/politics\/world\/aliev_progolosoval_na_vyborah_glavy_azerbaydzhana_v_karabahskom_hankendi\" target=\"_blank\" rel=\"noopener\">Arqument\u0131 i fakt\u0131<\/a>\u201d, \u201cRossiyskaya qazeta\u201d, \u201cQazeta.ru\u201d media orqanlar\u0131nda \u201cexit-poll\u201d m\u0259lumatlar\u0131na \u0259sas\u0259n qeyd olunur ki, Prezident \u0130lham \u018fliyev se\u00e7kid\u0259 93,9 faiz s\u0259sl\u0259 liderdir. Eyni zamanda bildirilir ki, prezident se\u00e7kisi \u00f6lk\u0259nin b\u00fct\u00fcn \u0259razisini, o c\u00fcml\u0259d\u0259n 26 se\u00e7ki m\u0259nt\u0259q\u0259sinin a\u00e7\u0131ld\u0131\u011f\u0131 Qaraba\u011f\u0131 da \u0259hat\u0259 edir. \u00d6lk\u0259 b\u00f6y\u00fck d\u0259yi\u015fiklikl\u0259rd\u0259n sonra yaranm\u0131\u015f \u015f\u0259raitd\u0259 n\u00f6vb\u0259d\u0259nk\u0259nar se\u00e7ki ke\u00e7irir. Prezident \u0130lham \u018fliyev \u00f6z\u00fc v\u0259 ail\u0259 \u00fczvl\u0259ri Xank\u0259ndid\u0259 s\u0259s verib.<\/p>\n<p><img src=\"https:\/\/cdn.oxu.az\/uploads\/W1siZiIsIjIwMjQvMDIvMDgvMDMvMzkvMjkvYzRhMDZjOTQtYTQyMS00OWU5LWE3N2EtYTU1YzBjMGI4MmQyL1RBU1MuanBnIl0sWyJwIiwiZW5jb2RlIiwianBnIiwiLXF1YWxpdHkgODAiXSxbInAiLCJ0aHVtYiIsIjU5MHg1OTBcdTAwM2UiXV0?sha=fa6348ce579f18cf\" alt=\"\" \/><img src=\"https:\/\/cdn.oxu.az\/uploads\/W1siZiIsIjIwMjQvMDIvMDgvMDMvMzkvMjkvNjRhMmUyNzgtMWUzYS00MWJhLTgwZTktOGE3MzRmYTc1MDkxL0laVkVTVElZQS5qcGciXSxbInAiLCJlbmNvZGUiLCJqcGciLCItcXVhbGl0eSA4MCJdLFsicCIsInRodW1iIiwiNTkweDU5MFx1MDAzZSJdXQ?sha=0e387929be2ba924\" alt=\"\" \/><img src=\"https:\/\/cdn.oxu.az\/uploads\/W1siZiIsIjIwMjQvMDIvMDgvMDMvMzkvMjkvMGU1OTA1OTktYjg0Zi00M2NiLTkzYTYtOThiNGIwMjJmMDU2L1JCQy5SVS5qcGciXSxbInAiLCJlbmNvZGUiLCJqcGciLCItcXVhbGl0eSA4MCJdLFsicCIsInRodW1iIiwiNTkweDU5MFx1MDAzZSJdXQ?sha=be16d3f8b1a64362\" alt=\"\" \/><img src=\"https:\/\/cdn.oxu.az\/uploads\/W1siZiIsIjIwMjQvMDIvMDgvMDMvMzkvMjkvN2I4N2FlMDEtZGZmMS00ZjViLWFjYmItOTBmNDAwZWZlN2U0L1ZFRE9NT1NUSS5qcGciXSxbInAiLCJlbmNvZGUiLCJqcGciLCItcXVhbGl0eSA4MCJdLFsicCIsInRodW1iIiwiNTkweDU5MFx1MDAzZSJdXQ?sha=246b33a541c51c44\" alt=\"\" \/><img src=\"https:\/\/cdn.oxu.az\/uploads\/W1siZiIsIjIwMjQvMDIvMDgvMDMvMzkvMjkvYmQzYzZkZGUtYTViMi00NzA1LWFiNWItOTcxNThmMTRhNWNiL0FSR1VNRU5USSBJIEZBS1RJLmpwZyJdLFsicCIsImVuY29kZSIsImpwZyIsIi1xdWFsaXR5IDgwIl0sWyJwIiwidGh1bWIiLCI1OTB4NTkwXHUwMDNlIl1d?sha=5114b7707b89a534\" alt=\"\" \/><\/p>\n<p>\u201cEuronews\u201d kanal\u0131 \u201cexit-poll\u201d m\u0259lumatlar\u0131na \u0259sas\u0259n yay\u0131mlanan t\u0259cili x\u0259b\u0259rind\u0259 qeyd edib ki, \u0130lham \u018fliyev t\u0259xmin\u0259n 94 faiz s\u0259s toplayaraq se\u00e7kid\u0259 qalib g\u0259lir, onun Qaraba\u011fda n\u00fcfuzu is\u0259 100 faiz\u0259 yax\u0131nd\u0131r.<\/p>\n<p>Bir \u00e7ox materiallarda vur\u011fulan\u0131r ki, beyn\u0259lxalq m\u00fc\u015fahid\u0259\u00e7il\u0259r y\u00fcks\u0259k se\u00e7ici f\u0259all\u0131\u011f\u0131 \u015f\u0259raitind\u0259 ke\u00e7iril\u0259n se\u00e7kid\u0259 h\u0259r hans\u0131 pozuntu a\u015fkar etm\u0259yibl\u0259r. \u201cVestnik Kafkaza\u201d Federasiya \u015euras\u0131n\u0131n Elm, t\u0259hsil v\u0259 m\u0259d\u0259niyy\u0259t komit\u0259sinin s\u0259drinin birinci m\u00fcavini \u0130lyas Umaxanovun s\u00f6zl\u0259rini t\u0259qdim edib. O bildirib ki, Az\u0259rbaycandak\u0131 se\u00e7ki Avropa se\u00e7kil\u0259rind\u0259n d\u0259 y\u00fcks\u0259k s\u0259viyy\u0259d\u0259 t\u0259\u015fkil olunub.<\/p>\n<p>\u201cTASS\u201d Agentliyinin ba\u015f direktorunun birinci m\u00fcavini v\u0259 MDB-d\u0259n olan m\u00fc\u015fahid\u0259\u00e7i Mixail Qusman \u201cNEWS.ru\u201d sayt\u0131na bildirib ki, Az\u0259rbaycanda ke\u00e7iril\u0259n n\u00f6vb\u0259d\u0259nk\u0259nar prezident se\u00e7kisi \u0259vv\u0259lkil\u0259rd\u0259n y\u00fcks\u0259k se\u00e7ici f\u0259all\u0131\u011f\u0131 il\u0259 f\u0259rql\u0259nir. O \u0259lav\u0259 edib ki, respublika \u00fc\u00e7\u00fcn Q\u0259l\u0259b\u0259 il\u0259 ba\u015fa \u00e7atan m\u00fcharib\u0259 n\u0259tic\u0259sind\u0259 Az\u0259rbaycan bu g\u00fcn \u0259razisi i\u015f\u011fal alt\u0131nda olmayan bir \u00f6lk\u0259dir. Bu fakt insanlar\u0131n se\u00e7kil\u0259rd\u0259 ruh y\u00fcks\u0259kliyin\u0259 ciddi t\u0259sir edib.<\/p>\n<p>Bak\u0131dak\u0131 \u201cJen Mironosits\u201d pravoslav kafedral kils\u0259sinin ke\u015fi\u015fi, Bak\u0131 v\u0259 Az\u0259rbaycan Yeparxiyas\u0131n\u0131n katibi Arximandrit Aleksi (Nikonorov) \u201cMoskva-Bak\u0131\u201d portal\u0131na m\u00fcsahib\u0259sind\u0259 Az\u0259rbaycanda haz\u0131rk\u0131 prezident se\u00e7kisini x\u00fcsusi v\u0259 nadir adland\u0131r\u0131b. Onun s\u00f6zl\u0259rin\u0259 g\u00f6r\u0259, bu se\u00e7ki m\u00fcharib\u0259 v\u0259 s\u00fclh epoxalar\u0131 aras\u0131nda \u00f6z\u00fcn\u0259m\u0259xsus ke\u00e7id x\u0259ttidir. O qeyd edib ki, bu g\u00fcn t\u0259kc\u0259 7 illik g\u0259l\u0259c\u0259yin deyil, h\u0259m\u00e7inin Az\u0259rbaycan\u0131n q\u0259d\u0259m qoydu\u011fu yeni epoxan\u0131n taleyi h\u0259ll olunur.<\/p>\n<p>Rusiyan\u0131n \u201cBirinci\u201d telekanal\u0131 Az\u0259rbaycandak\u0131 prezident se\u00e7kisind\u0259 y\u00fcks\u0259k se\u00e7ici f\u0259all\u0131\u011f\u0131 haqq\u0131nda bir ne\u00e7\u0259 reportaj yay\u0131mlay\u0131b, \u201cNTV\u201d telekanal\u0131 is\u0259 Prezident \u0130lham \u018fliyevin ail\u0259si il\u0259 birlikd\u0259 Xank\u0259ndid\u0259 s\u0259sverm\u0259sini \u0259lam\u0259tdar hadis\u0259 kimi xarakteriz\u0259 edib.<\/p>\n<p>\u201cBelarus seqodnya\u201d n\u0259\u015fri MDB PA-n\u0131n m\u00fc\u015fahid\u0259\u00e7isi, politoloq Oleq Le\u015fenyukun prezident se\u00e7kisinin Az\u0259rbaycan\u0131n beyn\u0259lxalq arenada m\u00f6vqel\u0259rini m\u00f6hk\u0259ml\u0259ndirm\u0259si bar\u0259d\u0259 s\u00f6zl\u0259rini t\u0259qdim edib. O vur\u011fulay\u0131b ki, se\u00e7icil\u0259rin y\u00fcks\u0259k f\u0259all\u0131\u011f\u0131 xalq\u0131n siyasi, iqtisadi v\u0259 sosial rifah\u0131n\u0131 t\u0259min ed\u0259c\u0259k s\u0259m\u0259r\u0259li d\u00f6vl\u0259t idar\u0259\u00e7iliyin\u0259 mara\u011f\u0131 il\u0259 \u0259laq\u0259dard\u0131r.<\/p>\n<p>T\u00fcrkiy\u0259nin Anadolu Agentliyi i\u015f\u011faldan azad olunmu\u015f \u0259razil\u0259rd\u0259, x\u00fcsus\u0259n F\u00fczuli \u015f\u0259h\u0259rind\u0259 s\u0259sverm\u0259nin gedi\u015fi, \u00f6z evl\u0259rin\u0259 qay\u0131tm\u0131\u015f ke\u00e7mi\u015f m\u0259cburi k\u00f6\u00e7k\u00fcnl\u0259rin se\u00e7kid\u0259 i\u015ftirak\u0131 bar\u0259d\u0259 yaz\u0131b.<\/p>\n<p>\u201cHaber Global\u201d is\u0259 yaz\u0131r ki, 30 il i\u015f\u011fal alt\u0131nda olmu\u015f Qaraba\u011fda ilk d\u0259f\u0259 se\u00e7ki m\u0259nt\u0259q\u0259l\u0259ri yarad\u0131l\u0131b, bu fakt demokratiyan\u0131n t\u0259nt\u0259n\u0259sidir. H\u0259min \u0259razil\u0259rd\u0259 20 min se\u00e7ici bu g\u00fcn h\u0259qiq\u0259t\u0259n d\u0259 300 milyon n\u0259f\u0259rd\u0259n ibar\u0259t T\u00fcrk d\u00fcnyas\u0131n\u0131n d\u00f6y\u00fcn\u0259n \u00fcr\u0259yidir.<\/p>\n<p>T\u00fcrkiy\u0259nin \u0130HA, \u201cH\u00fcrriyet\u201d, \u201cSon dakika\u201d, \u201cHaberler.com\u201d, \u201cBeyaz Gazete\u201d, \u201cTRT-Haber\u201d kimi media orqanlar\u0131 da n\u00f6vb\u0259d\u0259nk\u0259nar prezident se\u00e7kisinin \u00f6lk\u0259nin b\u00fct\u00fcn \u0259razisind\u0259 ke\u00e7irildiyini vur\u011fulay\u0131blar. Bildiribl\u0259r ki, d\u00f6vl\u0259t ba\u015f\u00e7\u0131s\u0131 bir vaxtlar separat\u00e7\u0131 erm\u0259nil\u0259rin \u0259sas \u015f\u0259h\u0259ri olan, \u00f6t\u0259n ilin sentyabr\u0131nda lokal xarakterli antiterror t\u0259dbirl\u0259ri n\u0259tic\u0259sind\u0259 azad edil\u0259n Xank\u0259ndid\u0259 s\u0259s verib. M\u0259qal\u0259l\u0259rd\u0259, h\u0259m\u00e7inin se\u00e7kil\u0259rd\u0259 h\u0259v\u0259sl\u0259 i\u015ftirak ed\u0259n azad olunmu\u015f \u0259razil\u0259rd\u0259ki insanlar\u0131n \u2013 qalib \u00f6lk\u0259 v\u0259t\u0259nda\u015flar\u0131n\u0131n fikirl\u0259ri yer al\u0131b.<\/p>\n<p>Xarici mediada, h\u0259m\u00e7inin \u0130lham \u018fliyevin q\u0259l\u0259b\u0259sinin bayram edilm\u0259si d\u0259 yer al\u0131b. Qeyd olunub ki, respublikan\u0131n paytaxt\u0131nda insanlar D\u00f6vl\u0259t Bayra\u011f\u0131 v\u0259 Yeni Az\u0259rbaycan Partiyas\u0131n\u0131n bayra\u011f\u0131 il\u0259 k\u00fc\u00e7\u0259l\u0259r\u0259 \u00e7\u0131x\u0131blar, musiqil\u0259r s\u0259sl\u0259nir, v\u0259t\u0259nda\u015flar r\u0259qs edirl\u0259r. Bu insanlar m\u00fcxt\u0259lif ya\u015f qruplar\u0131na aiddirl\u0259r, onlar\u0131n \u00e7oxu u\u015faqlar\u0131 il\u0259 g\u0259lib. Tan\u0131nm\u0131\u015f t\u00fcrkiy\u0259li jurnalist Fulya \u00d6zt\u00fcrk Heyd\u0259r \u018fliyev M\u0259rk\u0259zind\u0259 canl\u0131 yay\u0131ma \u00e7\u0131xaraq, telekanal\u0131n efirind\u0259 Az\u0259rbaycan v\u0259t\u0259nda\u015flar\u0131 il\u0259 s\u00f6hb\u0259t edib.<\/p>\n<p>Az\u0259rbaycandak\u0131 prezident se\u00e7kisi Qazax\u0131stan v\u0259 Q\u0131r\u011f\u0131z\u0131stan\u0131n \u201cKazinform\u201d, \u201cZakon.kz\u201d, \u201cVe\u00e7erniy Bi\u015fkek\u201d v\u0259 dig\u0259r media orqanlar\u0131nda da operativ i\u015f\u0131qland\u0131r\u0131l\u0131b.<\/p>\n","protected":false},"excerpt":{"rendered":"<p>D\u00fcnya medias\u0131 fevral\u0131n 7-d\u0259 Az\u0259rbaycanda ke\u00e7iril\u0259n n\u00f6vb\u0259d\u0259nk\u0259nar prezident se\u00e7kisini diqq\u0259t m\u0259rk\u0259zind\u0259 saxlay\u0131b v\u0259 d\u00f6vl\u0259timizin ba\u015f\u00e7\u0131s\u0131\u00a0\u0130lham \u018fliyevin\u00a0inaml\u0131 q\u0259l\u0259b\u0259sind\u0259n yaz\u0131b. AZ\u018fRTAC\u00a0x\u0259b\u0259r verir ki, Prezident \u0130lham \u018fliyevin se\u00e7kid\u0259 inaml\u0131 q\u0259l\u0259b\u0259si haqq\u0131nda operativ x\u0259b\u0259rl\u0259r T\u00fcrkiy\u0259nin\u00a0Anadolu\u00a0\u0130nformasiya Agentliyind\u0259, Macar\u0131stan\u0131n ingilisdilli x\u0259b\u0259r portal\u0131 \u201cDaily News Hungary\u201d, \u201cOrigo\u201d, \u201cMagyar Nemzet\u201d, \u201cDemokrata\u201d v\u0259 dig\u0259r m\u0259tbuat orqanlar\u0131nda yay\u0131l\u0131b. Beyn\u0259lxalq internet n\u0259\u015fri olan \u201cBreaking News Network Worldwide\u201d is\u0259 \u201cAz\u0259rbaycanda se\u00e7kid\u0259 y\u00fcks\u0259k se\u00e7ici f\u0259all\u0131\u011f\u0131: xalq \u00fc\u00e7\u00fcn q\u0259l\u0259b\u0259\u201d s\u0259rl\u00f6vh\u0259si il\u0259 m\u0259qal\u0259 d\u0259rc edib. Avropa, AB\u015e, h\u0259m\u00e7inin Yax\u0131n \u015e\u0259rq v\u0259 Asiyan\u0131n, o c\u00fcml\u0259d\u0259n \u00c7in v\u0259 Pakistan\u0131n media orqanlar\u0131 qeyd edirl\u0259r ki, se\u00e7ki ilk d\u0259f\u0259&hellip;<\/p>\n","protected":false},"author":2,"featured_media":688351,"comment_status":"closed","ping_status":"closed","sticky":false,"template":"","format":"standard","meta":{"om_disable_all_campaigns":false,"_monsterinsights_skip_tracking":false,"_monsterinsights_sitenote_active":false,"_monsterinsights_sitenote_note":"","_monsterinsights_sitenote_category":0},"categories":[4],"tags":[],"aioseo_notices":[],"gutentor_comment":0,"rttpg_featured_image_url":{"full":["https:\/\/arantv.az\/wp-content\/uploads\/2024\/02\/FotoJet-36.jpg",620,413,false],"landscape":["https:\/\/arantv.az\/wp-content\/uploads\/2024\/02\/FotoJet-36.jpg",620,413,false],"portraits":["https:\/\/arantv.az\/wp-content\/uploads\/2024\/02\/FotoJet-36.jpg",620,413,false],"thumbnail":["https:\/\/arantv.az\/wp-content\/uploads\/2024\/02\/FotoJet-36-500x280.jpg",500,280,true],"medium":["https:\/\/arantv.az\/wp-content\/uploads\/2024\/02\/FotoJet-36-548x365.jpg",548,365,true],"large":["https:\/\/arantv.az\/wp-content\/uploads\/2024\/02\/FotoJet-36.jpg",620,413,false],"1536x1536":["https:\/\/arantv.az\/wp-content\/uploads\/2024\/02\/FotoJet-36.jpg",620,413,false],"2048x2048":["https:\/\/arantv.az\/wp-content\/uploads\/2024\/02\/FotoJet-36.jpg",620,413,false],"post-thumbnail":["https:\/\/arantv.az\/wp-content\/uploads\/2024\/02\/FotoJet-36-240x172.jpg",240,172,true],"advps-thumb-one":["https:\/\/arantv.az\/wp-content\/uploads\/2024\/02\/FotoJet-36.jpg",620,413,false]},"rttpg_author":{"display_name":"V\u00fcsal Rafiqo\u011flu","author_link":"https:\/\/arantv.az\/?author=2"},"rttpg_comment":0,"rttpg_category":"<a href=\"https:\/\/arantv.az\/?cat=4\" rel=\"category\">Siyas\u0259t<\/a>","rttpg_excerpt":"D\u00fcnya medias\u0131 fevral\u0131n 7-d\u0259 Az\u0259rbaycanda ke\u00e7iril\u0259n n\u00f6vb\u0259d\u0259nk\u0259nar prezident se\u00e7kisini diqq\u0259t m\u0259rk\u0259zind\u0259 saxlay\u0131b v\u0259 d\u00f6vl\u0259timizin ba\u015f\u00e7\u0131s\u0131\u00a0\u0130lham \u018fliyevin\u00a0inaml\u0131 q\u0259l\u0259b\u0259sind\u0259n yaz\u0131b. AZ\u018fRTAC\u00a0x\u0259b\u0259r verir ki, Prezident \u0130lham \u018fliyevin se\u00e7kid\u0259 inaml\u0131 q\u0259l\u0259b\u0259si haqq\u0131nda operativ x\u0259b\u0259rl\u0259r T\u00fcrkiy\u0259nin\u00a0Anadolu\u00a0\u0130nformasiya Agentliyind\u0259, Macar\u0131stan\u0131n ingilisdilli x\u0259b\u0259r portal\u0131 \u201cDaily News Hungary\u201d, \u201cOrigo\u201d, \u201cMagyar Nemzet\u201d, \u201cDemokrata\u201d v\u0259 dig\u0259r m\u0259tbuat orqanlar\u0131nda yay\u0131l\u0131b. Beyn\u0259lxalq internet n\u0259\u015fri olan \u201cBreaking News Network&hellip;","_links":{"self":[{"href":"https:\/\/arantv.az\/index.php?rest_route=\/wp\/v2\/posts\/688350"}],"collection":[{"href":"https:\/\/arantv.az\/index.php?rest_route=\/wp\/v2\/posts"}],"about":[{"href":"https:\/\/arantv.az\/index.php?rest_route=\/wp\/v2\/types\/post"}],"author":[{"embeddable":true,"href":"https:\/\/arantv.az\/index.php?rest_route=\/wp\/v2\/users\/2"}],"replies":[{"embeddable":true,"href":"https:\/\/arantv.az\/index.php?rest_route=%2Fwp%2Fv2%2Fcomments&post=688350"}],"version-history":[{"count":0,"href":"https:\/\/arantv.az\/index.php?rest_route=\/wp\/v2\/posts\/688350\/revisions"}],"wp:featuredmedia":[{"embeddable":true,"href":"https:\/\/arantv.az\/index.php?rest_route=\/wp\/v2\/media\/688351"}],"wp:attachment":[{"href":"https:\/\/arantv.az\/index.php?rest_route=%2Fwp%2Fv2%2Fmedia&parent=688350"}],"wp:term":[{"taxonomy":"category","embeddable":true,"href":"https:\/\/arantv.az\/index.php?rest_route=%2Fwp%2Fv2%2Fcategories&post=688350"},{"taxonomy":"post_tag","embeddable":true,"href":"https:\/\/arantv.az\/index.php?rest_route=%2Fwp%2Fv2%2Ftags&post=688350"}],"curies":[{"name":"wp","href":"https:\/\/api.w.org\/{rel}","templated":true}]}}