{"id":688409,"date":"2024-02-08T08:54:01","date_gmt":"2024-02-08T04:54:01","guid":{"rendered":"https:\/\/arantv.az\/?p=688409"},"modified":"2024-02-08T08:54:01","modified_gmt":"2024-02-08T04:54:01","slug":"ilham-%c9%99liyevin-unvanina-t%c9%99brikl%c9%99r-g%c9%99lm%c9%99kd%c9%99-davam-edir-yenil%c9%99nir","status":"publish","type":"post","link":"https:\/\/arantv.az\/?p=688409","title":{"rendered":"\u0130lham \u018fliyevin \u00fcnvan\u0131na t\u0259brikl\u0259r g\u0259lm\u0259kd\u0259 davam edir &#8211; YEN\u0130L\u018fN\u0130R"},"content":{"rendered":"<p>Belarus Respublikas\u0131n\u0131n Prezidenti Aleksandr Luka\u015fenko Az\u0259rbaycan Respublikas\u0131n\u0131n Prezidenti\u00a0<strong>\u0130lham \u018fliyev\u0259<\/strong>\u00a0t\u0259brik m\u0259ktubu g\u00f6nd\u0259rib.<\/p>\n<p><a href=\"https:\/\/president.az\/az\/articles\/view\/63556\" target=\"_blank\" rel=\"noopener\"><strong>President.az<\/strong><\/a>\u00a0x\u0259b\u0259r verir ki, m\u0259ktubda deyilir:<\/p>\n<p>\u201cM\u00fcst\u0259qillik d\u00f6vr\u00fcnd\u0259 ilk d\u0259f\u0259 \u00f6lk\u0259nizin b\u00fct\u00fcn \u0259razisind\u0259 ke\u00e7iril\u0259n Az\u0259rbaycan Respublikas\u0131n\u0131n Prezidenti se\u00e7kil\u0259rind\u0259 inaml\u0131 q\u0259l\u0259b\u0259niz m\u00fcnasib\u0259til\u0259 Sizi s\u0259mimi-q\u0259lbd\u0259n t\u0259brik edir\u0259m.<\/p>\n<p>S\u0259sverm\u0259 zaman\u0131 se\u00e7icil\u0259rin n\u00fcmayi\u015f etdirdikl\u0259ri g\u00fccl\u00fc d\u0259st\u0259k c\u0259miyy\u0259tin birliyini v\u0259 Sizin Az\u0259rbaycan xalq\u0131 aras\u0131nda y\u00fcks\u0259k n\u00fcfuzunuzu bir daha \u00e7ox ayd\u0131n \u015f\u0259kild\u0259 t\u0259sdiq etdi.<\/p>\n<p>\u0130yirmi il \u0259rzind\u0259 Sizin q\u0259tiyy\u0259tiniz, y\u00fcks\u0259k siyasi m\u0259d\u0259niyy\u0259tiniz, xalq\u0131n\u0131z\u0131n s\u0259sini e\u015fitm\u0259k bacar\u0131\u011f\u0131n\u0131z say\u0259sind\u0259 d\u00fcnyada r\u0259yi il\u0259 hesabla\u015f\u0131lan g\u00fccl\u00fc, m\u00fcst\u0259qil d\u00f6vl\u0259t qurulmu\u015fdur. \u0130qtisadi t\u0259r\u0259qqi v\u0259 v\u0259t\u0259nda\u015flar\u0131n rifah\u0131n\u0131n y\u00fcks\u0259lm\u0259si, \u00f6lk\u0259nin suverenliyinin m\u00f6hk\u0259ml\u0259nm\u0259si v\u0259 beyn\u0259lxalq al\u0259md\u0259 rolunun artmas\u0131 haql\u0131 olaraq Sizin ad\u0131n\u0131zla ba\u011fl\u0131d\u0131r. Belarusun timsal\u0131nda Sizin \u0259dal\u0259tli v\u0259 b\u0259rab\u0259rh\u00fcquqlu d\u00f6vl\u0259tl\u0259raras\u0131 m\u00fcnasib\u0259tl\u0259rin qurulmas\u0131na, t\u0259hl\u00fck\u0259sizliyin, dialoqun v\u0259 etimad\u0131n m\u00f6hk\u0259ml\u0259ndirilm\u0259sin\u0259 yana\u015fmalar\u0131 b\u00f6l\u00fc\u015f\u0259n etibarl\u0131 dostunuz vard\u0131r.<\/p>\n<p>H\u00f6rm\u0259tli \u0130lham Heyd\u0259r o\u011flu, Siz\u0259 s\u0259mimi-q\u0259lbd\u0259n m\u00f6hk\u0259m cansa\u011fl\u0131\u011f\u0131 v\u0259 dost Az\u0259rbaycan xalq\u0131n\u0131n rifah\u0131 namin\u0259 b\u00fct\u00fcn planlar\u0131n\u0131z\u0131 h\u0259yata ke\u00e7irm\u0259k \u00fc\u00e7\u00fcn t\u00fck\u0259nm\u0259z enerji arzulay\u0131ram.<\/p>\n<p>Sizi qonaqp\u0259rv\u0259r Belarus torpa\u011f\u0131nda salamlamaqdan h\u0259mi\u015f\u0259 m\u0259mnunam\u201d.<\/p>\n<p><strong>08:48<\/strong><\/p>\n<p>\u00d6zb\u0259kistan Respublikas\u0131n\u0131n Prezidenti \u015eavkat Mirziyoyev Az\u0259rbaycan Respublikas\u0131n\u0131n Prezidenti\u00a0<strong>\u0130lham \u018fliyev\u0259<\/strong>\u00a0t\u0259brik m\u0259ktubu g\u00f6nd\u0259rib.<\/p>\n<p><a href=\"https:\/\/president.az\/az\/articles\/view\/63555\" target=\"_blank\" rel=\"noopener\"><strong>President.az<\/strong><\/a>\u00a0x\u0259b\u0259r verir ki, m\u0259ktubda deyilir:<\/p>\n<p>\u201cAz\u0259rbaycan Respublikas\u0131nda y\u00fcks\u0259k s\u0259viyy\u0259d\u0259 ke\u00e7iril\u0259n prezident se\u00e7kil\u0259rind\u0259 inaml\u0131 q\u0259l\u0259b\u0259niz m\u00fcnasib\u0259til\u0259 Sizi &#8211; \u0259ziz Qarda\u015f\u0131m\u0131 s\u0259mimi-q\u0259lbd\u0259n t\u0259brik edir, \u0259n xo\u015f arzular\u0131m\u0131 bildirm\u0259kd\u0259n sonsuz m\u0259mnunluq duyuram.<\/p>\n<p>Bu se\u00e7kil\u0259rd\u0259 Sizin namiz\u0259dliyinizin \u0259hali t\u0259r\u0259find\u0259n h\u0259rt\u0259r\u0259fli d\u0259st\u0259kl\u0259nm\u0259si xalq\u0131n\u0131z\u0131n ir\u0259li s\u00fcrd\u00fcy\u00fcn\u00fcz strateji proqram v\u0259 planlara sonsuz inam\u0131n\u0131n \u0259yani t\u0259zah\u00fcr\u00fcd\u00fcr. Bu, ilk n\u00f6vb\u0259d\u0259, Az\u0259rbaycan\u0131n \u0259razi b\u00fct\u00f6vl\u00fcy\u00fcn\u00fcn tam b\u0259rpas\u0131 v\u0259 tarixi \u0259dal\u0259tin b\u0259rq\u0259rar olmas\u0131, \u00f6lk\u0259nizd\u0259 b\u00fct\u00fcn sah\u0259l\u0259rd\u0259 apar\u0131lan geni\u015fmiqyasl\u0131 islahatlar v\u0259 b\u00f6y\u00fck quruculuq i\u015fl\u0259ri il\u0259 bilavasit\u0259 ba\u011fl\u0131d\u0131r des\u0259m, \u0259sl h\u0259qiq\u0259ti ifad\u0259 etmi\u015f olaram.<\/p>\n<p>Bu g\u00fcn Sizin &#8211; \u00f6z xalq\u0131n\u0131n h\u0259qiqi m\u00fcdrik liderinin, v\u0259t\u0259np\u0259rv\u0259r v\u0259 f\u0259dakar, g\u00f6rk\u0259mli siyasi xadiminin r\u0259hb\u0259rliyi il\u0259 Az\u0259rbaycan d\u00f6vl\u0259ti \u015fanl\u0131 zirv\u0259l\u0259ri f\u0259th edir v\u0259 onun beyn\u0259lxalq arenada n\u00fcfuzu, etibar\u0131 getdikc\u0259 artmaqdad\u0131r. He\u00e7 \u015f\u00fcbh\u0259siz, Sizin bu y\u00fcks\u0259k v\u0259zif\u0259d\u0259 f\u0259aliyy\u0259tiniz d\u00f6vl\u0259t\u00e7iliyin \u0259saslar\u0131n\u0131n h\u0259rt\u0259r\u0259fli m\u00f6hk\u0259ml\u0259nm\u0259sin\u0259 v\u0259 c\u0259miyy\u0259tin m\u00fcasirl\u0259\u015fm\u0259sin\u0259, \u0259halinin h\u0259yat s\u0259viyy\u0259sinin daha da y\u00fcks\u0259lm\u0259sin\u0259, \u00f6lk\u0259nin sosial-iqtisadi inki\u015faf\u0131n\u0131n t\u0259min olunmas\u0131na xidm\u0259t ed\u0259c\u0259kdir.<\/p>\n<p>\u018fziz qarda\u015f\u0131m, bu m\u0259qamda x\u00fcsusi qeyd etm\u0259k ist\u0259rdim ki, son ill\u0259rd\u0259 bizim ali s\u0259viyy\u0259d\u0259 f\u0259al t\u0259maslar\u0131m\u0131z v\u0259 aram\u0131zda olan s\u0131x qarda\u015fl\u0131q m\u00fcnasib\u0259tl\u0259rimiz, h\u0259yata ke\u00e7iril\u0259n konkret layih\u0259l\u0259r v\u0259 \u201cyol x\u0259rit\u0259l\u0259ri\u201d qar\u015f\u0131l\u0131ql\u0131 faydal\u0131 \u0259laq\u0259l\u0259rimiz\u0259 g\u00fccl\u00fc t\u0259kan verir.<\/p>\n<p>Sizinl\u0259 raz\u0131la\u015fd\u0131\u011f\u0131m\u0131z kimi, \u00d6zb\u0259kistan v\u0259 Az\u0259rbaycan aras\u0131nda \u00e7oxt\u0259r\u0259fli \u0259laq\u0259l\u0259rin s\u00fcr\u0259tli inki\u015faf\u0131 ili elan edil\u0259n cari il \u0259rzind\u0259 daha on yeni sah\u0259 \u00fczr\u0259, o c\u00fcml\u0259d\u0259n kimya, neft-qaz, m\u0259d\u0259n\u00e7\u0131xarma, energetika, elektrotexnika, z\u0259rg\u0259rlik, ma\u015f\u0131nqay\u0131rma, \u0259cza\u00e7\u0131l\u0131q, tikinti materiallar\u0131 v\u0259 bank-maliyy\u0259 sah\u0259l\u0259rind\u0259 \u0259m\u0259kda\u015fl\u0131\u011f\u0131n m\u00f6hk\u0259ml\u0259ndirilm\u0259sin\u0259 y\u00f6n\u0259lmi\u015f b\u00f6y\u00fck planlar\u0131m\u0131z\u0131n tam \u015f\u0259kild\u0259 h\u0259yata ke\u00e7iril\u0259c\u0259yin\u0259 inan\u0131ram.<\/p>\n<p>\u018fmin\u0259m ki, q\u0259ti siyasi irad\u0259miz v\u0259 birg\u0259 s\u0259yl\u0259rimiz say\u0259sind\u0259 uzunm\u00fcdd\u0259tli strateji t\u0259r\u0259fda\u015fl\u0131\u011f\u0131m\u0131z qarda\u015f xalqlar\u0131m\u0131z\u0131n \u00fcmumi rifah\u0131 namin\u0259 bundan sonra da s\u0259m\u0259r\u0259li \u015f\u0259kild\u0259 inki\u015faf ed\u0259c\u0259kdir.<\/p>\n<p>He\u00e7 \u015f\u00fcbh\u0259siz ki, Zati-alinizin g\u0259l\u0259c\u0259kd\u0259 \u00f6lk\u0259miz\u0259 h\u0259yata ke\u00e7iril\u0259c\u0259k s\u0259f\u0259ri m\u00f6vcud potensial\u0131m\u0131za v\u0259 imkanlar\u0131m\u0131za uy\u011fun olaraq \u00e7ox\u015fax\u0259li v\u0259 dostluq \u0259laq\u0259l\u0259rimizi tamamil\u0259 yeni s\u0259viyy\u0259y\u0259 ucaldacaqd\u0131r.<\/p>\n<p>H\u00f6rm\u0259tli \u0130lham Heyd\u0259r o\u011flu, bu m\u00fch\u00fcm q\u0259l\u0259b\u0259 m\u00fcnasib\u0259til\u0259 Sizi bir daha \u00fcr\u0259kd\u0259n t\u0259brik edir, Siz\u0259 m\u00f6hk\u0259m cansa\u011fl\u0131\u011f\u0131, t\u00fck\u0259nm\u0259z g\u00fcc-q\u00fcvv\u0259t, ail\u0259 s\u0259ad\u0259ti, ali d\u00f6vl\u0259ti f\u0259aliyy\u0259tinizd\u0259 b\u00f6y\u00fck u\u011furlar, qarda\u015f Az\u0259rbaycan xalq\u0131na is\u0259 s\u00fclh, \u0259min-amanl\u0131q v\u0259 davaml\u0131 t\u0259r\u0259qqi arzulay\u0131ram\u201d.<\/p>\n","protected":false},"excerpt":{"rendered":"<p>Belarus Respublikas\u0131n\u0131n Prezidenti Aleksandr Luka\u015fenko Az\u0259rbaycan Respublikas\u0131n\u0131n Prezidenti\u00a0\u0130lham \u018fliyev\u0259\u00a0t\u0259brik m\u0259ktubu g\u00f6nd\u0259rib. President.az\u00a0x\u0259b\u0259r verir ki, m\u0259ktubda deyilir: \u201cM\u00fcst\u0259qillik d\u00f6vr\u00fcnd\u0259 ilk d\u0259f\u0259 \u00f6lk\u0259nizin b\u00fct\u00fcn \u0259razisind\u0259 ke\u00e7iril\u0259n Az\u0259rbaycan Respublikas\u0131n\u0131n Prezidenti se\u00e7kil\u0259rind\u0259 inaml\u0131 q\u0259l\u0259b\u0259niz m\u00fcnasib\u0259til\u0259 Sizi s\u0259mimi-q\u0259lbd\u0259n t\u0259brik edir\u0259m. S\u0259sverm\u0259 zaman\u0131 se\u00e7icil\u0259rin n\u00fcmayi\u015f etdirdikl\u0259ri g\u00fccl\u00fc d\u0259st\u0259k c\u0259miyy\u0259tin birliyini v\u0259 Sizin Az\u0259rbaycan xalq\u0131 aras\u0131nda y\u00fcks\u0259k n\u00fcfuzunuzu bir daha \u00e7ox ayd\u0131n \u015f\u0259kild\u0259 t\u0259sdiq etdi. \u0130yirmi il \u0259rzind\u0259 Sizin q\u0259tiyy\u0259tiniz, y\u00fcks\u0259k siyasi m\u0259d\u0259niyy\u0259tiniz, xalq\u0131n\u0131z\u0131n s\u0259sini e\u015fitm\u0259k bacar\u0131\u011f\u0131n\u0131z say\u0259sind\u0259 d\u00fcnyada r\u0259yi il\u0259 hesabla\u015f\u0131lan g\u00fccl\u00fc, m\u00fcst\u0259qil d\u00f6vl\u0259t qurulmu\u015fdur. \u0130qtisadi t\u0259r\u0259qqi v\u0259 v\u0259t\u0259nda\u015flar\u0131n rifah\u0131n\u0131n y\u00fcks\u0259lm\u0259si, \u00f6lk\u0259nin suverenliyinin m\u00f6hk\u0259ml\u0259nm\u0259si v\u0259 beyn\u0259lxalq&hellip;<\/p>\n","protected":false},"author":2,"featured_media":688354,"comment_status":"closed","ping_status":"closed","sticky":false,"template":"","format":"standard","meta":{"om_disable_all_campaigns":false,"_monsterinsights_skip_tracking":false,"_monsterinsights_sitenote_active":false,"_monsterinsights_sitenote_note":"","_monsterinsights_sitenote_category":0},"categories":[4],"tags":[],"aioseo_notices":[],"gutentor_comment":0,"rttpg_featured_image_url":{"full":["https:\/\/arantv.az\/wp-content\/uploads\/2024\/02\/1582377633_2b36444c-e2f4-4f0f-be9f-fd5812b90bc6-1-1.jpg",620,413,false],"landscape":["https:\/\/arantv.az\/wp-content\/uploads\/2024\/02\/1582377633_2b36444c-e2f4-4f0f-be9f-fd5812b90bc6-1-1.jpg",620,413,false],"portraits":["https:\/\/arantv.az\/wp-content\/uploads\/2024\/02\/1582377633_2b36444c-e2f4-4f0f-be9f-fd5812b90bc6-1-1.jpg",620,413,false],"thumbnail":["https:\/\/arantv.az\/wp-content\/uploads\/2024\/02\/1582377633_2b36444c-e2f4-4f0f-be9f-fd5812b90bc6-1-1-500x280.jpg",500,280,true],"medium":["https:\/\/arantv.az\/wp-content\/uploads\/2024\/02\/1582377633_2b36444c-e2f4-4f0f-be9f-fd5812b90bc6-1-1-548x365.jpg",548,365,true],"large":["https:\/\/arantv.az\/wp-content\/uploads\/2024\/02\/1582377633_2b36444c-e2f4-4f0f-be9f-fd5812b90bc6-1-1.jpg",620,413,false],"1536x1536":["https:\/\/arantv.az\/wp-content\/uploads\/2024\/02\/1582377633_2b36444c-e2f4-4f0f-be9f-fd5812b90bc6-1-1.jpg",620,413,false],"2048x2048":["https:\/\/arantv.az\/wp-content\/uploads\/2024\/02\/1582377633_2b36444c-e2f4-4f0f-be9f-fd5812b90bc6-1-1.jpg",620,413,false],"post-thumbnail":["https:\/\/arantv.az\/wp-content\/uploads\/2024\/02\/1582377633_2b36444c-e2f4-4f0f-be9f-fd5812b90bc6-1-1-240x172.jpg",240,172,true],"advps-thumb-one":["https:\/\/arantv.az\/wp-content\/uploads\/2024\/02\/1582377633_2b36444c-e2f4-4f0f-be9f-fd5812b90bc6-1-1.jpg",620,413,false]},"rttpg_author":{"display_name":"V\u00fcsal Rafiqo\u011flu","author_link":"https:\/\/arantv.az\/?author=2"},"rttpg_comment":0,"rttpg_category":"<a href=\"https:\/\/arantv.az\/?cat=4\" rel=\"category\">Siyas\u0259t<\/a>","rttpg_excerpt":"Belarus Respublikas\u0131n\u0131n Prezidenti Aleksandr Luka\u015fenko Az\u0259rbaycan Respublikas\u0131n\u0131n Prezidenti\u00a0\u0130lham \u018fliyev\u0259\u00a0t\u0259brik m\u0259ktubu g\u00f6nd\u0259rib. President.az\u00a0x\u0259b\u0259r verir ki, m\u0259ktubda deyilir: \u201cM\u00fcst\u0259qillik d\u00f6vr\u00fcnd\u0259 ilk d\u0259f\u0259 \u00f6lk\u0259nizin b\u00fct\u00fcn \u0259razisind\u0259 ke\u00e7iril\u0259n Az\u0259rbaycan Respublikas\u0131n\u0131n Prezidenti se\u00e7kil\u0259rind\u0259 inaml\u0131 q\u0259l\u0259b\u0259niz m\u00fcnasib\u0259til\u0259 Sizi s\u0259mimi-q\u0259lbd\u0259n t\u0259brik edir\u0259m. S\u0259sverm\u0259 zaman\u0131 se\u00e7icil\u0259rin n\u00fcmayi\u015f etdirdikl\u0259ri g\u00fccl\u00fc d\u0259st\u0259k c\u0259miyy\u0259tin birliyini v\u0259 Sizin Az\u0259rbaycan xalq\u0131 aras\u0131nda y\u00fcks\u0259k n\u00fcfuzunuzu bir daha \u00e7ox ayd\u0131n&hellip;","_links":{"self":[{"href":"https:\/\/arantv.az\/index.php?rest_route=\/wp\/v2\/posts\/688409"}],"collection":[{"href":"https:\/\/arantv.az\/index.php?rest_route=\/wp\/v2\/posts"}],"about":[{"href":"https:\/\/arantv.az\/index.php?rest_route=\/wp\/v2\/types\/post"}],"author":[{"embeddable":true,"href":"https:\/\/arantv.az\/index.php?rest_route=\/wp\/v2\/users\/2"}],"replies":[{"embeddable":true,"href":"https:\/\/arantv.az\/index.php?rest_route=%2Fwp%2Fv2%2Fcomments&post=688409"}],"version-history":[{"count":0,"href":"https:\/\/arantv.az\/index.php?rest_route=\/wp\/v2\/posts\/688409\/revisions"}],"wp:featuredmedia":[{"embeddable":true,"href":"https:\/\/arantv.az\/index.php?rest_route=\/wp\/v2\/media\/688354"}],"wp:attachment":[{"href":"https:\/\/arantv.az\/index.php?rest_route=%2Fwp%2Fv2%2Fmedia&parent=688409"}],"wp:term":[{"taxonomy":"category","embeddable":true,"href":"https:\/\/arantv.az\/index.php?rest_route=%2Fwp%2Fv2%2Fcategories&post=688409"},{"taxonomy":"post_tag","embeddable":true,"href":"https:\/\/arantv.az\/index.php?rest_route=%2Fwp%2Fv2%2Ftags&post=688409"}],"curies":[{"name":"wp","href":"https:\/\/api.w.org\/{rel}","templated":true}]}}