{"id":688411,"date":"2024-02-08T09:50:38","date_gmt":"2024-02-08T05:50:38","guid":{"rendered":"https:\/\/arantv.az\/?p=688411"},"modified":"2024-02-08T09:50:38","modified_gmt":"2024-02-08T05:50:38","slug":"umid-partiyasi-prezident-seckisi-azad-v%c9%99-s%c9%99ffaf-kecirilib-n%c9%99tic%c9%99l%c9%99ri-legitim-v%c9%99-%c9%99dal%c9%99tlidir","status":"publish","type":"post","link":"https:\/\/arantv.az\/?p=688411","title":{"rendered":"\u00dcmid Partiyas\u0131: \u201cPrezident se\u00e7kisi azad v\u0259 \u015f\u0259ffaf ke\u00e7irilib, n\u0259tic\u0259l\u0259ri legitim v\u0259 \u0259dal\u0259tlidir\u201d"},"content":{"rendered":"<p>Az\u0259rbaycan \u00dcmid Partiyas\u0131 7 fevral 2024-c\u00fc ild\u0259 ke\u00e7iril\u0259n prezident se\u00e7kisini azad v\u0259 \u015f\u0259ffaf, n\u0259tic\u0259l\u0259rini legitim v\u0259 \u0259dal\u0259tli hesab edir.<\/p>\n<p><strong>ARANTV.AZ <\/strong>\u00a0x\u0259b\u0259r verir ki, bu bar\u0259d\u0259 partiyan\u0131n b\u0259yanat\u0131nda bildirilir.<\/p>\n<p>B\u0259yanatda deyilir:<\/p>\n<p>\u201c7 fevral 2024-c\u00fc ild\u0259 n\u00f6vb\u0259d\u0259nk\u0259nar prezident se\u00e7kisi t\u0259yin olunduqdan sonra Az\u0259rbaycan \u00dcmid Partiyas\u0131 M\u0259rk\u0259zi Aparat v\u0259 Yerli T\u0259\u015fkilatlar\u0131nda m\u00fczakir\u0259l\u0259r ke\u00e7ir\u0259r\u0259k, yekdil q\u0259rarla bu se\u00e7kid\u0259 Az\u0259rbaycan Respublikas\u0131n\u0131n Prezidenti, Qaraba\u011f q\u0259l\u0259b\u0259sinin v\u0259 suverenliyimizin \u00f6lk\u0259 \u0259razisind\u0259 b\u0259rq\u0259rar olmas\u0131n\u0131n memar\u0131\u00a0<strong>\u0130lham \u018fliyevi\u00a0<\/strong>d\u0259st\u0259kl\u0259yib.<\/p>\n<p>Se\u00e7ki t\u0259bli\u011fat\u0131 d\u00f6n\u0259mind\u0259 partiyan\u0131n s\u0259lahiyy\u0259tli \u015f\u0259xsl\u0259ri \u00e7oxsayl\u0131 \u00e7\u0131x\u0131\u015flar\u0131nda bu q\u0259rar\u0131n tarixi \u0259h\u0259miyy\u0259tini v\u0259 vacibliyini se\u00e7icil\u0259r\u0259 \u00e7atd\u0131r\u0131b, m\u00fcz\u0259ff\u0259r Ali Ba\u015f Komandan \u0130lham \u018fliyev\u0259 s\u0259s verilm\u0259sinin \u00f6lk\u0259miz \u00fc\u00e7\u00fcn faydalar\u0131ndan dan\u0131\u015f\u0131blar.<\/p>\n<p>Se\u00e7ki g\u00fcn\u00fc \u00e7oxsayl\u0131 m\u00fc\u015fahid\u0259\u00e7il\u0259rimiz dair\u0259 v\u0259 m\u0259nt\u0259q\u0259l\u0259rd\u0259 se\u00e7ki prosesini izl\u0259yib, se\u00e7kinin Se\u00e7ki M\u0259c\u0259ll\u0259sin\u0259 uy\u011fun ke\u00e7irilm\u0259sini t\u0259sbit edibl\u0259r. H\u0259r k\u0259s s\u0259rb\u0259st v\u0259 azad \u015f\u0259kild\u0259 se\u00e7kid\u0259 i\u015ftirak ed\u0259r\u0259k, m\u00f6vqeyini ifad\u0259 edib.<\/p>\n<p>Bu se\u00e7ki \u00f6lk\u0259d\u0259 indiy\u0259 q\u0259d\u0259r ke\u00e7irilmi\u015f se\u00e7kil\u0259rd\u0259n \u00f6z mahiyy\u0259ti bax\u0131m\u0131ndan \u0259h\u0259miyy\u0259tli d\u0259r\u0259c\u0259d\u0259 f\u0259rql\u0259nib.<\/p>\n<p>M\u00fcst\u0259qilliyimiz b\u0259rpa olunandan sonra ilk d\u0259f\u0259 idi ki, \u00f6lk\u0259nin b\u00fct\u00fcn \u0259razisind\u0259 se\u00e7ki ke\u00e7irilirdi.<\/p>\n<p>Az\u0259rbaycan Respublikas\u0131n\u0131n Prezidenti se\u00e7il\u0259n \u0130lham \u018fliyev\u0259 C\u0259nubi Qafqazda \u0259b\u0259di s\u00fclh v\u0259 bar\u0131\u015f\u0131n olmas\u0131 \u00fc\u00e7\u00fcn ba\u015flad\u0131\u011f\u0131 i\u015fi u\u011furla davam etdirm\u0259si, \u00f6lk\u0259mizin probleml\u0259rinin h\u0259lli istiqam\u0259tind\u0259 cansa\u011fl\u0131\u011f\u0131 v\u0259 m\u00fcv\u0259ff\u0259qiyy\u0259t arzu edirik\u201d.<\/p>\n","protected":false},"excerpt":{"rendered":"<p>Az\u0259rbaycan \u00dcmid Partiyas\u0131 7 fevral 2024-c\u00fc ild\u0259 ke\u00e7iril\u0259n prezident se\u00e7kisini azad v\u0259 \u015f\u0259ffaf, n\u0259tic\u0259l\u0259rini legitim v\u0259 \u0259dal\u0259tli hesab edir. ARANTV.AZ \u00a0x\u0259b\u0259r verir ki, bu bar\u0259d\u0259 partiyan\u0131n b\u0259yanat\u0131nda bildirilir. B\u0259yanatda deyilir: \u201c7 fevral 2024-c\u00fc ild\u0259 n\u00f6vb\u0259d\u0259nk\u0259nar prezident se\u00e7kisi t\u0259yin olunduqdan sonra Az\u0259rbaycan \u00dcmid Partiyas\u0131 M\u0259rk\u0259zi Aparat v\u0259 Yerli T\u0259\u015fkilatlar\u0131nda m\u00fczakir\u0259l\u0259r ke\u00e7ir\u0259r\u0259k, yekdil q\u0259rarla bu se\u00e7kid\u0259 Az\u0259rbaycan Respublikas\u0131n\u0131n Prezidenti, Qaraba\u011f q\u0259l\u0259b\u0259sinin v\u0259 suverenliyimizin \u00f6lk\u0259 \u0259razisind\u0259 b\u0259rq\u0259rar olmas\u0131n\u0131n memar\u0131\u00a0\u0130lham \u018fliyevi\u00a0d\u0259st\u0259kl\u0259yib. Se\u00e7ki t\u0259bli\u011fat\u0131 d\u00f6n\u0259mind\u0259 partiyan\u0131n s\u0259lahiyy\u0259tli \u015f\u0259xsl\u0259ri \u00e7oxsayl\u0131 \u00e7\u0131x\u0131\u015flar\u0131nda bu q\u0259rar\u0131n tarixi \u0259h\u0259miyy\u0259tini v\u0259 vacibliyini se\u00e7icil\u0259r\u0259 \u00e7atd\u0131r\u0131b, m\u00fcz\u0259ff\u0259r Ali Ba\u015f Komandan \u0130lham \u018fliyev\u0259 s\u0259s&hellip;<\/p>\n","protected":false},"author":2,"featured_media":688412,"comment_status":"closed","ping_status":"closed","sticky":false,"template":"","format":"standard","meta":{"om_disable_all_campaigns":false,"_monsterinsights_skip_tracking":false,"_monsterinsights_sitenote_active":false,"_monsterinsights_sitenote_note":"","_monsterinsights_sitenote_category":0},"categories":[4],"tags":[],"aioseo_notices":[],"gutentor_comment":0,"rttpg_featured_image_url":{"full":["https:\/\/arantv.az\/wp-content\/uploads\/2024\/02\/Ilham-Aliyev-251120f-1.jpg",620,413,false],"landscape":["https:\/\/arantv.az\/wp-content\/uploads\/2024\/02\/Ilham-Aliyev-251120f-1.jpg",620,413,false],"portraits":["https:\/\/arantv.az\/wp-content\/uploads\/2024\/02\/Ilham-Aliyev-251120f-1.jpg",620,413,false],"thumbnail":["https:\/\/arantv.az\/wp-content\/uploads\/2024\/02\/Ilham-Aliyev-251120f-1-500x280.jpg",500,280,true],"medium":["https:\/\/arantv.az\/wp-content\/uploads\/2024\/02\/Ilham-Aliyev-251120f-1-548x365.jpg",548,365,true],"large":["https:\/\/arantv.az\/wp-content\/uploads\/2024\/02\/Ilham-Aliyev-251120f-1.jpg",620,413,false],"1536x1536":["https:\/\/arantv.az\/wp-content\/uploads\/2024\/02\/Ilham-Aliyev-251120f-1.jpg",620,413,false],"2048x2048":["https:\/\/arantv.az\/wp-content\/uploads\/2024\/02\/Ilham-Aliyev-251120f-1.jpg",620,413,false],"post-thumbnail":["https:\/\/arantv.az\/wp-content\/uploads\/2024\/02\/Ilham-Aliyev-251120f-1-240x172.jpg",240,172,true],"advps-thumb-one":["https:\/\/arantv.az\/wp-content\/uploads\/2024\/02\/Ilham-Aliyev-251120f-1.jpg",620,413,false]},"rttpg_author":{"display_name":"V\u00fcsal Rafiqo\u011flu","author_link":"https:\/\/arantv.az\/?author=2"},"rttpg_comment":0,"rttpg_category":"<a href=\"https:\/\/arantv.az\/?cat=4\" rel=\"category\">Siyas\u0259t<\/a>","rttpg_excerpt":"Az\u0259rbaycan \u00dcmid Partiyas\u0131 7 fevral 2024-c\u00fc ild\u0259 ke\u00e7iril\u0259n prezident se\u00e7kisini azad v\u0259 \u015f\u0259ffaf, n\u0259tic\u0259l\u0259rini legitim v\u0259 \u0259dal\u0259tli hesab edir. ARANTV.AZ \u00a0x\u0259b\u0259r verir ki, bu bar\u0259d\u0259 partiyan\u0131n b\u0259yanat\u0131nda bildirilir. B\u0259yanatda deyilir: \u201c7 fevral 2024-c\u00fc ild\u0259 n\u00f6vb\u0259d\u0259nk\u0259nar prezident se\u00e7kisi t\u0259yin olunduqdan sonra Az\u0259rbaycan \u00dcmid Partiyas\u0131 M\u0259rk\u0259zi Aparat v\u0259 Yerli T\u0259\u015fkilatlar\u0131nda m\u00fczakir\u0259l\u0259r ke\u00e7ir\u0259r\u0259k, yekdil q\u0259rarla bu se\u00e7kid\u0259 Az\u0259rbaycan&hellip;","_links":{"self":[{"href":"https:\/\/arantv.az\/index.php?rest_route=\/wp\/v2\/posts\/688411"}],"collection":[{"href":"https:\/\/arantv.az\/index.php?rest_route=\/wp\/v2\/posts"}],"about":[{"href":"https:\/\/arantv.az\/index.php?rest_route=\/wp\/v2\/types\/post"}],"author":[{"embeddable":true,"href":"https:\/\/arantv.az\/index.php?rest_route=\/wp\/v2\/users\/2"}],"replies":[{"embeddable":true,"href":"https:\/\/arantv.az\/index.php?rest_route=%2Fwp%2Fv2%2Fcomments&post=688411"}],"version-history":[{"count":0,"href":"https:\/\/arantv.az\/index.php?rest_route=\/wp\/v2\/posts\/688411\/revisions"}],"wp:featuredmedia":[{"embeddable":true,"href":"https:\/\/arantv.az\/index.php?rest_route=\/wp\/v2\/media\/688412"}],"wp:attachment":[{"href":"https:\/\/arantv.az\/index.php?rest_route=%2Fwp%2Fv2%2Fmedia&parent=688411"}],"wp:term":[{"taxonomy":"category","embeddable":true,"href":"https:\/\/arantv.az\/index.php?rest_route=%2Fwp%2Fv2%2Fcategories&post=688411"},{"taxonomy":"post_tag","embeddable":true,"href":"https:\/\/arantv.az\/index.php?rest_route=%2Fwp%2Fv2%2Ftags&post=688411"}],"curies":[{"name":"wp","href":"https:\/\/api.w.org\/{rel}","templated":true}]}}