{"id":688414,"date":"2024-02-08T09:51:23","date_gmt":"2024-02-08T05:51:23","guid":{"rendered":"https:\/\/arantv.az\/?p=688414"},"modified":"2024-02-08T09:51:23","modified_gmt":"2024-02-08T05:51:23","slug":"nikolas-maduro-ilham-%c9%99liyevi-seckid%c9%99-q%c9%99l%c9%99b%c9%99si-munasib%c9%99til%c9%99-t%c9%99brik-edib-foto","status":"publish","type":"post","link":"https:\/\/arantv.az\/?p=688414","title":{"rendered":"Nikolas Maduro \u0130lham \u018fliyevi se\u00e7kid\u0259 q\u0259l\u0259b\u0259si m\u00fcnasib\u0259til\u0259 t\u0259brik edib &#8211; FOTO"},"content":{"rendered":"<article class=\"news\">\n<div class=\"news-inner\">\n<p>Venesuela Bolivar Respublikas\u0131n\u0131n Prezidenti Nikolas Maduro Az\u0259rbaycan Respublikas\u0131n\u0131n Prezidenti\u00a0<strong>\u0130lham \u018fliyevi<\/strong>\u00a0n\u00f6vb\u0259d\u0259nk\u0259nar prezident se\u00e7kisind\u0259 qazand\u0131\u011f\u0131 inaml\u0131 q\u0259l\u0259b\u0259 m\u00fcnasib\u0259til\u0259 t\u0259brik edib.<\/p>\n<p><a href=\"https:\/\/azertag.az\/xeber\/venesuela_prezidenti_nikolas_maduro_prezident_ilham_eliyevi_sechkilerde_qelebesi_munasibetile_tebrik_edib-2913553\" target=\"_blank\" rel=\"noopener\">AZ\u018fRTAC<\/a>\u00a0x\u0259b\u0259r verir ki, Nikolas Maduro bununla ba\u011fl\u0131 sosial \u015f\u0259b\u0259k\u0259 hesab\u0131nda payla\u015f\u0131m edib.<\/p>\n<p>Payla\u015f\u0131mda deyilir:<\/p>\n<p>\u201cAz\u0259rbaycan xalq\u0131n\u0131 v\u0259 onun yenid\u0259n se\u00e7ilmi\u015f Prezident \u0130lham \u018fliyevi t\u0259brik edir\u0259m. Liderliyiniz, m\u00fcdrikliyiniz v\u0259 humanistliyiniz say\u0259sind\u0259 n\u0259cib xalq\u0131n\u0131z\u0131 inki\u015faf v\u0259 t\u0259r\u0259qqi yolunda ir\u0259liy\u0259 aparmaqda davam ed\u0259c\u0259ksiniz. Daha yeni zirv\u0259l\u0259r\u0259 do\u011fru ir\u0259li! Ya\u015fas\u0131n Az\u0259rbaycan!\u201d<\/p>\n<p>&nbsp;<\/p>\n<div class=\"gallery\">\n<div class=\"gallery-i\"><img src=\"https:\/\/cdn.oxu.az\/uploads\/W1siZiIsIjIwMjQvMDIvMDgvMDkvMjUvMDkvYjExMWUyZGItOGFiNC00MmJkLTg2NjEtMDY2Zjk0NDY4NjU5LzMyMS5KUEciXSxbInAiLCJlbmNvZGUiLCJqcGciLCItcXVhbGl0eSA4MCJdLFsicCIsInRodW1iIiwiNTkweDU5MFx1MDAzZSJdXQ?sha=b2d4fbe7c9a05040\" alt=\"\" \/><\/p>\n<div class=\"gallery-i-caption\"><\/div>\n<\/div>\n<\/div>\n<\/div>\n<\/article>\n","protected":false},"excerpt":{"rendered":"<p>Venesuela Bolivar Respublikas\u0131n\u0131n Prezidenti Nikolas Maduro Az\u0259rbaycan Respublikas\u0131n\u0131n Prezidenti\u00a0\u0130lham \u018fliyevi\u00a0n\u00f6vb\u0259d\u0259nk\u0259nar prezident se\u00e7kisind\u0259 qazand\u0131\u011f\u0131 inaml\u0131 q\u0259l\u0259b\u0259 m\u00fcnasib\u0259til\u0259 t\u0259brik edib. AZ\u018fRTAC\u00a0x\u0259b\u0259r verir ki, Nikolas Maduro bununla ba\u011fl\u0131 sosial \u015f\u0259b\u0259k\u0259 hesab\u0131nda payla\u015f\u0131m edib. Payla\u015f\u0131mda deyilir: \u201cAz\u0259rbaycan xalq\u0131n\u0131 v\u0259 onun yenid\u0259n se\u00e7ilmi\u015f Prezident \u0130lham \u018fliyevi t\u0259brik edir\u0259m. Liderliyiniz, m\u00fcdrikliyiniz v\u0259 humanistliyiniz say\u0259sind\u0259 n\u0259cib xalq\u0131n\u0131z\u0131 inki\u015faf v\u0259 t\u0259r\u0259qqi yolunda ir\u0259liy\u0259 aparmaqda davam ed\u0259c\u0259ksiniz. Daha yeni zirv\u0259l\u0259r\u0259 do\u011fru ir\u0259li! Ya\u015fas\u0131n Az\u0259rbaycan!\u201d &nbsp;<\/p>\n","protected":false},"author":2,"featured_media":688415,"comment_status":"closed","ping_status":"closed","sticky":false,"template":"","format":"standard","meta":{"om_disable_all_campaigns":false,"_monsterinsights_skip_tracking":false,"_monsterinsights_sitenote_active":false,"_monsterinsights_sitenote_note":"","_monsterinsights_sitenote_category":0},"categories":[4],"tags":[],"aioseo_notices":[],"gutentor_comment":0,"rttpg_featured_image_url":{"full":["https:\/\/arantv.az\/wp-content\/uploads\/2024\/02\/PFEIQCZ73NIK5KU74NAFCIXJ4I.jpg",620,413,false],"landscape":["https:\/\/arantv.az\/wp-content\/uploads\/2024\/02\/PFEIQCZ73NIK5KU74NAFCIXJ4I.jpg",620,413,false],"portraits":["https:\/\/arantv.az\/wp-content\/uploads\/2024\/02\/PFEIQCZ73NIK5KU74NAFCIXJ4I.jpg",620,413,false],"thumbnail":["https:\/\/arantv.az\/wp-content\/uploads\/2024\/02\/PFEIQCZ73NIK5KU74NAFCIXJ4I-500x280.jpg",500,280,true],"medium":["https:\/\/arantv.az\/wp-content\/uploads\/2024\/02\/PFEIQCZ73NIK5KU74NAFCIXJ4I-548x365.jpg",548,365,true],"large":["https:\/\/arantv.az\/wp-content\/uploads\/2024\/02\/PFEIQCZ73NIK5KU74NAFCIXJ4I.jpg",620,413,false],"1536x1536":["https:\/\/arantv.az\/wp-content\/uploads\/2024\/02\/PFEIQCZ73NIK5KU74NAFCIXJ4I.jpg",620,413,false],"2048x2048":["https:\/\/arantv.az\/wp-content\/uploads\/2024\/02\/PFEIQCZ73NIK5KU74NAFCIXJ4I.jpg",620,413,false],"post-thumbnail":["https:\/\/arantv.az\/wp-content\/uploads\/2024\/02\/PFEIQCZ73NIK5KU74NAFCIXJ4I-240x172.jpg",240,172,true],"advps-thumb-one":["https:\/\/arantv.az\/wp-content\/uploads\/2024\/02\/PFEIQCZ73NIK5KU74NAFCIXJ4I.jpg",620,413,false]},"rttpg_author":{"display_name":"V\u00fcsal Rafiqo\u011flu","author_link":"https:\/\/arantv.az\/?author=2"},"rttpg_comment":0,"rttpg_category":"<a href=\"https:\/\/arantv.az\/?cat=4\" rel=\"category\">Siyas\u0259t<\/a>","rttpg_excerpt":"Venesuela Bolivar Respublikas\u0131n\u0131n Prezidenti Nikolas Maduro Az\u0259rbaycan Respublikas\u0131n\u0131n Prezidenti\u00a0\u0130lham \u018fliyevi\u00a0n\u00f6vb\u0259d\u0259nk\u0259nar prezident se\u00e7kisind\u0259 qazand\u0131\u011f\u0131 inaml\u0131 q\u0259l\u0259b\u0259 m\u00fcnasib\u0259til\u0259 t\u0259brik edib. AZ\u018fRTAC\u00a0x\u0259b\u0259r verir ki, Nikolas Maduro bununla ba\u011fl\u0131 sosial \u015f\u0259b\u0259k\u0259 hesab\u0131nda payla\u015f\u0131m edib. Payla\u015f\u0131mda deyilir: \u201cAz\u0259rbaycan xalq\u0131n\u0131 v\u0259 onun yenid\u0259n se\u00e7ilmi\u015f Prezident \u0130lham \u018fliyevi t\u0259brik edir\u0259m. Liderliyiniz, m\u00fcdrikliyiniz v\u0259 humanistliyiniz say\u0259sind\u0259 n\u0259cib xalq\u0131n\u0131z\u0131 inki\u015faf v\u0259 t\u0259r\u0259qqi yolunda ir\u0259liy\u0259&hellip;","_links":{"self":[{"href":"https:\/\/arantv.az\/index.php?rest_route=\/wp\/v2\/posts\/688414"}],"collection":[{"href":"https:\/\/arantv.az\/index.php?rest_route=\/wp\/v2\/posts"}],"about":[{"href":"https:\/\/arantv.az\/index.php?rest_route=\/wp\/v2\/types\/post"}],"author":[{"embeddable":true,"href":"https:\/\/arantv.az\/index.php?rest_route=\/wp\/v2\/users\/2"}],"replies":[{"embeddable":true,"href":"https:\/\/arantv.az\/index.php?rest_route=%2Fwp%2Fv2%2Fcomments&post=688414"}],"version-history":[{"count":0,"href":"https:\/\/arantv.az\/index.php?rest_route=\/wp\/v2\/posts\/688414\/revisions"}],"wp:featuredmedia":[{"embeddable":true,"href":"https:\/\/arantv.az\/index.php?rest_route=\/wp\/v2\/media\/688415"}],"wp:attachment":[{"href":"https:\/\/arantv.az\/index.php?rest_route=%2Fwp%2Fv2%2Fmedia&parent=688414"}],"wp:term":[{"taxonomy":"category","embeddable":true,"href":"https:\/\/arantv.az\/index.php?rest_route=%2Fwp%2Fv2%2Fcategories&post=688414"},{"taxonomy":"post_tag","embeddable":true,"href":"https:\/\/arantv.az\/index.php?rest_route=%2Fwp%2Fv2%2Ftags&post=688414"}],"curies":[{"name":"wp","href":"https:\/\/api.w.org\/{rel}","templated":true}]}}