{"id":688427,"date":"2024-02-08T10:28:51","date_gmt":"2024-02-08T06:28:51","guid":{"rendered":"https:\/\/arantv.az\/?p=688427"},"modified":"2024-02-08T10:28:51","modified_gmt":"2024-02-08T06:28:51","slug":"prezident-seckisinin-n%c9%99tic%c9%99l%c9%99ri-konstitusiya-m%c9%99hk%c9%99m%c9%99sin%c9%99-n%c9%99-vaxt-t%c9%99qdim-edil%c9%99c%c9%99k","status":"publish","type":"post","link":"https:\/\/arantv.az\/?p=688427","title":{"rendered":"Prezident se\u00e7kisinin n\u0259tic\u0259l\u0259ri Konstitusiya M\u0259hk\u0259m\u0259sin\u0259 n\u0259 vaxt t\u0259qdim edil\u0259c\u0259k?"},"content":{"rendered":"<p>Prezident se\u00e7kisin\u0259 yekun vurulmas\u0131 v\u0259 n\u0259tic\u0259l\u0259rin t\u0259sdiq olunmas\u0131 \u00fc\u00e7\u00fcn Konstitusiya M\u0259hk\u0259m\u0259sin\u0259 t\u0259qdim edilm\u0259si prosesi fevral\u0131n 17-d\u0259k yekunla\u015facaq.<\/p>\n<p>APA-n\u0131n x\u0259b\u0259rin\u0259 g\u00f6r\u0259, Se\u00e7ki M\u0259c\u0259ll\u0259sin\u0259 \u0259sas\u0259n, M\u0259rk\u0259zi Se\u00e7ki Komissiyas\u0131 s\u0259sverm\u0259 g\u00fcn\u00fcnd\u0259n ba\u015flayaraq 10 g\u00fcn m\u00fcdd\u0259tind\u0259 prezident se\u00e7kisin\u0259 yekun vurulmas\u0131 v\u0259 n\u0259tic\u0259l\u0259rin t\u0259sdiq olunmas\u0131 \u00fc\u00e7\u00fcn Konstitusiya M\u0259hk\u0259m\u0259sin\u0259 t\u0259qdim edilm\u0259sini t\u0259min etm\u0259lidir.<\/p>\n<p>N\u00f6vb\u0259d\u0259nk\u0259nar prezident se\u00e7kisi il\u0259 \u0259laq\u0259dar bu m\u00fcdd\u0259t fevral\u0131n 17-d\u0259k olan d\u00f6vr\u00fc \u0259hat\u0259 edir.<\/p>\n<p>Qeyd ed\u0259k ki, fevral\u0131n 7-d\u0259 ke\u00e7iril\u0259n s\u0259sverm\u0259nin ilkin n\u0259tic\u0259l\u0259r\u0259 \u0259sas\u0259n, \u0130lham \u018fliyev 92,05% s\u0259sl\u0259 liderdir.<\/p>\n","protected":false},"excerpt":{"rendered":"<p>Prezident se\u00e7kisin\u0259 yekun vurulmas\u0131 v\u0259 n\u0259tic\u0259l\u0259rin t\u0259sdiq olunmas\u0131 \u00fc\u00e7\u00fcn Konstitusiya M\u0259hk\u0259m\u0259sin\u0259 t\u0259qdim edilm\u0259si prosesi fevral\u0131n 17-d\u0259k yekunla\u015facaq. APA-n\u0131n x\u0259b\u0259rin\u0259 g\u00f6r\u0259, Se\u00e7ki M\u0259c\u0259ll\u0259sin\u0259 \u0259sas\u0259n, M\u0259rk\u0259zi Se\u00e7ki Komissiyas\u0131 s\u0259sverm\u0259 g\u00fcn\u00fcnd\u0259n ba\u015flayaraq 10 g\u00fcn m\u00fcdd\u0259tind\u0259 prezident se\u00e7kisin\u0259 yekun vurulmas\u0131 v\u0259 n\u0259tic\u0259l\u0259rin t\u0259sdiq olunmas\u0131 \u00fc\u00e7\u00fcn Konstitusiya M\u0259hk\u0259m\u0259sin\u0259 t\u0259qdim edilm\u0259sini t\u0259min etm\u0259lidir. N\u00f6vb\u0259d\u0259nk\u0259nar prezident se\u00e7kisi il\u0259 \u0259laq\u0259dar bu m\u00fcdd\u0259t fevral\u0131n 17-d\u0259k olan d\u00f6vr\u00fc \u0259hat\u0259 edir. Qeyd ed\u0259k ki, fevral\u0131n 7-d\u0259 ke\u00e7iril\u0259n s\u0259sverm\u0259nin ilkin n\u0259tic\u0259l\u0259r\u0259 \u0259sas\u0259n, \u0130lham \u018fliyev 92,05% s\u0259sl\u0259 liderdir.<\/p>\n","protected":false},"author":2,"featured_media":602420,"comment_status":"closed","ping_status":"closed","sticky":false,"template":"","format":"standard","meta":{"om_disable_all_campaigns":false,"_monsterinsights_skip_tracking":false,"_monsterinsights_sitenote_active":false,"_monsterinsights_sitenote_note":"","_monsterinsights_sitenote_category":0},"categories":[4],"tags":[],"aioseo_notices":[],"gutentor_comment":0,"rttpg_featured_image_url":{"full":["https:\/\/arantv.az\/wp-content\/uploads\/2023\/05\/msk_036.jpg",800,600,false],"landscape":["https:\/\/arantv.az\/wp-content\/uploads\/2023\/05\/msk_036.jpg",800,600,false],"portraits":["https:\/\/arantv.az\/wp-content\/uploads\/2023\/05\/msk_036.jpg",800,600,false],"thumbnail":["https:\/\/arantv.az\/wp-content\/uploads\/2023\/05\/msk_036-500x280.jpg",500,280,true],"medium":["https:\/\/arantv.az\/wp-content\/uploads\/2023\/05\/msk_036-487x365.jpg",487,365,true],"large":["https:\/\/arantv.az\/wp-content\/uploads\/2023\/05\/msk_036.jpg",640,480,false],"1536x1536":["https:\/\/arantv.az\/wp-content\/uploads\/2023\/05\/msk_036.jpg",800,600,false],"2048x2048":["https:\/\/arantv.az\/wp-content\/uploads\/2023\/05\/msk_036.jpg",800,600,false],"post-thumbnail":["https:\/\/arantv.az\/wp-content\/uploads\/2023\/05\/msk_036-240x172.jpg",240,172,true],"advps-thumb-one":["https:\/\/arantv.az\/wp-content\/uploads\/2023\/05\/msk_036.jpg",800,600,false]},"rttpg_author":{"display_name":"V\u00fcsal Rafiqo\u011flu","author_link":"https:\/\/arantv.az\/?author=2"},"rttpg_comment":0,"rttpg_category":"<a href=\"https:\/\/arantv.az\/?cat=4\" rel=\"category\">Siyas\u0259t<\/a>","rttpg_excerpt":"Prezident se\u00e7kisin\u0259 yekun vurulmas\u0131 v\u0259 n\u0259tic\u0259l\u0259rin t\u0259sdiq olunmas\u0131 \u00fc\u00e7\u00fcn Konstitusiya M\u0259hk\u0259m\u0259sin\u0259 t\u0259qdim edilm\u0259si prosesi fevral\u0131n 17-d\u0259k yekunla\u015facaq. APA-n\u0131n x\u0259b\u0259rin\u0259 g\u00f6r\u0259, Se\u00e7ki M\u0259c\u0259ll\u0259sin\u0259 \u0259sas\u0259n, M\u0259rk\u0259zi Se\u00e7ki Komissiyas\u0131 s\u0259sverm\u0259 g\u00fcn\u00fcnd\u0259n ba\u015flayaraq 10 g\u00fcn m\u00fcdd\u0259tind\u0259 prezident se\u00e7kisin\u0259 yekun vurulmas\u0131 v\u0259 n\u0259tic\u0259l\u0259rin t\u0259sdiq olunmas\u0131 \u00fc\u00e7\u00fcn Konstitusiya M\u0259hk\u0259m\u0259sin\u0259 t\u0259qdim edilm\u0259sini t\u0259min etm\u0259lidir. N\u00f6vb\u0259d\u0259nk\u0259nar prezident se\u00e7kisi il\u0259 \u0259laq\u0259dar bu m\u00fcdd\u0259t fevral\u0131n&hellip;","_links":{"self":[{"href":"https:\/\/arantv.az\/index.php?rest_route=\/wp\/v2\/posts\/688427"}],"collection":[{"href":"https:\/\/arantv.az\/index.php?rest_route=\/wp\/v2\/posts"}],"about":[{"href":"https:\/\/arantv.az\/index.php?rest_route=\/wp\/v2\/types\/post"}],"author":[{"embeddable":true,"href":"https:\/\/arantv.az\/index.php?rest_route=\/wp\/v2\/users\/2"}],"replies":[{"embeddable":true,"href":"https:\/\/arantv.az\/index.php?rest_route=%2Fwp%2Fv2%2Fcomments&post=688427"}],"version-history":[{"count":0,"href":"https:\/\/arantv.az\/index.php?rest_route=\/wp\/v2\/posts\/688427\/revisions"}],"wp:featuredmedia":[{"embeddable":true,"href":"https:\/\/arantv.az\/index.php?rest_route=\/wp\/v2\/media\/602420"}],"wp:attachment":[{"href":"https:\/\/arantv.az\/index.php?rest_route=%2Fwp%2Fv2%2Fmedia&parent=688427"}],"wp:term":[{"taxonomy":"category","embeddable":true,"href":"https:\/\/arantv.az\/index.php?rest_route=%2Fwp%2Fv2%2Fcategories&post=688427"},{"taxonomy":"post_tag","embeddable":true,"href":"https:\/\/arantv.az\/index.php?rest_route=%2Fwp%2Fv2%2Ftags&post=688427"}],"curies":[{"name":"wp","href":"https:\/\/api.w.org\/{rel}","templated":true}]}}