{"id":688435,"date":"2024-02-08T10:31:43","date_gmt":"2024-02-08T06:31:43","guid":{"rendered":"https:\/\/arantv.az\/?p=688435"},"modified":"2024-02-08T10:31:43","modified_gmt":"2024-02-08T06:31:43","slug":"az%c9%99rbaycanda-yeddi-yasli-usaq-c%c9%99rrahi-%c9%99m%c9%99liyyatdan-sonra-x%c9%99st%c9%99xanada-olub","status":"publish","type":"post","link":"https:\/\/arantv.az\/?p=688435","title":{"rendered":"Az\u0259rbaycanda yeddi ya\u015fl\u0131 u\u015faq c\u0259rrahi \u0259m\u0259liyyatdan sonra x\u0259st\u0259xanada \u00f6l\u00fcb"},"content":{"rendered":"<p>G\u00f6y\u00e7ay rayonunda yeddi ya\u015fl\u0131 u\u015faq c\u0259rrahi \u0259m\u0259liyyatdan sonra x\u0259st\u0259xanada \u00f6l\u00fcb.<\/p>\n<p>\u201cReport\u201d x\u0259b\u0259r verir ki, rayonun B\u0131\u011f\u0131r k\u0259ndind\u0259 qeydiyyatda olmaqla ya\u015fayan, 2017-ci il t\u0259v\u0259ll\u00fcdl\u00fc, anadang\u0259lm\u0259 epilepsiya x\u0259st\u0259liyind\u0259n \u0259ziyy\u0259t \u00e7\u0259k\u0259n, bununla ba\u011fl\u0131 daimi olaraq m\u00fcalic\u0259 alan Vasif C\u0259lilli fevral\u0131n 5-d\u0259 ya\u015fad\u0131\u011f\u0131 evd\u0259 y\u0131x\u0131laraq ba\u015f nahiy\u0259sind\u0259n x\u0259sar\u0259t al\u0131b.<\/p>\n<p>O, yax\u0131nlar\u0131 t\u0259r\u0259find\u0259n t\u0259cili olaraq G\u00f6y\u00e7ay Rayon M\u0259rk\u0259zi X\u0259st\u0259xanas\u0131na \u00e7atd\u0131r\u0131l\u0131b. V.C\u0259lilli ilkin tibbi yard\u0131m g\u00f6st\u0259rildikd\u0259n sonra c\u0259rrahi \u0259m\u0259liyyat edilib v\u0259 fevral\u0131n 7-d\u0259 h\u0259min x\u0259st\u0259xanada \u00f6l\u00fcb.<\/p>\n<p>Faktla ba\u011fl\u0131 G\u00f6y\u00e7ay Rayon Prokurorlu\u011funda ara\u015fd\u0131rma apar\u0131l\u0131r.<\/p>\n","protected":false},"excerpt":{"rendered":"<p>G\u00f6y\u00e7ay rayonunda yeddi ya\u015fl\u0131 u\u015faq c\u0259rrahi \u0259m\u0259liyyatdan sonra x\u0259st\u0259xanada \u00f6l\u00fcb. \u201cReport\u201d x\u0259b\u0259r verir ki, rayonun B\u0131\u011f\u0131r k\u0259ndind\u0259 qeydiyyatda olmaqla ya\u015fayan, 2017-ci il t\u0259v\u0259ll\u00fcdl\u00fc, anadang\u0259lm\u0259 epilepsiya x\u0259st\u0259liyind\u0259n \u0259ziyy\u0259t \u00e7\u0259k\u0259n, bununla ba\u011fl\u0131 daimi olaraq m\u00fcalic\u0259 alan Vasif C\u0259lilli fevral\u0131n 5-d\u0259 ya\u015fad\u0131\u011f\u0131 evd\u0259 y\u0131x\u0131laraq ba\u015f nahiy\u0259sind\u0259n x\u0259sar\u0259t al\u0131b. O, yax\u0131nlar\u0131 t\u0259r\u0259find\u0259n t\u0259cili olaraq G\u00f6y\u00e7ay Rayon M\u0259rk\u0259zi X\u0259st\u0259xanas\u0131na \u00e7atd\u0131r\u0131l\u0131b. V.C\u0259lilli ilkin tibbi yard\u0131m g\u00f6st\u0259rildikd\u0259n sonra c\u0259rrahi \u0259m\u0259liyyat edilib v\u0259 fevral\u0131n 7-d\u0259 h\u0259min x\u0259st\u0259xanada \u00f6l\u00fcb. Faktla ba\u011fl\u0131 G\u00f6y\u00e7ay Rayon Prokurorlu\u011funda ara\u015fd\u0131rma apar\u0131l\u0131r.<\/p>\n","protected":false},"author":2,"featured_media":688436,"comment_status":"closed","ping_status":"closed","sticky":false,"template":"","format":"standard","meta":{"om_disable_all_campaigns":false,"_monsterinsights_skip_tracking":false,"_monsterinsights_sitenote_active":false,"_monsterinsights_sitenote_note":"","_monsterinsights_sitenote_category":0},"categories":[5],"tags":[],"aioseo_notices":[],"gutentor_comment":0,"rttpg_featured_image_url":{"full":["https:\/\/arantv.az\/wp-content\/uploads\/2024\/02\/1591164102xes.jpg",549,412,false],"landscape":["https:\/\/arantv.az\/wp-content\/uploads\/2024\/02\/1591164102xes.jpg",549,412,false],"portraits":["https:\/\/arantv.az\/wp-content\/uploads\/2024\/02\/1591164102xes.jpg",549,412,false],"thumbnail":["https:\/\/arantv.az\/wp-content\/uploads\/2024\/02\/1591164102xes-500x280.jpg",500,280,true],"medium":["https:\/\/arantv.az\/wp-content\/uploads\/2024\/02\/1591164102xes-486x365.jpg",486,365,true],"large":["https:\/\/arantv.az\/wp-content\/uploads\/2024\/02\/1591164102xes.jpg",549,412,false],"1536x1536":["https:\/\/arantv.az\/wp-content\/uploads\/2024\/02\/1591164102xes.jpg",549,412,false],"2048x2048":["https:\/\/arantv.az\/wp-content\/uploads\/2024\/02\/1591164102xes.jpg",549,412,false],"post-thumbnail":["https:\/\/arantv.az\/wp-content\/uploads\/2024\/02\/1591164102xes-240x172.jpg",240,172,true],"advps-thumb-one":["https:\/\/arantv.az\/wp-content\/uploads\/2024\/02\/1591164102xes.jpg",549,412,false]},"rttpg_author":{"display_name":"V\u00fcsal Rafiqo\u011flu","author_link":"https:\/\/arantv.az\/?author=2"},"rttpg_comment":0,"rttpg_category":"<a href=\"https:\/\/arantv.az\/?cat=5\" rel=\"category\">Hadis\u0259<\/a>","rttpg_excerpt":"G\u00f6y\u00e7ay rayonunda yeddi ya\u015fl\u0131 u\u015faq c\u0259rrahi \u0259m\u0259liyyatdan sonra x\u0259st\u0259xanada \u00f6l\u00fcb. \u201cReport\u201d x\u0259b\u0259r verir ki, rayonun B\u0131\u011f\u0131r k\u0259ndind\u0259 qeydiyyatda olmaqla ya\u015fayan, 2017-ci il t\u0259v\u0259ll\u00fcdl\u00fc, anadang\u0259lm\u0259 epilepsiya x\u0259st\u0259liyind\u0259n \u0259ziyy\u0259t \u00e7\u0259k\u0259n, bununla ba\u011fl\u0131 daimi olaraq m\u00fcalic\u0259 alan Vasif C\u0259lilli fevral\u0131n 5-d\u0259 ya\u015fad\u0131\u011f\u0131 evd\u0259 y\u0131x\u0131laraq ba\u015f nahiy\u0259sind\u0259n x\u0259sar\u0259t al\u0131b. O, yax\u0131nlar\u0131 t\u0259r\u0259find\u0259n t\u0259cili olaraq G\u00f6y\u00e7ay Rayon M\u0259rk\u0259zi X\u0259st\u0259xanas\u0131na \u00e7atd\u0131r\u0131l\u0131b.&hellip;","_links":{"self":[{"href":"https:\/\/arantv.az\/index.php?rest_route=\/wp\/v2\/posts\/688435"}],"collection":[{"href":"https:\/\/arantv.az\/index.php?rest_route=\/wp\/v2\/posts"}],"about":[{"href":"https:\/\/arantv.az\/index.php?rest_route=\/wp\/v2\/types\/post"}],"author":[{"embeddable":true,"href":"https:\/\/arantv.az\/index.php?rest_route=\/wp\/v2\/users\/2"}],"replies":[{"embeddable":true,"href":"https:\/\/arantv.az\/index.php?rest_route=%2Fwp%2Fv2%2Fcomments&post=688435"}],"version-history":[{"count":0,"href":"https:\/\/arantv.az\/index.php?rest_route=\/wp\/v2\/posts\/688435\/revisions"}],"wp:featuredmedia":[{"embeddable":true,"href":"https:\/\/arantv.az\/index.php?rest_route=\/wp\/v2\/media\/688436"}],"wp:attachment":[{"href":"https:\/\/arantv.az\/index.php?rest_route=%2Fwp%2Fv2%2Fmedia&parent=688435"}],"wp:term":[{"taxonomy":"category","embeddable":true,"href":"https:\/\/arantv.az\/index.php?rest_route=%2Fwp%2Fv2%2Fcategories&post=688435"},{"taxonomy":"post_tag","embeddable":true,"href":"https:\/\/arantv.az\/index.php?rest_route=%2Fwp%2Fv2%2Ftags&post=688435"}],"curies":[{"name":"wp","href":"https:\/\/api.w.org\/{rel}","templated":true}]}}