{"id":688510,"date":"2024-02-08T12:05:20","date_gmt":"2024-02-08T08:05:20","guid":{"rendered":"https:\/\/arantv.az\/?p=688510"},"modified":"2024-02-08T12:05:20","modified_gmt":"2024-02-08T08:05:20","slug":"ramzan-kadirov-ilham-%c9%99liyevi-seckil%c9%99rd%c9%99-q%c9%99l%c9%99b%c9%99si-munasib%c9%99til%c9%99-t%c9%99brik-edib","status":"publish","type":"post","link":"https:\/\/arantv.az\/?p=688510","title":{"rendered":"Ramzan Kad\u0131rov \u0130lham \u018fliyevi se\u00e7kil\u0259rd\u0259 q\u0259l\u0259b\u0259si m\u00fcnasib\u0259til\u0259 t\u0259brik edib"},"content":{"rendered":"<p>Rusiya Federasiyas\u0131 \u00c7e\u00e7enistan Respublikas\u0131n\u0131n ba\u015f\u00e7\u0131s\u0131 Ramzan Kad\u0131rov Az\u0259rbaycan Respublikas\u0131n\u0131n Prezidenti \u0130lham \u018fliyevi n\u00f6vb\u0259d\u0259nk\u0259nar prezident se\u00e7kil\u0259rind\u0259 qazand\u0131\u011f\u0131 inaml\u0131 q\u0259l\u0259b\u0259 m\u00fcnasib\u0259til\u0259 t\u0259brik edib.<\/p>\n<p>AZ\u018fRTAC\u00a0<a title=\"xeberler son xeberler 2024\" href=\"https:\/\/big.az\/\" target=\"_blank\" rel=\"noopener\">x\u0259b\u0259r<\/a>\u00a0verir ki, Ramzan Kad\u0131rov bununla ba\u011fl\u0131 sosial \u015f\u0259b\u0259k\u0259 hesab\u0131nda payla\u015f\u0131m edib.<\/p>\n<p>Payla\u015f\u0131mda deyilir: &#8220;H\u00f6rm\u0259tli \u0130lham \u018fliyevi Az\u0259rbaycan Respublikas\u0131n\u0131n Prezidenti v\u0259zif\u0259sin\u0259 se\u00e7ilm\u0259si m\u00fcnasib\u0259til\u0259 s\u0259mimi-q\u0259lbd\u0259n t\u0259brik edir\u0259m. Haz\u0131rda se\u00e7kil\u0259rin ilkin n\u0259tic\u0259l\u0259ri m\u0259lumdur, \u0130lham Heyd\u0259r o\u011flu inamla lider m\u00f6vqeyini tutur. Az\u0259rbaycan v\u0259t\u0259nda\u015flar\u0131n\u0131n bu d\u0259st\u0259yi onu g\u00f6st\u0259rir ki, \u0130lham Heyd\u0259r o\u011flu \u00f6z xalq\u0131n\u0131n h\u0259qiqi lideridir. Y\u00fcks\u0259k pe\u015f\u0259karl\u0131\u011f\u0131 v\u0259 m\u0259n\u0259vi keyfiyy\u0259tl\u0259ri, t\u0259cr\u00fcb\u0259si v\u0259 m\u00fcr\u0259kk\u0259b q\u0259rarlar\u0131 q\u0259bul etm\u0259k bacar\u0131\u011f\u0131 onu \u00f6lk\u0259nin siyasi v\u0259 sosial h\u0259yat\u0131nda \u0259v\u0259zolunmaz lider\u0259 \u00e7evirib&#8221;.<\/p>\n<p>Ramzan Kad\u0131rov \u0130lham \u018fliyevin &#8220;m\u00fch\u00fcm sosial-iqtisadi istiqam\u0259tl\u0259rin inki\u015faf\u0131n\u0131 ehtiva ed\u0259n&#8221; s\u0259m\u0259r\u0259li daxili siyas\u0259tini vur\u011fulayaraq yaz\u0131b: &#8220;\u0130lham \u018fliyev t\u0259r\u0259fda\u015f \u00f6lk\u0259l\u0259r, x\u00fcsus\u0259n Rusiya il\u0259 diplomatik \u0259laq\u0259l\u0259rin m\u00f6hk\u0259ml\u0259ndirilm\u0259si \u00fcz\u0259rind\u0259 yorulmadan \u00e7al\u0131\u015f\u0131r. Bu, qar\u015f\u0131l\u0131ql\u0131 faydal\u0131 \u0259m\u0259kda\u015fl\u0131\u011f\u0131n g\u00fccl\u0259ndirilm\u0259sin\u0259 k\u00f6m\u0259k edir. \u018fmin\u0259m ki, \u0130lham Heyd\u0259r o\u011flunun r\u0259hb\u0259rliyi il\u0259 \u00f6lk\u0259 dinamik inki\u015faf\u0131n\u0131 davam etdir\u0259c\u0259k, s\u00fcr\u0259tl\u0259 t\u0259r\u0259qqi ed\u0259r\u0259k n\u00fcfuzunu daha da art\u0131racaq&#8221;.<\/p>\n","protected":false},"excerpt":{"rendered":"<p>Rusiya Federasiyas\u0131 \u00c7e\u00e7enistan Respublikas\u0131n\u0131n ba\u015f\u00e7\u0131s\u0131 Ramzan Kad\u0131rov Az\u0259rbaycan Respublikas\u0131n\u0131n Prezidenti \u0130lham \u018fliyevi n\u00f6vb\u0259d\u0259nk\u0259nar prezident se\u00e7kil\u0259rind\u0259 qazand\u0131\u011f\u0131 inaml\u0131 q\u0259l\u0259b\u0259 m\u00fcnasib\u0259til\u0259 t\u0259brik edib. AZ\u018fRTAC\u00a0x\u0259b\u0259r\u00a0verir ki, Ramzan Kad\u0131rov bununla ba\u011fl\u0131 sosial \u015f\u0259b\u0259k\u0259 hesab\u0131nda payla\u015f\u0131m edib. Payla\u015f\u0131mda deyilir: &#8220;H\u00f6rm\u0259tli \u0130lham \u018fliyevi Az\u0259rbaycan Respublikas\u0131n\u0131n Prezidenti v\u0259zif\u0259sin\u0259 se\u00e7ilm\u0259si m\u00fcnasib\u0259til\u0259 s\u0259mimi-q\u0259lbd\u0259n t\u0259brik edir\u0259m. Haz\u0131rda se\u00e7kil\u0259rin ilkin n\u0259tic\u0259l\u0259ri m\u0259lumdur, \u0130lham Heyd\u0259r o\u011flu inamla lider m\u00f6vqeyini tutur. Az\u0259rbaycan v\u0259t\u0259nda\u015flar\u0131n\u0131n bu d\u0259st\u0259yi onu g\u00f6st\u0259rir ki, \u0130lham Heyd\u0259r o\u011flu \u00f6z xalq\u0131n\u0131n h\u0259qiqi lideridir. Y\u00fcks\u0259k pe\u015f\u0259karl\u0131\u011f\u0131 v\u0259 m\u0259n\u0259vi keyfiyy\u0259tl\u0259ri, t\u0259cr\u00fcb\u0259si v\u0259 m\u00fcr\u0259kk\u0259b q\u0259rarlar\u0131 q\u0259bul etm\u0259k bacar\u0131\u011f\u0131 onu \u00f6lk\u0259nin siyasi v\u0259 sosial h\u0259yat\u0131nda&hellip;<\/p>\n","protected":false},"author":2,"featured_media":688511,"comment_status":"closed","ping_status":"closed","sticky":false,"template":"","format":"standard","meta":{"om_disable_all_campaigns":false,"_monsterinsights_skip_tracking":false,"_monsterinsights_sitenote_active":false,"_monsterinsights_sitenote_note":"","_monsterinsights_sitenote_category":0},"categories":[4],"tags":[],"aioseo_notices":[],"gutentor_comment":0,"rttpg_featured_image_url":{"full":["https:\/\/arantv.az\/wp-content\/uploads\/2024\/02\/ramzan_21707371400.jpg",649,443,false],"landscape":["https:\/\/arantv.az\/wp-content\/uploads\/2024\/02\/ramzan_21707371400.jpg",649,443,false],"portraits":["https:\/\/arantv.az\/wp-content\/uploads\/2024\/02\/ramzan_21707371400.jpg",649,443,false],"thumbnail":["https:\/\/arantv.az\/wp-content\/uploads\/2024\/02\/ramzan_21707371400-500x280.jpg",500,280,true],"medium":["https:\/\/arantv.az\/wp-content\/uploads\/2024\/02\/ramzan_21707371400-535x365.jpg",535,365,true],"large":["https:\/\/arantv.az\/wp-content\/uploads\/2024\/02\/ramzan_21707371400.jpg",640,437,false],"1536x1536":["https:\/\/arantv.az\/wp-content\/uploads\/2024\/02\/ramzan_21707371400.jpg",649,443,false],"2048x2048":["https:\/\/arantv.az\/wp-content\/uploads\/2024\/02\/ramzan_21707371400.jpg",649,443,false],"post-thumbnail":["https:\/\/arantv.az\/wp-content\/uploads\/2024\/02\/ramzan_21707371400-240x172.jpg",240,172,true],"advps-thumb-one":["https:\/\/arantv.az\/wp-content\/uploads\/2024\/02\/ramzan_21707371400.jpg",649,443,false]},"rttpg_author":{"display_name":"V\u00fcsal Rafiqo\u011flu","author_link":"https:\/\/arantv.az\/?author=2"},"rttpg_comment":0,"rttpg_category":"<a href=\"https:\/\/arantv.az\/?cat=4\" rel=\"category\">Siyas\u0259t<\/a>","rttpg_excerpt":"Rusiya Federasiyas\u0131 \u00c7e\u00e7enistan Respublikas\u0131n\u0131n ba\u015f\u00e7\u0131s\u0131 Ramzan Kad\u0131rov Az\u0259rbaycan Respublikas\u0131n\u0131n Prezidenti \u0130lham \u018fliyevi n\u00f6vb\u0259d\u0259nk\u0259nar prezident se\u00e7kil\u0259rind\u0259 qazand\u0131\u011f\u0131 inaml\u0131 q\u0259l\u0259b\u0259 m\u00fcnasib\u0259til\u0259 t\u0259brik edib. AZ\u018fRTAC\u00a0x\u0259b\u0259r\u00a0verir ki, Ramzan Kad\u0131rov bununla ba\u011fl\u0131 sosial \u015f\u0259b\u0259k\u0259 hesab\u0131nda payla\u015f\u0131m edib. Payla\u015f\u0131mda deyilir: &#8220;H\u00f6rm\u0259tli \u0130lham \u018fliyevi Az\u0259rbaycan Respublikas\u0131n\u0131n Prezidenti v\u0259zif\u0259sin\u0259 se\u00e7ilm\u0259si m\u00fcnasib\u0259til\u0259 s\u0259mimi-q\u0259lbd\u0259n t\u0259brik edir\u0259m. Haz\u0131rda se\u00e7kil\u0259rin ilkin n\u0259tic\u0259l\u0259ri m\u0259lumdur, \u0130lham Heyd\u0259r o\u011flu inamla&hellip;","_links":{"self":[{"href":"https:\/\/arantv.az\/index.php?rest_route=\/wp\/v2\/posts\/688510"}],"collection":[{"href":"https:\/\/arantv.az\/index.php?rest_route=\/wp\/v2\/posts"}],"about":[{"href":"https:\/\/arantv.az\/index.php?rest_route=\/wp\/v2\/types\/post"}],"author":[{"embeddable":true,"href":"https:\/\/arantv.az\/index.php?rest_route=\/wp\/v2\/users\/2"}],"replies":[{"embeddable":true,"href":"https:\/\/arantv.az\/index.php?rest_route=%2Fwp%2Fv2%2Fcomments&post=688510"}],"version-history":[{"count":0,"href":"https:\/\/arantv.az\/index.php?rest_route=\/wp\/v2\/posts\/688510\/revisions"}],"wp:featuredmedia":[{"embeddable":true,"href":"https:\/\/arantv.az\/index.php?rest_route=\/wp\/v2\/media\/688511"}],"wp:attachment":[{"href":"https:\/\/arantv.az\/index.php?rest_route=%2Fwp%2Fv2%2Fmedia&parent=688510"}],"wp:term":[{"taxonomy":"category","embeddable":true,"href":"https:\/\/arantv.az\/index.php?rest_route=%2Fwp%2Fv2%2Fcategories&post=688510"},{"taxonomy":"post_tag","embeddable":true,"href":"https:\/\/arantv.az\/index.php?rest_route=%2Fwp%2Fv2%2Ftags&post=688510"}],"curies":[{"name":"wp","href":"https:\/\/api.w.org\/{rel}","templated":true}]}}