{"id":688542,"date":"2024-02-08T12:33:05","date_gmt":"2024-02-08T08:33:05","guid":{"rendered":"https:\/\/arantv.az\/?p=688542"},"modified":"2024-02-08T12:33:05","modified_gmt":"2024-02-08T08:33:05","slug":"vladimir-putin-ilham-%c9%99liyevi-t%c9%99brik-etdi-3","status":"publish","type":"post","link":"https:\/\/arantv.az\/?p=688542","title":{"rendered":"Vladimir Putin \u0130lham \u018fliyevi t\u0259brik etdi"},"content":{"rendered":"<p>Fevral\u0131n 8-d\u0259 Rusiya Federasiyas\u0131n\u0131n Prezidenti Vladimir Putin Az\u0259rbaycan Respublikas\u0131n\u0131n Prezidenti\u00a0<strong>\u0130lham \u018fliyev\u0259<\/strong>\u00a0z\u0259ng edib.<\/p>\n<p>Bununla ba\u011fl\u0131\u00a0<a href=\"https:\/\/president.az\/az\/articles\/view\/63579\" target=\"_blank\" rel=\"noopener\"><strong>President.az<\/strong><\/a>\u00a0m\u0259lumat yay\u0131b.<\/p>\n<p>Vladimir Putin \u0130lham \u018fliyev\u0259 prezident se\u00e7kisind\u0259 q\u0259l\u0259b\u0259si m\u00fcnasib\u0259til\u0259 t\u0259brikl\u0259rini \u00e7atd\u0131r\u0131b, ona Az\u0259rbaycan\u0131n inki\u015faf\u0131 v\u0259 xalq\u0131m\u0131z\u0131n firavanl\u0131\u011f\u0131 namin\u0259 prezidentlik f\u0259aliyy\u0259tind\u0259 u\u011furlar arzulay\u0131b.<\/p>\n<p>Prezident \u0130lham \u018fliyev g\u00f6st\u0259ril\u0259n diqq\u0259t\u0259 v\u0259 t\u0259brik\u0259 g\u00f6r\u0259 Vladimir Putin\u0259 minn\u0259tdarl\u0131\u011f\u0131n\u0131 ifad\u0259 edib.<\/p>\n<p>D\u00f6vl\u0259t ba\u015f\u00e7\u0131lar\u0131 m\u00fctt\u0259fiqlik v\u0259 strateji t\u0259r\u0259fda\u015fl\u0131q \u0259laq\u0259l\u0259rimizin m\u00fcxt\u0259lif sah\u0259l\u0259rd\u0259 bundan sonra da inki\u015faf ed\u0259c\u0259yin\u0259 \u0259minlikl\u0259rini bildirib, \u0259m\u0259kda\u015fl\u0131\u011f\u0131n perspektivl\u0259ri il\u0259 ba\u011fl\u0131 m\u0259s\u0259l\u0259l\u0259ri m\u00fczakir\u0259 edibl\u0259r.<\/p>\n","protected":false},"excerpt":{"rendered":"<p>Fevral\u0131n 8-d\u0259 Rusiya Federasiyas\u0131n\u0131n Prezidenti Vladimir Putin Az\u0259rbaycan Respublikas\u0131n\u0131n Prezidenti\u00a0\u0130lham \u018fliyev\u0259\u00a0z\u0259ng edib. Bununla ba\u011fl\u0131\u00a0President.az\u00a0m\u0259lumat yay\u0131b. Vladimir Putin \u0130lham \u018fliyev\u0259 prezident se\u00e7kisind\u0259 q\u0259l\u0259b\u0259si m\u00fcnasib\u0259til\u0259 t\u0259brikl\u0259rini \u00e7atd\u0131r\u0131b, ona Az\u0259rbaycan\u0131n inki\u015faf\u0131 v\u0259 xalq\u0131m\u0131z\u0131n firavanl\u0131\u011f\u0131 namin\u0259 prezidentlik f\u0259aliyy\u0259tind\u0259 u\u011furlar arzulay\u0131b. Prezident \u0130lham \u018fliyev g\u00f6st\u0259ril\u0259n diqq\u0259t\u0259 v\u0259 t\u0259brik\u0259 g\u00f6r\u0259 Vladimir Putin\u0259 minn\u0259tdarl\u0131\u011f\u0131n\u0131 ifad\u0259 edib. D\u00f6vl\u0259t ba\u015f\u00e7\u0131lar\u0131 m\u00fctt\u0259fiqlik v\u0259 strateji t\u0259r\u0259fda\u015fl\u0131q \u0259laq\u0259l\u0259rimizin m\u00fcxt\u0259lif sah\u0259l\u0259rd\u0259 bundan sonra da inki\u015faf ed\u0259c\u0259yin\u0259 \u0259minlikl\u0259rini bildirib, \u0259m\u0259kda\u015fl\u0131\u011f\u0131n perspektivl\u0259ri il\u0259 ba\u011fl\u0131 m\u0259s\u0259l\u0259l\u0259ri m\u00fczakir\u0259 edibl\u0259r.<\/p>\n","protected":false},"author":2,"featured_media":688543,"comment_status":"closed","ping_status":"closed","sticky":false,"template":"","format":"standard","meta":{"om_disable_all_campaigns":false,"_monsterinsights_skip_tracking":false,"_monsterinsights_sitenote_active":false,"_monsterinsights_sitenote_note":"","_monsterinsights_sitenote_category":0},"categories":[4],"tags":[],"aioseo_notices":[],"gutentor_comment":0,"rttpg_featured_image_url":{"full":["https:\/\/arantv.az\/wp-content\/uploads\/2024\/02\/1697121720_7127d97cf1a29cc02d5084ec1f873ef9.jpg",620,413,false],"landscape":["https:\/\/arantv.az\/wp-content\/uploads\/2024\/02\/1697121720_7127d97cf1a29cc02d5084ec1f873ef9.jpg",620,413,false],"portraits":["https:\/\/arantv.az\/wp-content\/uploads\/2024\/02\/1697121720_7127d97cf1a29cc02d5084ec1f873ef9.jpg",620,413,false],"thumbnail":["https:\/\/arantv.az\/wp-content\/uploads\/2024\/02\/1697121720_7127d97cf1a29cc02d5084ec1f873ef9-500x280.jpg",500,280,true],"medium":["https:\/\/arantv.az\/wp-content\/uploads\/2024\/02\/1697121720_7127d97cf1a29cc02d5084ec1f873ef9-548x365.jpg",548,365,true],"large":["https:\/\/arantv.az\/wp-content\/uploads\/2024\/02\/1697121720_7127d97cf1a29cc02d5084ec1f873ef9.jpg",620,413,false],"1536x1536":["https:\/\/arantv.az\/wp-content\/uploads\/2024\/02\/1697121720_7127d97cf1a29cc02d5084ec1f873ef9.jpg",620,413,false],"2048x2048":["https:\/\/arantv.az\/wp-content\/uploads\/2024\/02\/1697121720_7127d97cf1a29cc02d5084ec1f873ef9.jpg",620,413,false],"post-thumbnail":["https:\/\/arantv.az\/wp-content\/uploads\/2024\/02\/1697121720_7127d97cf1a29cc02d5084ec1f873ef9-240x172.jpg",240,172,true],"advps-thumb-one":["https:\/\/arantv.az\/wp-content\/uploads\/2024\/02\/1697121720_7127d97cf1a29cc02d5084ec1f873ef9.jpg",620,413,false]},"rttpg_author":{"display_name":"V\u00fcsal Rafiqo\u011flu","author_link":"https:\/\/arantv.az\/?author=2"},"rttpg_comment":0,"rttpg_category":"<a href=\"https:\/\/arantv.az\/?cat=4\" rel=\"category\">Siyas\u0259t<\/a>","rttpg_excerpt":"Fevral\u0131n 8-d\u0259 Rusiya Federasiyas\u0131n\u0131n Prezidenti Vladimir Putin Az\u0259rbaycan Respublikas\u0131n\u0131n Prezidenti\u00a0\u0130lham \u018fliyev\u0259\u00a0z\u0259ng edib. Bununla ba\u011fl\u0131\u00a0President.az\u00a0m\u0259lumat yay\u0131b. Vladimir Putin \u0130lham \u018fliyev\u0259 prezident se\u00e7kisind\u0259 q\u0259l\u0259b\u0259si m\u00fcnasib\u0259til\u0259 t\u0259brikl\u0259rini \u00e7atd\u0131r\u0131b, ona Az\u0259rbaycan\u0131n inki\u015faf\u0131 v\u0259 xalq\u0131m\u0131z\u0131n firavanl\u0131\u011f\u0131 namin\u0259 prezidentlik f\u0259aliyy\u0259tind\u0259 u\u011furlar arzulay\u0131b. Prezident \u0130lham \u018fliyev g\u00f6st\u0259ril\u0259n diqq\u0259t\u0259 v\u0259 t\u0259brik\u0259 g\u00f6r\u0259 Vladimir Putin\u0259 minn\u0259tdarl\u0131\u011f\u0131n\u0131 ifad\u0259 edib. D\u00f6vl\u0259t ba\u015f\u00e7\u0131lar\u0131 m\u00fctt\u0259fiqlik v\u0259 strateji t\u0259r\u0259fda\u015fl\u0131q&hellip;","_links":{"self":[{"href":"https:\/\/arantv.az\/index.php?rest_route=\/wp\/v2\/posts\/688542"}],"collection":[{"href":"https:\/\/arantv.az\/index.php?rest_route=\/wp\/v2\/posts"}],"about":[{"href":"https:\/\/arantv.az\/index.php?rest_route=\/wp\/v2\/types\/post"}],"author":[{"embeddable":true,"href":"https:\/\/arantv.az\/index.php?rest_route=\/wp\/v2\/users\/2"}],"replies":[{"embeddable":true,"href":"https:\/\/arantv.az\/index.php?rest_route=%2Fwp%2Fv2%2Fcomments&post=688542"}],"version-history":[{"count":0,"href":"https:\/\/arantv.az\/index.php?rest_route=\/wp\/v2\/posts\/688542\/revisions"}],"wp:featuredmedia":[{"embeddable":true,"href":"https:\/\/arantv.az\/index.php?rest_route=\/wp\/v2\/media\/688543"}],"wp:attachment":[{"href":"https:\/\/arantv.az\/index.php?rest_route=%2Fwp%2Fv2%2Fmedia&parent=688542"}],"wp:term":[{"taxonomy":"category","embeddable":true,"href":"https:\/\/arantv.az\/index.php?rest_route=%2Fwp%2Fv2%2Fcategories&post=688542"},{"taxonomy":"post_tag","embeddable":true,"href":"https:\/\/arantv.az\/index.php?rest_route=%2Fwp%2Fv2%2Ftags&post=688542"}],"curies":[{"name":"wp","href":"https:\/\/api.w.org\/{rel}","templated":true}]}}