{"id":688556,"date":"2024-02-08T12:51:30","date_gmt":"2024-02-08T08:51:30","guid":{"rendered":"https:\/\/arantv.az\/?p=688556"},"modified":"2024-02-08T12:51:30","modified_gmt":"2024-02-08T08:51:30","slug":"zelenski-ilham-%c9%99liyevi-t%c9%99brik-etdi-2","status":"publish","type":"post","link":"https:\/\/arantv.az\/?p=688556","title":{"rendered":"Zelenski \u0130lham \u018fliyevi T\u018fBR\u0130K etdi"},"content":{"rendered":"<div class=\"text-content\" data-id=\"\" data-url=\"\">\n<p><strong>\u201cAz\u0259rbaycan Prezidenti \u0130lham \u018fliyevi yenid\u0259n se\u00e7ilm\u0259si m\u00fcnasib\u0259til\u0259 t\u0259brik edir, Az\u0259rbaycan xalq\u0131n\u0131n rifah\u0131 namin\u0259 davaml\u0131 u\u011furlar v\u0259 m\u0259hsuldar f\u0259aliyy\u0259t arzulay\u0131ram\u201d.<\/strong><\/p>\n<p>Bunu Ukrayna prezidenti Vladimir Zelenski \u201cX\u201d platformas\u0131ndak\u0131 s\u0259hif\u0259sind\u0259 bildirib.<\/p>\n<p>\u201cM\u0259n d\u00f6vl\u0259tl\u0259rimizin suverenliyi v\u0259 \u0259razi b\u00fct\u00f6vl\u00fcy\u00fcn\u0259 qar\u015f\u0131l\u0131ql\u0131 d\u0259st\u0259yi y\u00fcks\u0259k qiym\u0259tl\u0259ndirir\u0259m.<\/p>\n<p>Bu tarixi d\u00f6vrd\u0259 \u00f6lk\u0259mizin azadl\u0131q m\u00fcbariz\u0259sind\u0259 Az\u0259rbaycan\u0131n g\u00f6st\u0259rdiyi humanitar v\u0259 dig\u0259r yard\u0131mlar\u0131 y\u00fcks\u0259k qiym\u0259tl\u0259ndiririk. Prezident \u018fliyevl\u0259 konstruktiv v\u0259 etibarl\u0131 m\u00fcnasib\u0259tl\u0259rimizi, el\u0259c\u0259 d\u0259 komandalar\u0131m\u0131z aras\u0131nda praktik \u0259m\u0259kda\u015fl\u0131\u011f\u0131 y\u00fcks\u0259k qiym\u0259tl\u0259ndirir\u0259m.<\/p>\n<p>\u018fmin\u0259m ki, Ukrayna il\u0259 Az\u0259rbaycan\u0131n strateji \u0259laq\u0259l\u0259ri bundan sonra da m\u00f6hk\u0259ml\u0259n\u0259c\u0259k\u201d &#8211; Zelenski qeyd edib. (APA)<\/p>\n<\/div>\n<div><\/div>\n<div>\n<div class=\"banner banner-6cdd60ea0045eb7a6ec44c54d29ed402\" data-banner=\"MTg0\"><\/div>\n<\/div>\n","protected":false},"excerpt":{"rendered":"<p>\u201cAz\u0259rbaycan Prezidenti \u0130lham \u018fliyevi yenid\u0259n se\u00e7ilm\u0259si m\u00fcnasib\u0259til\u0259 t\u0259brik edir, Az\u0259rbaycan xalq\u0131n\u0131n rifah\u0131 namin\u0259 davaml\u0131 u\u011furlar v\u0259 m\u0259hsuldar f\u0259aliyy\u0259t arzulay\u0131ram\u201d. Bunu Ukrayna prezidenti Vladimir Zelenski \u201cX\u201d platformas\u0131ndak\u0131 s\u0259hif\u0259sind\u0259 bildirib. \u201cM\u0259n d\u00f6vl\u0259tl\u0259rimizin suverenliyi v\u0259 \u0259razi b\u00fct\u00f6vl\u00fcy\u00fcn\u0259 qar\u015f\u0131l\u0131ql\u0131 d\u0259st\u0259yi y\u00fcks\u0259k qiym\u0259tl\u0259ndirir\u0259m. Bu tarixi d\u00f6vrd\u0259 \u00f6lk\u0259mizin azadl\u0131q m\u00fcbariz\u0259sind\u0259 Az\u0259rbaycan\u0131n g\u00f6st\u0259rdiyi humanitar v\u0259 dig\u0259r yard\u0131mlar\u0131 y\u00fcks\u0259k qiym\u0259tl\u0259ndiririk. Prezident \u018fliyevl\u0259 konstruktiv v\u0259 etibarl\u0131 m\u00fcnasib\u0259tl\u0259rimizi, el\u0259c\u0259 d\u0259 komandalar\u0131m\u0131z aras\u0131nda praktik \u0259m\u0259kda\u015fl\u0131\u011f\u0131 y\u00fcks\u0259k qiym\u0259tl\u0259ndirir\u0259m. \u018fmin\u0259m ki, Ukrayna il\u0259 Az\u0259rbaycan\u0131n strateji \u0259laq\u0259l\u0259ri bundan sonra da m\u00f6hk\u0259ml\u0259n\u0259c\u0259k\u201d &#8211; Zelenski qeyd edib. (APA)<\/p>\n","protected":false},"author":2,"featured_media":688557,"comment_status":"closed","ping_status":"closed","sticky":false,"template":"","format":"standard","meta":{"om_disable_all_campaigns":false,"_monsterinsights_skip_tracking":false,"_monsterinsights_sitenote_active":false,"_monsterinsights_sitenote_note":"","_monsterinsights_sitenote_category":0},"categories":[4],"tags":[],"aioseo_notices":[],"gutentor_comment":0,"rttpg_featured_image_url":{"full":["https:\/\/arantv.az\/wp-content\/uploads\/2024\/02\/320b3f98715c0236143666704662286a.jpg",870,500,false],"landscape":["https:\/\/arantv.az\/wp-content\/uploads\/2024\/02\/320b3f98715c0236143666704662286a.jpg",870,500,false],"portraits":["https:\/\/arantv.az\/wp-content\/uploads\/2024\/02\/320b3f98715c0236143666704662286a.jpg",870,500,false],"thumbnail":["https:\/\/arantv.az\/wp-content\/uploads\/2024\/02\/320b3f98715c0236143666704662286a-500x280.jpg",500,280,true],"medium":["https:\/\/arantv.az\/wp-content\/uploads\/2024\/02\/320b3f98715c0236143666704662286a-635x365.jpg",635,365,true],"large":["https:\/\/arantv.az\/wp-content\/uploads\/2024\/02\/320b3f98715c0236143666704662286a-840x483.jpg",640,368,true],"1536x1536":["https:\/\/arantv.az\/wp-content\/uploads\/2024\/02\/320b3f98715c0236143666704662286a.jpg",870,500,false],"2048x2048":["https:\/\/arantv.az\/wp-content\/uploads\/2024\/02\/320b3f98715c0236143666704662286a.jpg",870,500,false],"post-thumbnail":["https:\/\/arantv.az\/wp-content\/uploads\/2024\/02\/320b3f98715c0236143666704662286a-240x172.jpg",240,172,true],"advps-thumb-one":["https:\/\/arantv.az\/wp-content\/uploads\/2024\/02\/320b3f98715c0236143666704662286a.jpg",870,500,false]},"rttpg_author":{"display_name":"V\u00fcsal Rafiqo\u011flu","author_link":"https:\/\/arantv.az\/?author=2"},"rttpg_comment":0,"rttpg_category":"<a href=\"https:\/\/arantv.az\/?cat=4\" rel=\"category\">Siyas\u0259t<\/a>","rttpg_excerpt":"\u201cAz\u0259rbaycan Prezidenti \u0130lham \u018fliyevi yenid\u0259n se\u00e7ilm\u0259si m\u00fcnasib\u0259til\u0259 t\u0259brik edir, Az\u0259rbaycan xalq\u0131n\u0131n rifah\u0131 namin\u0259 davaml\u0131 u\u011furlar v\u0259 m\u0259hsuldar f\u0259aliyy\u0259t arzulay\u0131ram\u201d. Bunu Ukrayna prezidenti Vladimir Zelenski \u201cX\u201d platformas\u0131ndak\u0131 s\u0259hif\u0259sind\u0259 bildirib. \u201cM\u0259n d\u00f6vl\u0259tl\u0259rimizin suverenliyi v\u0259 \u0259razi b\u00fct\u00f6vl\u00fcy\u00fcn\u0259 qar\u015f\u0131l\u0131ql\u0131 d\u0259st\u0259yi y\u00fcks\u0259k qiym\u0259tl\u0259ndirir\u0259m. Bu tarixi d\u00f6vrd\u0259 \u00f6lk\u0259mizin azadl\u0131q m\u00fcbariz\u0259sind\u0259 Az\u0259rbaycan\u0131n g\u00f6st\u0259rdiyi humanitar v\u0259 dig\u0259r yard\u0131mlar\u0131 y\u00fcks\u0259k qiym\u0259tl\u0259ndiririk. Prezident \u018fliyevl\u0259 konstruktiv&hellip;","_links":{"self":[{"href":"https:\/\/arantv.az\/index.php?rest_route=\/wp\/v2\/posts\/688556"}],"collection":[{"href":"https:\/\/arantv.az\/index.php?rest_route=\/wp\/v2\/posts"}],"about":[{"href":"https:\/\/arantv.az\/index.php?rest_route=\/wp\/v2\/types\/post"}],"author":[{"embeddable":true,"href":"https:\/\/arantv.az\/index.php?rest_route=\/wp\/v2\/users\/2"}],"replies":[{"embeddable":true,"href":"https:\/\/arantv.az\/index.php?rest_route=%2Fwp%2Fv2%2Fcomments&post=688556"}],"version-history":[{"count":0,"href":"https:\/\/arantv.az\/index.php?rest_route=\/wp\/v2\/posts\/688556\/revisions"}],"wp:featuredmedia":[{"embeddable":true,"href":"https:\/\/arantv.az\/index.php?rest_route=\/wp\/v2\/media\/688557"}],"wp:attachment":[{"href":"https:\/\/arantv.az\/index.php?rest_route=%2Fwp%2Fv2%2Fmedia&parent=688556"}],"wp:term":[{"taxonomy":"category","embeddable":true,"href":"https:\/\/arantv.az\/index.php?rest_route=%2Fwp%2Fv2%2Fcategories&post=688556"},{"taxonomy":"post_tag","embeddable":true,"href":"https:\/\/arantv.az\/index.php?rest_route=%2Fwp%2Fv2%2Ftags&post=688556"}],"curies":[{"name":"wp","href":"https:\/\/api.w.org\/{rel}","templated":true}]}}