{"id":688571,"date":"2024-02-08T14:07:10","date_gmt":"2024-02-08T10:07:10","guid":{"rendered":"https:\/\/arantv.az\/?p=688571"},"modified":"2024-02-08T14:07:10","modified_gmt":"2024-02-08T10:07:10","slug":"ilham-%c9%99liyev-turkpa-nin-bas-katibini-v%c9%99-beyn%c9%99lxalq-secki-musahid%c9%99-missiyasinin-r%c9%99hb%c9%99rini-q%c9%99bul-edib","status":"publish","type":"post","link":"https:\/\/arantv.az\/?p=688571","title":{"rendered":"\u0130lham \u018fliyev T\u00dcRKPA-n\u0131n ba\u015f katibini v\u0259 beyn\u0259lxalq se\u00e7ki m\u00fc\u015fahid\u0259 missiyas\u0131n\u0131n r\u0259hb\u0259rini q\u0259bul edib"},"content":{"rendered":"<p>Fevral\u0131n 8-d\u0259 Az\u0259rbaycan Respublikas\u0131n\u0131n Prezidenti\u00a0<strong>\u0130lham \u018fliyev<\/strong>\u00a0T\u00fcrk D\u00f6vl\u0259tl\u0259ri Parlament Assambleyas\u0131n\u0131n (T\u00dcRKPA) Ba\u015f katibi Mehmet S\u00fcreyya Eri v\u0259 T\u00dcRKPA beyn\u0259lxalq se\u00e7ki m\u00fc\u015fahid\u0259 missiyas\u0131n\u0131n r\u0259hb\u0259ri, T\u00fcrkiy\u0259 B\u00f6y\u00fck Mill\u0259t M\u0259clisinin \u00fczv\u00fc Osman Mesteni q\u0259bul edib.<\/p>\n<p>Bununla ba\u011fl\u0131\u00a0<a href=\"https:\/\/azertag.az\/xeber\/prezident_ilham_eliyev_turkpa_nin_bas_katibini_ve_beynelxalq_sechki_musahide_missiyasinin_rehberini_qebul_edib_yenilenecek-2914171\" target=\"_blank\" rel=\"noopener\">AZ\u018fRTAC<\/a>\u00a0m\u0259lumat yay\u0131b.<\/p>\n","protected":false},"excerpt":{"rendered":"<p>Fevral\u0131n 8-d\u0259 Az\u0259rbaycan Respublikas\u0131n\u0131n Prezidenti\u00a0\u0130lham \u018fliyev\u00a0T\u00fcrk D\u00f6vl\u0259tl\u0259ri Parlament Assambleyas\u0131n\u0131n (T\u00dcRKPA) Ba\u015f katibi Mehmet S\u00fcreyya Eri v\u0259 T\u00dcRKPA beyn\u0259lxalq se\u00e7ki m\u00fc\u015fahid\u0259 missiyas\u0131n\u0131n r\u0259hb\u0259ri, T\u00fcrkiy\u0259 B\u00f6y\u00fck Mill\u0259t M\u0259clisinin \u00fczv\u00fc Osman Mesteni q\u0259bul edib. Bununla ba\u011fl\u0131\u00a0AZ\u018fRTAC\u00a0m\u0259lumat yay\u0131b.<\/p>\n","protected":false},"author":2,"featured_media":688572,"comment_status":"closed","ping_status":"closed","sticky":false,"template":"","format":"standard","meta":{"om_disable_all_campaigns":false,"_monsterinsights_skip_tracking":false,"_monsterinsights_sitenote_active":false,"_monsterinsights_sitenote_note":"","_monsterinsights_sitenote_category":0},"categories":[4],"tags":[],"aioseo_notices":[],"gutentor_comment":0,"rttpg_featured_image_url":{"full":["https:\/\/arantv.az\/wp-content\/uploads\/2024\/02\/17073848124082626239_1200x630.jpg",620,413,false],"landscape":["https:\/\/arantv.az\/wp-content\/uploads\/2024\/02\/17073848124082626239_1200x630.jpg",620,413,false],"portraits":["https:\/\/arantv.az\/wp-content\/uploads\/2024\/02\/17073848124082626239_1200x630.jpg",620,413,false],"thumbnail":["https:\/\/arantv.az\/wp-content\/uploads\/2024\/02\/17073848124082626239_1200x630-500x280.jpg",500,280,true],"medium":["https:\/\/arantv.az\/wp-content\/uploads\/2024\/02\/17073848124082626239_1200x630-548x365.jpg",548,365,true],"large":["https:\/\/arantv.az\/wp-content\/uploads\/2024\/02\/17073848124082626239_1200x630.jpg",620,413,false],"1536x1536":["https:\/\/arantv.az\/wp-content\/uploads\/2024\/02\/17073848124082626239_1200x630.jpg",620,413,false],"2048x2048":["https:\/\/arantv.az\/wp-content\/uploads\/2024\/02\/17073848124082626239_1200x630.jpg",620,413,false],"post-thumbnail":["https:\/\/arantv.az\/wp-content\/uploads\/2024\/02\/17073848124082626239_1200x630-240x172.jpg",240,172,true],"advps-thumb-one":["https:\/\/arantv.az\/wp-content\/uploads\/2024\/02\/17073848124082626239_1200x630.jpg",620,413,false]},"rttpg_author":{"display_name":"V\u00fcsal Rafiqo\u011flu","author_link":"https:\/\/arantv.az\/?author=2"},"rttpg_comment":0,"rttpg_category":"<a href=\"https:\/\/arantv.az\/?cat=4\" rel=\"category\">Siyas\u0259t<\/a>","rttpg_excerpt":"Fevral\u0131n 8-d\u0259 Az\u0259rbaycan Respublikas\u0131n\u0131n Prezidenti\u00a0\u0130lham \u018fliyev\u00a0T\u00fcrk D\u00f6vl\u0259tl\u0259ri Parlament Assambleyas\u0131n\u0131n (T\u00dcRKPA) Ba\u015f katibi Mehmet S\u00fcreyya Eri v\u0259 T\u00dcRKPA beyn\u0259lxalq se\u00e7ki m\u00fc\u015fahid\u0259 missiyas\u0131n\u0131n r\u0259hb\u0259ri, T\u00fcrkiy\u0259 B\u00f6y\u00fck Mill\u0259t M\u0259clisinin \u00fczv\u00fc Osman Mesteni q\u0259bul edib. Bununla ba\u011fl\u0131\u00a0AZ\u018fRTAC\u00a0m\u0259lumat yay\u0131b.","_links":{"self":[{"href":"https:\/\/arantv.az\/index.php?rest_route=\/wp\/v2\/posts\/688571"}],"collection":[{"href":"https:\/\/arantv.az\/index.php?rest_route=\/wp\/v2\/posts"}],"about":[{"href":"https:\/\/arantv.az\/index.php?rest_route=\/wp\/v2\/types\/post"}],"author":[{"embeddable":true,"href":"https:\/\/arantv.az\/index.php?rest_route=\/wp\/v2\/users\/2"}],"replies":[{"embeddable":true,"href":"https:\/\/arantv.az\/index.php?rest_route=%2Fwp%2Fv2%2Fcomments&post=688571"}],"version-history":[{"count":0,"href":"https:\/\/arantv.az\/index.php?rest_route=\/wp\/v2\/posts\/688571\/revisions"}],"wp:featuredmedia":[{"embeddable":true,"href":"https:\/\/arantv.az\/index.php?rest_route=\/wp\/v2\/media\/688572"}],"wp:attachment":[{"href":"https:\/\/arantv.az\/index.php?rest_route=%2Fwp%2Fv2%2Fmedia&parent=688571"}],"wp:term":[{"taxonomy":"category","embeddable":true,"href":"https:\/\/arantv.az\/index.php?rest_route=%2Fwp%2Fv2%2Fcategories&post=688571"},{"taxonomy":"post_tag","embeddable":true,"href":"https:\/\/arantv.az\/index.php?rest_route=%2Fwp%2Fv2%2Ftags&post=688571"}],"curies":[{"name":"wp","href":"https:\/\/api.w.org\/{rel}","templated":true}]}}