{"id":688574,"date":"2024-02-08T14:07:55","date_gmt":"2024-02-08T10:07:55","guid":{"rendered":"https:\/\/arantv.az\/?p=688574"},"modified":"2024-02-08T14:10:44","modified_gmt":"2024-02-08T10:10:44","slug":"az%c9%99rbaycan-prezidenti-turk-dovl%c9%99tl%c9%99ri-t%c9%99skilatinin-bas-katibini-q%c9%99bul-edib-yenil%c9%99nib","status":"publish","type":"post","link":"https:\/\/arantv.az\/?p=688574","title":{"rendered":"Az\u0259rbaycan Prezidenti T\u00fcrk D\u00f6vl\u0259tl\u0259ri T\u0259\u015fkilat\u0131n\u0131n ba\u015f katibini q\u0259bul edib &#8211; YEN\u0130L\u018fN\u0130B"},"content":{"rendered":"<p>Fevral\u0131n 8-d\u0259 Az\u0259rbaycan Respublikas\u0131n\u0131n Prezidenti\u00a0<strong>\u0130lham \u018fliyev<\/strong>\u00a0M\u00fcst\u0259qil D\u00f6vl\u0259tl\u0259r Birliyinin Ba\u015f katibi Sergey Lebedevi q\u0259bul edib.<\/p>\n<p>Bununla ba\u011fl\u0131\u00a0<a href=\"https:\/\/president.az\/az\/articles\/view\/63570\" target=\"_blank\" rel=\"noopener\"><strong>President.az<\/strong><\/a>\u00a0m\u0259lumat yay\u0131b.<\/p>\n<p>Sergey Lebedev Prezident \u0130lham \u018fliyev\u0259 se\u00e7kid\u0259 inaml\u0131 q\u0259l\u0259b\u0259 m\u00fcnasib\u0259til\u0259 t\u0259brikl\u0259rini \u00e7atd\u0131r\u0131b.<\/p>\n<p>D\u00f6vl\u0259timizin ba\u015f\u00e7\u0131s\u0131 Sergey Lebedev\u0259 v\u0259 MDB m\u00fc\u015fahid\u0259 missiyas\u0131n\u0131n b\u00fct\u00fcn \u00fczvl\u0259rin\u0259 bu se\u00e7kil\u0259rni m\u00fc\u015fahid\u0259 etdikl\u0259rin\u0259 g\u00f6r\u0259 t\u0259\u015f\u0259kk\u00fcr\u00fcn\u00fc bildirib, MDB m\u00fc\u015fahid\u0259 missiyas\u0131n\u0131n Az\u0259rbaycanda bu v\u0259 daha \u0259vv\u0259lki se\u00e7kil\u0259rd\u0259 d\u0259 m\u00fc\u015fahid\u0259l\u0259rd\u0259 f\u0259al \u015f\u0259kild\u0259 i\u015ftirak etdiyini vur\u011fulay\u0131b.<\/p>\n<p>Sergey Lebedev qeyd edib ki, Az\u0259rbaycanda se\u00e7ki prosesini m\u00fc\u015fahid\u0259 etm\u0259k onlar \u00fc\u00e7\u00fcn b\u00f6y\u00fck \u015f\u0259r\u0259f v\u0259 eyni zamanda m\u0259suliyy\u0259tdir. Vur\u011fulay\u0131b ki, bu, Az\u0259rbaycan xalq\u0131 \u00fc\u00e7\u00fcn tarixi bir g\u00fcn v\u0259 tarixi se\u00e7kil\u0259r idi. \u00d6lk\u0259mizin yeni inki\u015faf m\u0259rh\u0259l\u0259sin\u0259 q\u0259d\u0259m qoydu\u011funu, regionda uzunm\u00fcdd\u0259tli v\u0259 davaml\u0131 s\u00fclh \u00fc\u00e7\u00fcn yax\u015f\u0131 imkanlar\u0131n yarand\u0131\u011f\u0131n\u0131 dey\u0259n qonaq bu se\u00e7ki prosesind\u0259 sad\u0259 insanlarla, se\u00e7icil\u0259rl\u0259, m\u00fc\u015fahid\u0259\u00e7il\u0259rl\u0259 geni\u015f s\u00f6hb\u0259tl\u0259rinin oldu\u011funu, Az\u0259rbaycan xalq\u0131n\u0131n bu se\u00e7kil\u0259rd\u0259 x\u00fcsusi r\u0259\u011fb\u0259t hissi il\u0259 \u00f6z se\u00e7ki h\u00fcququndan istifad\u0259 etdikl\u0259rini bildirib.<\/p>\n<p>M\u00fcst\u0259qil D\u00f6vl\u0259tl\u0259r Birliyinin Ba\u015f katibi Az\u0259rbaycan xalq\u0131n\u0131n \u0259razi b\u00fct\u00f6vl\u00fcy\u00fcm\u00fcz v\u0259 suverenliyimiz b\u0259rpa olunandan sonra ilk d\u0259f\u0259 se\u00e7kinin ke\u00e7irilm\u0259si prosesind\u0259 i\u015ftirak etdiyini deyib, h\u0259m\u00e7inin i\u015f\u011faldan azad olunmu\u015f \u0259razil\u0259rd\u0259 apar\u0131lan b\u0259rpa v\u0259 quruculuq i\u015fl\u0259rini, ke\u00e7mi\u015f m\u0259cburi k\u00f6\u00e7k\u00fcnl\u0259rin \u00f6z evl\u0259rin\u0259 qay\u0131tmas\u0131n\u0131 v\u0259 h\u0259min \u0259razil\u0259rd\u0259 se\u00e7ki h\u00fcquqlar\u0131ndan istifad\u0259 etdikl\u0259rini vur\u011fulay\u0131b.<\/p>\n<p>Sergey Lebedev MDB m\u00fc\u015fahid\u0259 missiyas\u0131n\u0131n 170-\u0259 yax\u0131n m\u00fc\u015fahid\u0259\u00e7i il\u0259 se\u00e7ki prosesind\u0259 t\u0259msil olundu\u011funu deyib. Qonaq h\u0259r bir se\u00e7kinin \u00f6lk\u0259l\u0259rin qanunvericiliyin\u0259 uy\u011fun v\u0259 Se\u00e7ki M\u0259c\u0259ll\u0259si \u0259sas\u0131nda ke\u00e7irilm\u0259li oldu\u011funu qeyd edib v\u0259 bu se\u00e7kinin d\u0259 Az\u0259rbaycan Respublikas\u0131n\u0131n m\u00fcvafiq qanunlar\u0131na uy\u011fun qaydada a\u00e7\u0131q, demokratik \u015f\u0259kild\u0259 t\u0259\u015fkil olundu\u011funu bildirib.<\/p>\n<p>Ba\u015f katib bu g\u00fcn m\u0259tbuat konfrans\u0131 ke\u00e7ir\u0259c\u0259kl\u0259rini v\u0259 se\u00e7ki m\u00fc\u015fahid\u0259 missiyas\u0131n\u0131n f\u0259aliyy\u0259ti haqq\u0131nda hesabatlar\u0131n\u0131 geni\u015f ictimaiyy\u0259t\u0259 t\u0259qdim ed\u0259c\u0259kl\u0259rini deyib.<\/p>\n<p>D\u00f6vl\u0259timizin ba\u015f\u00e7\u0131s\u0131 se\u00e7kinin ilk d\u0259f\u0259 Az\u0259rbaycan Respublikas\u0131n\u0131n suverenliyi v\u0259 \u0259razi b\u00fct\u00f6vl\u00fcy\u00fc t\u0259min olunmu\u015f \u015f\u0259kild\u0259 \u00f6lk\u0259mizin b\u00fct\u00fcn \u0259razisind\u0259, o c\u00fcml\u0259d\u0259n Xank\u0259ndid\u0259, \u015eu\u015fada v\u0259 dig\u0259r rayonlarda ke\u00e7irildiyini qeyd ed\u0259r\u0259k bunun Az\u0259rbaycan xalq\u0131 \u00fc\u00e7\u00fcn x\u00fcsusi tarixi \u0259h\u0259miyy\u0259t da\u015f\u0131d\u0131\u011f\u0131n\u0131 vur\u011fulay\u0131b.<\/p>\n<p>Ke\u00e7mi\u015f m\u0259cburi k\u00f6\u00e7k\u00fcnl\u0259rin art\u0131q bir hiss\u0259sinin i\u015f\u011faldan azad olunmu\u015f \u0259razil\u0259r\u0259 qaytar\u0131ld\u0131\u011f\u0131n\u0131 v\u0259 bunun \u00fc\u00e7\u00fcn B\u00f6y\u00fck Qay\u0131d\u0131\u015f Proqram\u0131 \u0259sas\u0131nda m\u0259cburi k\u00f6\u00e7k\u00fcnl\u0259rin geri qay\u0131d\u0131\u015f\u0131na dair layih\u0259l\u0259rin icra edildiyini dey\u0259n Prezident \u0130lham \u018fliyev birinci m\u0259rh\u0259l\u0259nin 2026-c\u0131 ild\u0259 ba\u015fa \u00e7atd\u0131r\u0131laca\u011f\u0131n\u0131, bundan sonrak\u0131 m\u0259rh\u0259l\u0259l\u0259rd\u0259 d\u0259 m\u0259cburi k\u00f6\u00e7k\u00fcnl\u0259rin geri qay\u0131tmalar\u0131n\u0131n t\u0259min olunaca\u011f\u0131n\u0131 diqq\u0259t\u0259 \u00e7atd\u0131r\u0131b.<\/p>\n<p>S\u00f6hb\u0259t zaman\u0131 MDB-nin aidiyy\u0259ti strukturlar\u0131 il\u0259 Az\u0259rbaycan aras\u0131nda \u0259m\u0259kda\u015fl\u0131q m\u0259s\u0259l\u0259l\u0259rin\u0259 d\u0259 toxunulub, Az\u0259rbaycan\u0131n MDB \u00e7\u0259r\u00e7iv\u0259sind\u0259 \u0259laq\u0259l\u0259r\u0259 v\u0259 m\u00fczakir\u0259l\u0259r\u0259 t\u00f6hf\u0259 verdiyi, MDB \u00f6lk\u0259l\u0259ri aras\u0131nda siyasi, m\u0259d\u0259ni, iqtisadi v\u0259 dig\u0259r sah\u0259l\u0259rd\u0259 \u0259m\u0259kda\u015fl\u0131q layih\u0259l\u0259ri bar\u0259d\u0259 fikir m\u00fcbadil\u0259si apar\u0131l\u0131b.<\/p>\n<p><strong>11:02<\/strong><\/p>\n<p>Fevral\u0131n 8-d\u0259 Az\u0259rbaycan Respublikas\u0131n\u0131n Prezidenti\u00a0<strong>\u0130lham \u018fliyev<\/strong>\u00a0M\u00fcst\u0259qil D\u00f6vl\u0259tl\u0259r Birliyinin Ba\u015f katibi Sergey Lebedevi q\u0259bul edib.<\/p>\n<p>Bununla ba\u011fl\u0131\u00a0<a href=\"https:\/\/president.az\/az\/articles\/view\/63570\" target=\"_blank\" rel=\"noopener\"><strong>President.az<\/strong><\/a>\u00a0m\u0259lumat yay\u0131b.<\/p>\n","protected":false},"excerpt":{"rendered":"<p>Fevral\u0131n 8-d\u0259 Az\u0259rbaycan Respublikas\u0131n\u0131n Prezidenti\u00a0\u0130lham \u018fliyev\u00a0M\u00fcst\u0259qil D\u00f6vl\u0259tl\u0259r Birliyinin Ba\u015f katibi Sergey Lebedevi q\u0259bul edib. Bununla ba\u011fl\u0131\u00a0President.az\u00a0m\u0259lumat yay\u0131b. Sergey Lebedev Prezident \u0130lham \u018fliyev\u0259 se\u00e7kid\u0259 inaml\u0131 q\u0259l\u0259b\u0259 m\u00fcnasib\u0259til\u0259 t\u0259brikl\u0259rini \u00e7atd\u0131r\u0131b. D\u00f6vl\u0259timizin ba\u015f\u00e7\u0131s\u0131 Sergey Lebedev\u0259 v\u0259 MDB m\u00fc\u015fahid\u0259 missiyas\u0131n\u0131n b\u00fct\u00fcn \u00fczvl\u0259rin\u0259 bu se\u00e7kil\u0259rni m\u00fc\u015fahid\u0259 etdikl\u0259rin\u0259 g\u00f6r\u0259 t\u0259\u015f\u0259kk\u00fcr\u00fcn\u00fc bildirib, MDB m\u00fc\u015fahid\u0259 missiyas\u0131n\u0131n Az\u0259rbaycanda bu v\u0259 daha \u0259vv\u0259lki se\u00e7kil\u0259rd\u0259 d\u0259 m\u00fc\u015fahid\u0259l\u0259rd\u0259 f\u0259al \u015f\u0259kild\u0259 i\u015ftirak etdiyini vur\u011fulay\u0131b. Sergey Lebedev qeyd edib ki, Az\u0259rbaycanda se\u00e7ki prosesini m\u00fc\u015fahid\u0259 etm\u0259k onlar \u00fc\u00e7\u00fcn b\u00f6y\u00fck \u015f\u0259r\u0259f v\u0259 eyni zamanda m\u0259suliyy\u0259tdir. Vur\u011fulay\u0131b ki, bu, Az\u0259rbaycan xalq\u0131 \u00fc\u00e7\u00fcn tarixi bir g\u00fcn v\u0259 tarixi&hellip;<\/p>\n","protected":false},"author":2,"featured_media":688485,"comment_status":"closed","ping_status":"closed","sticky":false,"template":"","format":"standard","meta":{"om_disable_all_campaigns":false,"_monsterinsights_skip_tracking":false,"_monsterinsights_sitenote_active":false,"_monsterinsights_sitenote_note":"","_monsterinsights_sitenote_category":0},"categories":[4],"tags":[],"aioseo_notices":[],"gutentor_comment":0,"rttpg_featured_image_url":{"full":["https:\/\/arantv.az\/wp-content\/uploads\/2024\/02\/FotoJet-2-5.jpg",620,413,false],"landscape":["https:\/\/arantv.az\/wp-content\/uploads\/2024\/02\/FotoJet-2-5.jpg",620,413,false],"portraits":["https:\/\/arantv.az\/wp-content\/uploads\/2024\/02\/FotoJet-2-5.jpg",620,413,false],"thumbnail":["https:\/\/arantv.az\/wp-content\/uploads\/2024\/02\/FotoJet-2-5-500x280.jpg",500,280,true],"medium":["https:\/\/arantv.az\/wp-content\/uploads\/2024\/02\/FotoJet-2-5-548x365.jpg",548,365,true],"large":["https:\/\/arantv.az\/wp-content\/uploads\/2024\/02\/FotoJet-2-5.jpg",620,413,false],"1536x1536":["https:\/\/arantv.az\/wp-content\/uploads\/2024\/02\/FotoJet-2-5.jpg",620,413,false],"2048x2048":["https:\/\/arantv.az\/wp-content\/uploads\/2024\/02\/FotoJet-2-5.jpg",620,413,false],"post-thumbnail":["https:\/\/arantv.az\/wp-content\/uploads\/2024\/02\/FotoJet-2-5-240x172.jpg",240,172,true],"advps-thumb-one":["https:\/\/arantv.az\/wp-content\/uploads\/2024\/02\/FotoJet-2-5.jpg",620,413,false]},"rttpg_author":{"display_name":"V\u00fcsal Rafiqo\u011flu","author_link":"https:\/\/arantv.az\/?author=2"},"rttpg_comment":0,"rttpg_category":"<a href=\"https:\/\/arantv.az\/?cat=4\" rel=\"category\">Siyas\u0259t<\/a>","rttpg_excerpt":"Fevral\u0131n 8-d\u0259 Az\u0259rbaycan Respublikas\u0131n\u0131n Prezidenti\u00a0\u0130lham \u018fliyev\u00a0M\u00fcst\u0259qil D\u00f6vl\u0259tl\u0259r Birliyinin Ba\u015f katibi Sergey Lebedevi q\u0259bul edib. Bununla ba\u011fl\u0131\u00a0President.az\u00a0m\u0259lumat yay\u0131b. Sergey Lebedev Prezident \u0130lham \u018fliyev\u0259 se\u00e7kid\u0259 inaml\u0131 q\u0259l\u0259b\u0259 m\u00fcnasib\u0259til\u0259 t\u0259brikl\u0259rini \u00e7atd\u0131r\u0131b. D\u00f6vl\u0259timizin ba\u015f\u00e7\u0131s\u0131 Sergey Lebedev\u0259 v\u0259 MDB m\u00fc\u015fahid\u0259 missiyas\u0131n\u0131n b\u00fct\u00fcn \u00fczvl\u0259rin\u0259 bu se\u00e7kil\u0259rni m\u00fc\u015fahid\u0259 etdikl\u0259rin\u0259 g\u00f6r\u0259 t\u0259\u015f\u0259kk\u00fcr\u00fcn\u00fc bildirib, MDB m\u00fc\u015fahid\u0259 missiyas\u0131n\u0131n Az\u0259rbaycanda bu v\u0259 daha \u0259vv\u0259lki se\u00e7kil\u0259rd\u0259 d\u0259&hellip;","_links":{"self":[{"href":"https:\/\/arantv.az\/index.php?rest_route=\/wp\/v2\/posts\/688574"}],"collection":[{"href":"https:\/\/arantv.az\/index.php?rest_route=\/wp\/v2\/posts"}],"about":[{"href":"https:\/\/arantv.az\/index.php?rest_route=\/wp\/v2\/types\/post"}],"author":[{"embeddable":true,"href":"https:\/\/arantv.az\/index.php?rest_route=\/wp\/v2\/users\/2"}],"replies":[{"embeddable":true,"href":"https:\/\/arantv.az\/index.php?rest_route=%2Fwp%2Fv2%2Fcomments&post=688574"}],"version-history":[{"count":0,"href":"https:\/\/arantv.az\/index.php?rest_route=\/wp\/v2\/posts\/688574\/revisions"}],"wp:featuredmedia":[{"embeddable":true,"href":"https:\/\/arantv.az\/index.php?rest_route=\/wp\/v2\/media\/688485"}],"wp:attachment":[{"href":"https:\/\/arantv.az\/index.php?rest_route=%2Fwp%2Fv2%2Fmedia&parent=688574"}],"wp:term":[{"taxonomy":"category","embeddable":true,"href":"https:\/\/arantv.az\/index.php?rest_route=%2Fwp%2Fv2%2Fcategories&post=688574"},{"taxonomy":"post_tag","embeddable":true,"href":"https:\/\/arantv.az\/index.php?rest_route=%2Fwp%2Fv2%2Ftags&post=688574"}],"curies":[{"name":"wp","href":"https:\/\/api.w.org\/{rel}","templated":true}]}}