{"id":688577,"date":"2024-02-08T14:09:16","date_gmt":"2024-02-08T10:09:16","guid":{"rendered":"https:\/\/arantv.az\/?p=688577"},"modified":"2024-02-08T14:09:16","modified_gmt":"2024-02-08T10:09:16","slug":"icma-frank-svabenin-son-vaxtlar-az%c9%99rbaycana-qarsi-f%c9%99aliyy%c9%99tini-t%c9%99lx%c9%99klik-kimi-xarakteriz%c9%99-etm%c9%99k-olar","status":"publish","type":"post","link":"https:\/\/arantv.az\/?p=688577","title":{"rendered":"\u0130cma: \u201cFrank \u015evabenin son vaxtlar Az\u0259rbaycana qar\u015f\u0131 f\u0259aliyy\u0259tini t\u0259lx\u0259klik kimi xarakteriz\u0259 etm\u0259k olar\u201d"},"content":{"rendered":"<p>\u201cAlmaniya Bundestaq\u0131n\u0131n \u00fczv\u00fc Frank \u015evabenin son vaxtlar Az\u0259rbaycana qar\u015f\u0131 f\u0259aliyy\u0259tini t\u0259lx\u0259klik kimi xarakteriz\u0259 etm\u0259k olar\u201d.<\/p>\n<p>Bu fikir Q\u0259rbi Az\u0259rbaycan \u0130cmas\u0131n\u0131n yayd\u0131\u011f\u0131 b\u0259yanatda qeyd olunub.<\/p>\n<p>\u201cF.\u015evabe kimi u\u011fursuzun q\u0259z\u0259bi bir daha onu g\u00f6st\u0259rir ki, Az\u0259rbaycan t\u0259kc\u0259 i\u015f\u011fal\u00e7\u0131 Erm\u0259nistan\u0131 deyil, onun arxas\u0131nda duran b\u00fct\u00fcn q\u00fcvv\u0259l\u0259ri m\u0259\u011flub edib v\u0259 h\u0259min dair\u0259l\u0259r indi Az\u0259rbaycandan m\u0259hz buna g\u00f6r\u0259 qisas almaq ist\u0259yirl\u0259r. Lakin tarix g\u00f6st\u0259rir ki, F.\u015evabe kimi \u0259liq\u0259l\u0259mli s\u0259lib\u00e7il\u0259r Az\u0259rbaycan\u0131n irad\u0259sin\u0259 z\u0259rr\u0259 q\u0259d\u0259r t\u0259sir g\u00f6st\u0259r\u0259 bilm\u0259zl\u0259r\u201d, &#8211; dey\u0259 b\u0259yanatda vur\u011fulan\u0131b.<\/p>\n","protected":false},"excerpt":{"rendered":"<p>\u201cAlmaniya Bundestaq\u0131n\u0131n \u00fczv\u00fc Frank \u015evabenin son vaxtlar Az\u0259rbaycana qar\u015f\u0131 f\u0259aliyy\u0259tini t\u0259lx\u0259klik kimi xarakteriz\u0259 etm\u0259k olar\u201d. Bu fikir Q\u0259rbi Az\u0259rbaycan \u0130cmas\u0131n\u0131n yayd\u0131\u011f\u0131 b\u0259yanatda qeyd olunub. \u201cF.\u015evabe kimi u\u011fursuzun q\u0259z\u0259bi bir daha onu g\u00f6st\u0259rir ki, Az\u0259rbaycan t\u0259kc\u0259 i\u015f\u011fal\u00e7\u0131 Erm\u0259nistan\u0131 deyil, onun arxas\u0131nda duran b\u00fct\u00fcn q\u00fcvv\u0259l\u0259ri m\u0259\u011flub edib v\u0259 h\u0259min dair\u0259l\u0259r indi Az\u0259rbaycandan m\u0259hz buna g\u00f6r\u0259 qisas almaq ist\u0259yirl\u0259r. Lakin tarix g\u00f6st\u0259rir ki, F.\u015evabe kimi \u0259liq\u0259l\u0259mli s\u0259lib\u00e7il\u0259r Az\u0259rbaycan\u0131n irad\u0259sin\u0259 z\u0259rr\u0259 q\u0259d\u0259r t\u0259sir g\u00f6st\u0259r\u0259 bilm\u0259zl\u0259r\u201d, &#8211; dey\u0259 b\u0259yanatda vur\u011fulan\u0131b.<\/p>\n","protected":false},"author":2,"featured_media":688578,"comment_status":"closed","ping_status":"closed","sticky":false,"template":"","format":"standard","meta":{"om_disable_all_campaigns":false,"_monsterinsights_skip_tracking":false,"_monsterinsights_sitenote_active":false,"_monsterinsights_sitenote_note":"","_monsterinsights_sitenote_category":0},"categories":[4],"tags":[],"aioseo_notices":[],"gutentor_comment":0,"rttpg_featured_image_url":{"full":["https:\/\/arantv.az\/wp-content\/uploads\/2024\/02\/icma.jpg",923,630,false],"landscape":["https:\/\/arantv.az\/wp-content\/uploads\/2024\/02\/icma.jpg",923,630,false],"portraits":["https:\/\/arantv.az\/wp-content\/uploads\/2024\/02\/icma.jpg",923,630,false],"thumbnail":["https:\/\/arantv.az\/wp-content\/uploads\/2024\/02\/icma-500x280.jpg",500,280,true],"medium":["https:\/\/arantv.az\/wp-content\/uploads\/2024\/02\/icma-535x365.jpg",535,365,true],"large":["https:\/\/arantv.az\/wp-content\/uploads\/2024\/02\/icma-840x573.jpg",640,437,true],"1536x1536":["https:\/\/arantv.az\/wp-content\/uploads\/2024\/02\/icma.jpg",923,630,false],"2048x2048":["https:\/\/arantv.az\/wp-content\/uploads\/2024\/02\/icma.jpg",923,630,false],"post-thumbnail":["https:\/\/arantv.az\/wp-content\/uploads\/2024\/02\/icma-240x172.jpg",240,172,true],"advps-thumb-one":["https:\/\/arantv.az\/wp-content\/uploads\/2024\/02\/icma-923x620.jpg",923,620,true]},"rttpg_author":{"display_name":"V\u00fcsal Rafiqo\u011flu","author_link":"https:\/\/arantv.az\/?author=2"},"rttpg_comment":0,"rttpg_category":"<a href=\"https:\/\/arantv.az\/?cat=4\" rel=\"category\">Siyas\u0259t<\/a>","rttpg_excerpt":"\u201cAlmaniya Bundestaq\u0131n\u0131n \u00fczv\u00fc Frank \u015evabenin son vaxtlar Az\u0259rbaycana qar\u015f\u0131 f\u0259aliyy\u0259tini t\u0259lx\u0259klik kimi xarakteriz\u0259 etm\u0259k olar\u201d. Bu fikir Q\u0259rbi Az\u0259rbaycan \u0130cmas\u0131n\u0131n yayd\u0131\u011f\u0131 b\u0259yanatda qeyd olunub. \u201cF.\u015evabe kimi u\u011fursuzun q\u0259z\u0259bi bir daha onu g\u00f6st\u0259rir ki, Az\u0259rbaycan t\u0259kc\u0259 i\u015f\u011fal\u00e7\u0131 Erm\u0259nistan\u0131 deyil, onun arxas\u0131nda duran b\u00fct\u00fcn q\u00fcvv\u0259l\u0259ri m\u0259\u011flub edib v\u0259 h\u0259min dair\u0259l\u0259r indi Az\u0259rbaycandan m\u0259hz buna g\u00f6r\u0259 qisas almaq&hellip;","_links":{"self":[{"href":"https:\/\/arantv.az\/index.php?rest_route=\/wp\/v2\/posts\/688577"}],"collection":[{"href":"https:\/\/arantv.az\/index.php?rest_route=\/wp\/v2\/posts"}],"about":[{"href":"https:\/\/arantv.az\/index.php?rest_route=\/wp\/v2\/types\/post"}],"author":[{"embeddable":true,"href":"https:\/\/arantv.az\/index.php?rest_route=\/wp\/v2\/users\/2"}],"replies":[{"embeddable":true,"href":"https:\/\/arantv.az\/index.php?rest_route=%2Fwp%2Fv2%2Fcomments&post=688577"}],"version-history":[{"count":0,"href":"https:\/\/arantv.az\/index.php?rest_route=\/wp\/v2\/posts\/688577\/revisions"}],"wp:featuredmedia":[{"embeddable":true,"href":"https:\/\/arantv.az\/index.php?rest_route=\/wp\/v2\/media\/688578"}],"wp:attachment":[{"href":"https:\/\/arantv.az\/index.php?rest_route=%2Fwp%2Fv2%2Fmedia&parent=688577"}],"wp:term":[{"taxonomy":"category","embeddable":true,"href":"https:\/\/arantv.az\/index.php?rest_route=%2Fwp%2Fv2%2Fcategories&post=688577"},{"taxonomy":"post_tag","embeddable":true,"href":"https:\/\/arantv.az\/index.php?rest_route=%2Fwp%2Fv2%2Ftags&post=688577"}],"curies":[{"name":"wp","href":"https:\/\/api.w.org\/{rel}","templated":true}]}}