{"id":688599,"date":"2024-02-08T14:17:56","date_gmt":"2024-02-08T10:17:56","guid":{"rendered":"https:\/\/arantv.az\/?p=688599"},"modified":"2024-02-08T14:17:56","modified_gmt":"2024-02-08T10:17:56","slug":"seckil%c9%99rin-xank%c9%99ndi-v%c9%99-susada-kecirilm%c9%99si-ilham-%c9%99liyev","status":"publish","type":"post","link":"https:\/\/arantv.az\/?p=688599","title":{"rendered":"&#8220;Se\u00e7kil\u0259rin Xank\u0259ndi v\u0259 \u015eu\u015fada ke\u00e7irilm\u0259si&#8230;&#8221; &#8211; \u0130lham \u018fliyev"},"content":{"rendered":"<p><strong>Prezident \u0130lham \u018fliyev fevral\u0131n 7-d\u0259 prezident se\u00e7kil\u0259rinin Xank\u0259ndi v\u0259 \u015eu\u015fada da ke\u00e7irilm\u0259sinin Az\u0259rbaycan xalq\u0131 \u00fc\u00e7\u00fcn tarixi \u0259h\u0259miyy\u0259t da\u015f\u0131d\u0131\u011f\u0131n\u0131 deyib.<\/strong><\/p>\n<p>M\u00fcst\u0259qil D\u00f6vl\u0259tl\u0259r Birliyinin Ba\u015f katibi Sergey Lebedevi q\u0259bul ed\u0259n d\u00f6vl\u0259t ba\u015f\u00e7\u0131s\u0131 se\u00e7kil\u0259rin ilk d\u0259f\u0259 Az\u0259rbaycan Respublikas\u0131n\u0131n suverenliyi v\u0259 \u0259razi b\u00fct\u00f6vl\u00fcy\u00fc t\u0259min olunmu\u015f \u015f\u0259kild\u0259 \u00f6lk\u0259mizin b\u00fct\u00fcn \u0259razisind\u0259 ke\u00e7irildiyini qeyd edib.<\/p>\n<p>Ke\u00e7mi\u015f m\u0259cburi k\u00f6\u00e7k\u00fcnl\u0259rin art\u0131q bir hiss\u0259sinin i\u015f\u011faldan azad olunmu\u015f \u0259razil\u0259r\u0259 qaytar\u0131ld\u0131\u011f\u0131n\u0131 v\u0259 bunun \u00fc\u00e7\u00fcn B\u00f6y\u00fck Qay\u0131d\u0131\u015f Proqram\u0131 \u0259sas\u0131nda m\u0259cburi k\u00f6\u00e7k\u00fcnl\u0259rin geri qay\u0131d\u0131\u015f\u0131na dair layih\u0259l\u0259rin icra edildiyini dey\u0259n Prezident \u0130lham \u018fliyev birinci m\u0259rh\u0259l\u0259nin 2026-c\u0131 ild\u0259 ba\u015fa \u00e7atd\u0131r\u0131laca\u011f\u0131n\u0131, bundan sonrak\u0131 m\u0259rh\u0259l\u0259l\u0259rd\u0259 d\u0259 m\u0259cburi k\u00f6\u00e7k\u00fcnl\u0259rin geri qay\u0131tmalar\u0131n\u0131n t\u0259min olunaca\u011f\u0131n\u0131 diqq\u0259t\u0259 \u00e7atd\u0131r\u0131b.<\/p>\n","protected":false},"excerpt":{"rendered":"<p>Prezident \u0130lham \u018fliyev fevral\u0131n 7-d\u0259 prezident se\u00e7kil\u0259rinin Xank\u0259ndi v\u0259 \u015eu\u015fada da ke\u00e7irilm\u0259sinin Az\u0259rbaycan xalq\u0131 \u00fc\u00e7\u00fcn tarixi \u0259h\u0259miyy\u0259t da\u015f\u0131d\u0131\u011f\u0131n\u0131 deyib. M\u00fcst\u0259qil D\u00f6vl\u0259tl\u0259r Birliyinin Ba\u015f katibi Sergey Lebedevi q\u0259bul ed\u0259n d\u00f6vl\u0259t ba\u015f\u00e7\u0131s\u0131 se\u00e7kil\u0259rin ilk d\u0259f\u0259 Az\u0259rbaycan Respublikas\u0131n\u0131n suverenliyi v\u0259 \u0259razi b\u00fct\u00f6vl\u00fcy\u00fc t\u0259min olunmu\u015f \u015f\u0259kild\u0259 \u00f6lk\u0259mizin b\u00fct\u00fcn \u0259razisind\u0259 ke\u00e7irildiyini qeyd edib. Ke\u00e7mi\u015f m\u0259cburi k\u00f6\u00e7k\u00fcnl\u0259rin art\u0131q bir hiss\u0259sinin i\u015f\u011faldan azad olunmu\u015f \u0259razil\u0259r\u0259 qaytar\u0131ld\u0131\u011f\u0131n\u0131 v\u0259 bunun \u00fc\u00e7\u00fcn B\u00f6y\u00fck Qay\u0131d\u0131\u015f Proqram\u0131 \u0259sas\u0131nda m\u0259cburi k\u00f6\u00e7k\u00fcnl\u0259rin geri qay\u0131d\u0131\u015f\u0131na dair layih\u0259l\u0259rin icra edildiyini dey\u0259n Prezident \u0130lham \u018fliyev birinci m\u0259rh\u0259l\u0259nin 2026-c\u0131 ild\u0259 ba\u015fa \u00e7atd\u0131r\u0131laca\u011f\u0131n\u0131, bundan sonrak\u0131 m\u0259rh\u0259l\u0259l\u0259rd\u0259 d\u0259 m\u0259cburi k\u00f6\u00e7k\u00fcnl\u0259rin&hellip;<\/p>\n","protected":false},"author":2,"featured_media":688600,"comment_status":"closed","ping_status":"closed","sticky":false,"template":"","format":"standard","meta":{"om_disable_all_campaigns":false,"_monsterinsights_skip_tracking":false,"_monsterinsights_sitenote_active":false,"_monsterinsights_sitenote_note":"","_monsterinsights_sitenote_category":0},"categories":[4],"tags":[],"aioseo_notices":[],"gutentor_comment":0,"rttpg_featured_image_url":{"full":["https:\/\/arantv.az\/wp-content\/uploads\/2024\/02\/7dc92e8b5f43e79002e11e3d65fa1862.jpg",850,500,false],"landscape":["https:\/\/arantv.az\/wp-content\/uploads\/2024\/02\/7dc92e8b5f43e79002e11e3d65fa1862.jpg",850,500,false],"portraits":["https:\/\/arantv.az\/wp-content\/uploads\/2024\/02\/7dc92e8b5f43e79002e11e3d65fa1862.jpg",850,500,false],"thumbnail":["https:\/\/arantv.az\/wp-content\/uploads\/2024\/02\/7dc92e8b5f43e79002e11e3d65fa1862-500x280.jpg",500,280,true],"medium":["https:\/\/arantv.az\/wp-content\/uploads\/2024\/02\/7dc92e8b5f43e79002e11e3d65fa1862-621x365.jpg",621,365,true],"large":["https:\/\/arantv.az\/wp-content\/uploads\/2024\/02\/7dc92e8b5f43e79002e11e3d65fa1862-840x494.jpg",640,376,true],"1536x1536":["https:\/\/arantv.az\/wp-content\/uploads\/2024\/02\/7dc92e8b5f43e79002e11e3d65fa1862.jpg",850,500,false],"2048x2048":["https:\/\/arantv.az\/wp-content\/uploads\/2024\/02\/7dc92e8b5f43e79002e11e3d65fa1862.jpg",850,500,false],"post-thumbnail":["https:\/\/arantv.az\/wp-content\/uploads\/2024\/02\/7dc92e8b5f43e79002e11e3d65fa1862-240x172.jpg",240,172,true],"advps-thumb-one":["https:\/\/arantv.az\/wp-content\/uploads\/2024\/02\/7dc92e8b5f43e79002e11e3d65fa1862.jpg",850,500,false]},"rttpg_author":{"display_name":"V\u00fcsal Rafiqo\u011flu","author_link":"https:\/\/arantv.az\/?author=2"},"rttpg_comment":0,"rttpg_category":"<a href=\"https:\/\/arantv.az\/?cat=4\" rel=\"category\">Siyas\u0259t<\/a>","rttpg_excerpt":"Prezident \u0130lham \u018fliyev fevral\u0131n 7-d\u0259 prezident se\u00e7kil\u0259rinin Xank\u0259ndi v\u0259 \u015eu\u015fada da ke\u00e7irilm\u0259sinin Az\u0259rbaycan xalq\u0131 \u00fc\u00e7\u00fcn tarixi \u0259h\u0259miyy\u0259t da\u015f\u0131d\u0131\u011f\u0131n\u0131 deyib. M\u00fcst\u0259qil D\u00f6vl\u0259tl\u0259r Birliyinin Ba\u015f katibi Sergey Lebedevi q\u0259bul ed\u0259n d\u00f6vl\u0259t ba\u015f\u00e7\u0131s\u0131 se\u00e7kil\u0259rin ilk d\u0259f\u0259 Az\u0259rbaycan Respublikas\u0131n\u0131n suverenliyi v\u0259 \u0259razi b\u00fct\u00f6vl\u00fcy\u00fc t\u0259min olunmu\u015f \u015f\u0259kild\u0259 \u00f6lk\u0259mizin b\u00fct\u00fcn \u0259razisind\u0259 ke\u00e7irildiyini qeyd edib. Ke\u00e7mi\u015f m\u0259cburi k\u00f6\u00e7k\u00fcnl\u0259rin art\u0131q bir hiss\u0259sinin i\u015f\u011faldan&hellip;","_links":{"self":[{"href":"https:\/\/arantv.az\/index.php?rest_route=\/wp\/v2\/posts\/688599"}],"collection":[{"href":"https:\/\/arantv.az\/index.php?rest_route=\/wp\/v2\/posts"}],"about":[{"href":"https:\/\/arantv.az\/index.php?rest_route=\/wp\/v2\/types\/post"}],"author":[{"embeddable":true,"href":"https:\/\/arantv.az\/index.php?rest_route=\/wp\/v2\/users\/2"}],"replies":[{"embeddable":true,"href":"https:\/\/arantv.az\/index.php?rest_route=%2Fwp%2Fv2%2Fcomments&post=688599"}],"version-history":[{"count":0,"href":"https:\/\/arantv.az\/index.php?rest_route=\/wp\/v2\/posts\/688599\/revisions"}],"wp:featuredmedia":[{"embeddable":true,"href":"https:\/\/arantv.az\/index.php?rest_route=\/wp\/v2\/media\/688600"}],"wp:attachment":[{"href":"https:\/\/arantv.az\/index.php?rest_route=%2Fwp%2Fv2%2Fmedia&parent=688599"}],"wp:term":[{"taxonomy":"category","embeddable":true,"href":"https:\/\/arantv.az\/index.php?rest_route=%2Fwp%2Fv2%2Fcategories&post=688599"},{"taxonomy":"post_tag","embeddable":true,"href":"https:\/\/arantv.az\/index.php?rest_route=%2Fwp%2Fv2%2Ftags&post=688599"}],"curies":[{"name":"wp","href":"https:\/\/api.w.org\/{rel}","templated":true}]}}