{"id":688602,"date":"2024-02-08T14:20:08","date_gmt":"2024-02-08T10:20:08","guid":{"rendered":"https:\/\/arantv.az\/?p=688602"},"modified":"2024-02-08T14:20:08","modified_gmt":"2024-02-08T10:20:08","slug":"8-saat-canli-yayimda-olub","status":"publish","type":"post","link":"https:\/\/arantv.az\/?p=688602","title":{"rendered":"8 saat canl\u0131 yay\u0131mda olub"},"content":{"rendered":"<p>Apar\u0131c\u0131 Ceyhun \u018fli efir rekordunu yenil\u0259yib.<\/p>\n<p>OLAY yaz\u0131r ki, bu bar\u0259d\u0259 o, \u00f6z\u00fc payla\u015f\u0131m edib. Apar\u0131c\u0131 bildirib ki, se\u00e7ki g\u00fcn\u00fc 8 saatdan \u00e7ox efird\u0259 olub:<\/p>\n<p>&#8220;7 fevral saat 19:00-da canl\u0131 yay\u0131ma ba\u015flad\u0131q, 8 fevral saat 03:09-da yay\u0131m\u0131 bitirdik. \u0130TV\u00a0<a title=\"xeberler son xeberler 2024\" href=\"https:\/\/big.az\/\" target=\"_blank\" rel=\"noopener\">X\u0259b\u0259r<\/a>\u00a0komandas\u0131 olaraq tarixi bir g\u00fcn\u00fc birlikd\u0259 ya\u015fad\u0131q. Q\u00fcrur, f\u0259xar\u0259t v\u0259 i\u015fin\u0259 olan sevginin ya\u015fatd\u0131\u011f\u0131 hissl\u0259ri ifad\u0259 etm\u0259k asan deyil. \u00d6lk\u0259ml\u0259, Xalq\u0131mla, Ali Ba\u015f Komandan\u0131mla q\u00fcrur duyuram. Az\u0259rbaycan Respublikas\u0131na xidm\u0259t edir\u0259m! 8 saat 9 d\u0259qiq\u0259 canl\u0131 yay\u0131mda olmaqla efird\u0259 \u00f6z rekordumu yenil\u0259mi\u015f oldum. B\u00f6y\u00fck m\u0259suliyy\u0259t idi&#8221;.<br \/>\n<img class=\"imgbcode\" src=\"https:\/\/upload.az\/foto\/arxiv\/vovovovo.PNG\" alt=\"8 saat canl\u0131 yay\u0131mda olub\" \/><\/p>\n","protected":false},"excerpt":{"rendered":"<p>Apar\u0131c\u0131 Ceyhun \u018fli efir rekordunu yenil\u0259yib. OLAY yaz\u0131r ki, bu bar\u0259d\u0259 o, \u00f6z\u00fc payla\u015f\u0131m edib. Apar\u0131c\u0131 bildirib ki, se\u00e7ki g\u00fcn\u00fc 8 saatdan \u00e7ox efird\u0259 olub: &#8220;7 fevral saat 19:00-da canl\u0131 yay\u0131ma ba\u015flad\u0131q, 8 fevral saat 03:09-da yay\u0131m\u0131 bitirdik. \u0130TV\u00a0X\u0259b\u0259r\u00a0komandas\u0131 olaraq tarixi bir g\u00fcn\u00fc birlikd\u0259 ya\u015fad\u0131q. Q\u00fcrur, f\u0259xar\u0259t v\u0259 i\u015fin\u0259 olan sevginin ya\u015fatd\u0131\u011f\u0131 hissl\u0259ri ifad\u0259 etm\u0259k asan deyil. \u00d6lk\u0259ml\u0259, Xalq\u0131mla, Ali Ba\u015f Komandan\u0131mla q\u00fcrur duyuram. Az\u0259rbaycan Respublikas\u0131na xidm\u0259t edir\u0259m! 8 saat 9 d\u0259qiq\u0259 canl\u0131 yay\u0131mda olmaqla efird\u0259 \u00f6z rekordumu yenil\u0259mi\u015f oldum. B\u00f6y\u00fck m\u0259suliyy\u0259t idi&#8221;.<\/p>\n","protected":false},"author":2,"featured_media":688603,"comment_status":"closed","ping_status":"closed","sticky":false,"template":"","format":"standard","meta":{"om_disable_all_campaigns":false,"_monsterinsights_skip_tracking":false,"_monsterinsights_sitenote_active":false,"_monsterinsights_sitenote_note":"","_monsterinsights_sitenote_category":0},"categories":[1],"tags":[],"aioseo_notices":[],"gutentor_comment":0,"rttpg_featured_image_url":{"full":["https:\/\/arantv.az\/wp-content\/uploads\/2024\/02\/voila.png",631,362,false],"landscape":["https:\/\/arantv.az\/wp-content\/uploads\/2024\/02\/voila.png",631,362,false],"portraits":["https:\/\/arantv.az\/wp-content\/uploads\/2024\/02\/voila.png",631,362,false],"thumbnail":["https:\/\/arantv.az\/wp-content\/uploads\/2024\/02\/voila-500x280.png",500,280,true],"medium":["https:\/\/arantv.az\/wp-content\/uploads\/2024\/02\/voila.png",631,362,false],"large":["https:\/\/arantv.az\/wp-content\/uploads\/2024\/02\/voila.png",631,362,false],"1536x1536":["https:\/\/arantv.az\/wp-content\/uploads\/2024\/02\/voila.png",631,362,false],"2048x2048":["https:\/\/arantv.az\/wp-content\/uploads\/2024\/02\/voila.png",631,362,false],"post-thumbnail":["https:\/\/arantv.az\/wp-content\/uploads\/2024\/02\/voila-240x172.png",240,172,true],"advps-thumb-one":["https:\/\/arantv.az\/wp-content\/uploads\/2024\/02\/voila.png",631,362,false]},"rttpg_author":{"display_name":"V\u00fcsal Rafiqo\u011flu","author_link":"https:\/\/arantv.az\/?author=2"},"rttpg_comment":0,"rttpg_category":"<a href=\"https:\/\/arantv.az\/?cat=1\" rel=\"category\">C\u0259miyy\u0259t<\/a>","rttpg_excerpt":"Apar\u0131c\u0131 Ceyhun \u018fli efir rekordunu yenil\u0259yib. OLAY yaz\u0131r ki, bu bar\u0259d\u0259 o, \u00f6z\u00fc payla\u015f\u0131m edib. Apar\u0131c\u0131 bildirib ki, se\u00e7ki g\u00fcn\u00fc 8 saatdan \u00e7ox efird\u0259 olub: &#8220;7 fevral saat 19:00-da canl\u0131 yay\u0131ma ba\u015flad\u0131q, 8 fevral saat 03:09-da yay\u0131m\u0131 bitirdik. \u0130TV\u00a0X\u0259b\u0259r\u00a0komandas\u0131 olaraq tarixi bir g\u00fcn\u00fc birlikd\u0259 ya\u015fad\u0131q. Q\u00fcrur, f\u0259xar\u0259t v\u0259 i\u015fin\u0259 olan sevginin ya\u015fatd\u0131\u011f\u0131 hissl\u0259ri ifad\u0259 etm\u0259k&hellip;","_links":{"self":[{"href":"https:\/\/arantv.az\/index.php?rest_route=\/wp\/v2\/posts\/688602"}],"collection":[{"href":"https:\/\/arantv.az\/index.php?rest_route=\/wp\/v2\/posts"}],"about":[{"href":"https:\/\/arantv.az\/index.php?rest_route=\/wp\/v2\/types\/post"}],"author":[{"embeddable":true,"href":"https:\/\/arantv.az\/index.php?rest_route=\/wp\/v2\/users\/2"}],"replies":[{"embeddable":true,"href":"https:\/\/arantv.az\/index.php?rest_route=%2Fwp%2Fv2%2Fcomments&post=688602"}],"version-history":[{"count":0,"href":"https:\/\/arantv.az\/index.php?rest_route=\/wp\/v2\/posts\/688602\/revisions"}],"wp:featuredmedia":[{"embeddable":true,"href":"https:\/\/arantv.az\/index.php?rest_route=\/wp\/v2\/media\/688603"}],"wp:attachment":[{"href":"https:\/\/arantv.az\/index.php?rest_route=%2Fwp%2Fv2%2Fmedia&parent=688602"}],"wp:term":[{"taxonomy":"category","embeddable":true,"href":"https:\/\/arantv.az\/index.php?rest_route=%2Fwp%2Fv2%2Fcategories&post=688602"},{"taxonomy":"post_tag","embeddable":true,"href":"https:\/\/arantv.az\/index.php?rest_route=%2Fwp%2Fv2%2Ftags&post=688602"}],"curies":[{"name":"wp","href":"https:\/\/api.w.org\/{rel}","templated":true}]}}