{"id":688611,"date":"2024-02-08T14:22:50","date_gmt":"2024-02-08T10:22:50","guid":{"rendered":"https:\/\/arantv.az\/?p=688611"},"modified":"2024-02-08T14:22:50","modified_gmt":"2024-02-08T10:22:50","slug":"rusiya-erm%c9%99nistani-ktmt-y%c9%99-ictimai-hucumlari-dayandirmaga-cagirib","status":"publish","type":"post","link":"https:\/\/arantv.az\/?p=688611","title":{"rendered":"Rusiya Erm\u0259nistan\u0131 KTMT-y\u0259 ictimai h\u00fccumlar\u0131 dayand\u0131rma\u011fa \u00e7a\u011f\u0131r\u0131b"},"content":{"rendered":"<p>\u201cRusiya Erm\u0259nistan\u0131 Kollektiv T\u0259hl\u00fck\u0259sizlik M\u00fcqavil\u0259si T\u0259\u015fkilat\u0131na (KTMT) ictimai h\u00fccumlar\u0131 dayand\u0131rma\u011fa \u00e7a\u011f\u0131r\u0131r\u201d.<\/p>\n<p>Bu a\u00e7\u0131qlama il\u0259 Rusiya Federasiyas\u0131 xarici i\u015fl\u0259r nazirinin m\u00fcavini Aleksandr Pankin \u00e7\u0131x\u0131\u015f edib.<\/p>\n<p>\u201cBiz ham\u0131m\u0131z KTMT-nin f\u0259aliyy\u0259tinin v\u0259 onun h\u0259rbi-siyasi birlik kimi effektivliyinin daha da t\u0259kmill\u0259\u015fdirilm\u0259sind\u0259 maraql\u0131y\u0131q. T\u0259\u0259ss\u00fcf ki, bizim erm\u0259ni m\u00fctt\u0259fiql\u0259rimiz h\u0259l\u0259lik h\u0259qiq\u0259t\u0259n d\u0259 t\u0259\u015fkilatdan m\u0259saf\u0259 saxlay\u0131rlar\u201d, &#8211; dey\u0259 Rusiya X\u0130N r\u0259smisi bildirib.<\/p>\n<p>O, \u0130r\u0259vandak\u0131 h\u0259mkarlar\u0131n\u0131 ictimai emosional h\u00fccumlar v\u0259 t\u0259\u015fkilat\u0131 t\u0259nqid etm\u0259k \u0259v\u0259zin\u0259, siyasi v\u0259 ekspertl\u0259r s\u0259viyy\u0259sind\u0259 aktual probleml\u0259ri m\u00fczakir\u0259 etm\u0259y\u0259 \u00e7a\u011f\u0131r\u0131b.<\/p>\n<p>M\u0259nb\u0259: RIA Novosti<\/p>\n","protected":false},"excerpt":{"rendered":"<p>\u201cRusiya Erm\u0259nistan\u0131 Kollektiv T\u0259hl\u00fck\u0259sizlik M\u00fcqavil\u0259si T\u0259\u015fkilat\u0131na (KTMT) ictimai h\u00fccumlar\u0131 dayand\u0131rma\u011fa \u00e7a\u011f\u0131r\u0131r\u201d. Bu a\u00e7\u0131qlama il\u0259 Rusiya Federasiyas\u0131 xarici i\u015fl\u0259r nazirinin m\u00fcavini Aleksandr Pankin \u00e7\u0131x\u0131\u015f edib. \u201cBiz ham\u0131m\u0131z KTMT-nin f\u0259aliyy\u0259tinin v\u0259 onun h\u0259rbi-siyasi birlik kimi effektivliyinin daha da t\u0259kmill\u0259\u015fdirilm\u0259sind\u0259 maraql\u0131y\u0131q. T\u0259\u0259ss\u00fcf ki, bizim erm\u0259ni m\u00fctt\u0259fiql\u0259rimiz h\u0259l\u0259lik h\u0259qiq\u0259t\u0259n d\u0259 t\u0259\u015fkilatdan m\u0259saf\u0259 saxlay\u0131rlar\u201d, &#8211; dey\u0259 Rusiya X\u0130N r\u0259smisi bildirib. O, \u0130r\u0259vandak\u0131 h\u0259mkarlar\u0131n\u0131 ictimai emosional h\u00fccumlar v\u0259 t\u0259\u015fkilat\u0131 t\u0259nqid etm\u0259k \u0259v\u0259zin\u0259, siyasi v\u0259 ekspertl\u0259r s\u0259viyy\u0259sind\u0259 aktual probleml\u0259ri m\u00fczakir\u0259 etm\u0259y\u0259 \u00e7a\u011f\u0131r\u0131b. M\u0259nb\u0259: RIA Novosti<\/p>\n","protected":false},"author":2,"featured_media":688612,"comment_status":"closed","ping_status":"closed","sticky":false,"template":"","format":"standard","meta":{"om_disable_all_campaigns":false,"_monsterinsights_skip_tracking":false,"_monsterinsights_sitenote_active":false,"_monsterinsights_sitenote_note":"","_monsterinsights_sitenote_category":0},"categories":[7],"tags":[],"aioseo_notices":[],"gutentor_comment":0,"rttpg_featured_image_url":{"full":["https:\/\/arantv.az\/wp-content\/uploads\/2024\/02\/FotoJet-40.jpg",620,413,false],"landscape":["https:\/\/arantv.az\/wp-content\/uploads\/2024\/02\/FotoJet-40.jpg",620,413,false],"portraits":["https:\/\/arantv.az\/wp-content\/uploads\/2024\/02\/FotoJet-40.jpg",620,413,false],"thumbnail":["https:\/\/arantv.az\/wp-content\/uploads\/2024\/02\/FotoJet-40-500x280.jpg",500,280,true],"medium":["https:\/\/arantv.az\/wp-content\/uploads\/2024\/02\/FotoJet-40-548x365.jpg",548,365,true],"large":["https:\/\/arantv.az\/wp-content\/uploads\/2024\/02\/FotoJet-40.jpg",620,413,false],"1536x1536":["https:\/\/arantv.az\/wp-content\/uploads\/2024\/02\/FotoJet-40.jpg",620,413,false],"2048x2048":["https:\/\/arantv.az\/wp-content\/uploads\/2024\/02\/FotoJet-40.jpg",620,413,false],"post-thumbnail":["https:\/\/arantv.az\/wp-content\/uploads\/2024\/02\/FotoJet-40-240x172.jpg",240,172,true],"advps-thumb-one":["https:\/\/arantv.az\/wp-content\/uploads\/2024\/02\/FotoJet-40.jpg",620,413,false]},"rttpg_author":{"display_name":"V\u00fcsal Rafiqo\u011flu","author_link":"https:\/\/arantv.az\/?author=2"},"rttpg_comment":0,"rttpg_category":"<a href=\"https:\/\/arantv.az\/?cat=7\" rel=\"category\">D\u00fcnya<\/a>","rttpg_excerpt":"\u201cRusiya Erm\u0259nistan\u0131 Kollektiv T\u0259hl\u00fck\u0259sizlik M\u00fcqavil\u0259si T\u0259\u015fkilat\u0131na (KTMT) ictimai h\u00fccumlar\u0131 dayand\u0131rma\u011fa \u00e7a\u011f\u0131r\u0131r\u201d. Bu a\u00e7\u0131qlama il\u0259 Rusiya Federasiyas\u0131 xarici i\u015fl\u0259r nazirinin m\u00fcavini Aleksandr Pankin \u00e7\u0131x\u0131\u015f edib. \u201cBiz ham\u0131m\u0131z KTMT-nin f\u0259aliyy\u0259tinin v\u0259 onun h\u0259rbi-siyasi birlik kimi effektivliyinin daha da t\u0259kmill\u0259\u015fdirilm\u0259sind\u0259 maraql\u0131y\u0131q. T\u0259\u0259ss\u00fcf ki, bizim erm\u0259ni m\u00fctt\u0259fiql\u0259rimiz h\u0259l\u0259lik h\u0259qiq\u0259t\u0259n d\u0259 t\u0259\u015fkilatdan m\u0259saf\u0259 saxlay\u0131rlar\u201d, &#8211; dey\u0259 Rusiya X\u0130N r\u0259smisi bildirib.&hellip;","_links":{"self":[{"href":"https:\/\/arantv.az\/index.php?rest_route=\/wp\/v2\/posts\/688611"}],"collection":[{"href":"https:\/\/arantv.az\/index.php?rest_route=\/wp\/v2\/posts"}],"about":[{"href":"https:\/\/arantv.az\/index.php?rest_route=\/wp\/v2\/types\/post"}],"author":[{"embeddable":true,"href":"https:\/\/arantv.az\/index.php?rest_route=\/wp\/v2\/users\/2"}],"replies":[{"embeddable":true,"href":"https:\/\/arantv.az\/index.php?rest_route=%2Fwp%2Fv2%2Fcomments&post=688611"}],"version-history":[{"count":0,"href":"https:\/\/arantv.az\/index.php?rest_route=\/wp\/v2\/posts\/688611\/revisions"}],"wp:featuredmedia":[{"embeddable":true,"href":"https:\/\/arantv.az\/index.php?rest_route=\/wp\/v2\/media\/688612"}],"wp:attachment":[{"href":"https:\/\/arantv.az\/index.php?rest_route=%2Fwp%2Fv2%2Fmedia&parent=688611"}],"wp:term":[{"taxonomy":"category","embeddable":true,"href":"https:\/\/arantv.az\/index.php?rest_route=%2Fwp%2Fv2%2Fcategories&post=688611"},{"taxonomy":"post_tag","embeddable":true,"href":"https:\/\/arantv.az\/index.php?rest_route=%2Fwp%2Fv2%2Ftags&post=688611"}],"curies":[{"name":"wp","href":"https:\/\/api.w.org\/{rel}","templated":true}]}}