{"id":688614,"date":"2024-02-08T14:32:38","date_gmt":"2024-02-08T10:32:38","guid":{"rendered":"https:\/\/arantv.az\/?p=688614"},"modified":"2024-02-08T14:32:38","modified_gmt":"2024-02-08T10:32:38","slug":"ilham-%c9%99liyev-sanxay-%c9%99m%c9%99kdasliq-t%c9%99skilatinin-bas-katibini-q%c9%99bul-edib-yenil%c9%99nib","status":"publish","type":"post","link":"https:\/\/arantv.az\/?p=688614","title":{"rendered":"\u0130lham \u018fliyev \u015eanxay \u018fm\u0259kda\u015fl\u0131q T\u0259\u015fkilat\u0131n\u0131n ba\u015f katibini q\u0259bul edib &#8211; YEN\u0130L\u018fN\u0130B"},"content":{"rendered":"<p>Fevral\u0131n 8-d\u0259 Az\u0259rbaycan Respublikas\u0131n\u0131n Prezidenti<strong>\u00a0\u0130lham \u018fliyev<\/strong>\u00a0\u015eanxay \u018fm\u0259kda\u015fl\u0131q T\u0259\u015fkilat\u0131n\u0131n Ba\u015f katibi Can Mini q\u0259bul edib.<\/p>\n<p><a href=\"https:\/\/azertag.az\/xeber\/prezident_ilham_eliyev_sanxay_emekdasliq_teskilatinin_bas_katibini_qebul_edib__yenilenib-2914093\" target=\"_blank\" rel=\"noopener\">AZ\u018fRTAC<\/a>\u00a0x\u0259b\u0259r verir ki, Prezident \u0130lham \u018fliyev m\u00fc\u015fahid\u0259 missiyas\u0131nda i\u015ftirak\u0131na g\u00f6r\u0259 \u015eanxay \u018fm\u0259kda\u015fl\u0131q T\u0259\u015fkilat\u0131n\u0131n ba\u015f katibin\u0259, m\u00fc\u015fahid\u0259 qrupunun \u00fczvl\u0259rin\u0259 v\u0259 \u00fczv d\u00f6vl\u0259tl\u0259r\u0259 minn\u0259tdarl\u0131\u011f\u0131n\u0131 bildirib.<\/p>\n<p>Can Min Az\u0259rbaycan\u0131n \u015eanxay \u018fm\u0259kda\u015fl\u0131q T\u0259\u015fkilat\u0131n\u0131n f\u0259al t\u0259r\u0259fda\u015flar\u0131ndan biri oldu\u011funu v\u0259 Az\u0259rbaycan il\u0259 \u0259laq\u0259l\u0259rin h\u0259rt\u0259r\u0259fli inki\u015faf\u0131na \u0259h\u0259miyy\u0259t verdikl\u0259rini bildirib. \u00d6lk\u0259mizl\u0259 m\u00fcxt\u0259lif sah\u0259l\u0259rd\u0259 yax\u0131n t\u0259r\u0259fda\u015fl\u0131q \u0259laq\u0259l\u0259rinin oldu\u011funu dey\u0259n \u015eanxay \u018fm\u0259kda\u015fl\u0131q T\u0259\u015fkilat\u0131n\u0131n ba\u015f katibi Heyd\u0259r \u018fliyev Fondunun x\u0259tti il\u0259 qurulan m\u0259d\u0259ni-humanitar \u0259m\u0259kda\u015fl\u0131\u011f\u0131 x\u00fcsusil\u0259 qeyd edib.<\/p>\n<p>D\u00f6vl\u0259timizin ba\u015f\u00e7\u0131s\u0131 Az\u0259rbaycan il\u0259 \u015eanxay \u018fm\u0259kda\u015fl\u0131q T\u0259\u015fkilat\u0131 aras\u0131nda \u0259laq\u0259l\u0259rin h\u0259rt\u0259r\u0259fli inki\u015faf\u0131 \u00fc\u00e7\u00fcn b\u00f6y\u00fck imkanlar\u0131n oldu\u011funu bildirib, \u00f6lk\u0259mizin, eyni zamanda, \u015eanxay \u018fm\u0259kda\u015fl\u0131q T\u0259\u015fkilat\u0131na \u00fczv d\u00f6vl\u0259tl\u0259rl\u0259 d\u0259 ikit\u0259r\u0259fli qaydada \u00e7ox s\u0131x \u0259laq\u0259l\u0259rini vur\u011fulay\u0131b. Bu x\u00fcsusda d\u00f6vl\u0259timizin ba\u015f\u00e7\u0131s\u0131 prezident se\u00e7kisind\u0259 q\u0259l\u0259b\u0259 m\u00fcnasib\u0259til\u0259 ilk t\u0259brikl\u0259ri t\u0259\u015fkilata \u00fczv \u00f6lk\u0259l\u0259rd\u0259n ald\u0131\u011f\u0131n\u0131 qeyd edib. Prezident \u0130lham \u018fliyev \u015eanxay \u018fm\u0259kda\u015fl\u0131q T\u0259\u015fkilat\u0131na \u00fczv \u00f6lk\u0259l\u0259rin \u00d6zb\u0259kistan\u0131n S\u0259m\u0259rq\u0259nd \u015f\u0259h\u0259rind\u0259 ke\u00e7irilmi\u015f Zirv\u0259 toplant\u0131s\u0131nda i\u015ftirak\u0131n\u0131 m\u0259mnunluqla xat\u0131rlay\u0131b.<\/p>\n<p>Qonaq Az\u0259rbaycan\u0131n COP29-a ev sahibliyi m\u00fcnasib\u0259til\u0259 t\u0259brikl\u0259rini \u00e7atd\u0131r\u0131b, bunun Az\u0259rbaycan\u0131n insaniyy\u0259t\u0259 v\u0259 b\u0259\u015f\u0259ri inki\u015fafa verdiyi t\u00f6hf\u0259nin bariz n\u00fcmun\u0259si oldu\u011funu bildirib. Can Min COP29 \u00e7\u0259r\u00e7iv\u0259sind\u0259 d\u0259 Az\u0259rbaycan il\u0259 \u015eanxay \u018fm\u0259kda\u015fl\u0131q T\u0259\u015fkilat\u0131 aras\u0131nda \u0259m\u0259kda\u015fl\u0131q m\u0259s\u0259l\u0259l\u0259rini qeyd edib.<\/p>\n<p><strong>13:01<\/strong><\/p>\n<p>Fevral\u0131n 8-d\u0259 Az\u0259rbaycan Respublikas\u0131n\u0131n Prezidenti\u00a0<strong>\u0130lham \u018fliyev<\/strong>\u00a0\u015eanxay \u018fm\u0259kda\u015fl\u0131q T\u0259\u015fkilat\u0131n\u0131n Ba\u015f katibi Can Mini q\u0259bul edib.<\/p>\n<p>Bununla ba\u011fl\u0131\u00a0<a href=\"https:\/\/president.az\/az\/articles\/view\/63582\" target=\"_blank\" rel=\"noopener\"><strong>President.az<\/strong><\/a>\u00a0m\u0259lumat yay\u0131b.<\/p>\n","protected":false},"excerpt":{"rendered":"<p>Fevral\u0131n 8-d\u0259 Az\u0259rbaycan Respublikas\u0131n\u0131n Prezidenti\u00a0\u0130lham \u018fliyev\u00a0\u015eanxay \u018fm\u0259kda\u015fl\u0131q T\u0259\u015fkilat\u0131n\u0131n Ba\u015f katibi Can Mini q\u0259bul edib. AZ\u018fRTAC\u00a0x\u0259b\u0259r verir ki, Prezident \u0130lham \u018fliyev m\u00fc\u015fahid\u0259 missiyas\u0131nda i\u015ftirak\u0131na g\u00f6r\u0259 \u015eanxay \u018fm\u0259kda\u015fl\u0131q T\u0259\u015fkilat\u0131n\u0131n ba\u015f katibin\u0259, m\u00fc\u015fahid\u0259 qrupunun \u00fczvl\u0259rin\u0259 v\u0259 \u00fczv d\u00f6vl\u0259tl\u0259r\u0259 minn\u0259tdarl\u0131\u011f\u0131n\u0131 bildirib. Can Min Az\u0259rbaycan\u0131n \u015eanxay \u018fm\u0259kda\u015fl\u0131q T\u0259\u015fkilat\u0131n\u0131n f\u0259al t\u0259r\u0259fda\u015flar\u0131ndan biri oldu\u011funu v\u0259 Az\u0259rbaycan il\u0259 \u0259laq\u0259l\u0259rin h\u0259rt\u0259r\u0259fli inki\u015faf\u0131na \u0259h\u0259miyy\u0259t verdikl\u0259rini bildirib. \u00d6lk\u0259mizl\u0259 m\u00fcxt\u0259lif sah\u0259l\u0259rd\u0259 yax\u0131n t\u0259r\u0259fda\u015fl\u0131q \u0259laq\u0259l\u0259rinin oldu\u011funu dey\u0259n \u015eanxay \u018fm\u0259kda\u015fl\u0131q T\u0259\u015fkilat\u0131n\u0131n ba\u015f katibi Heyd\u0259r \u018fliyev Fondunun x\u0259tti il\u0259 qurulan m\u0259d\u0259ni-humanitar \u0259m\u0259kda\u015fl\u0131\u011f\u0131 x\u00fcsusil\u0259 qeyd edib. D\u00f6vl\u0259timizin ba\u015f\u00e7\u0131s\u0131 Az\u0259rbaycan il\u0259 \u015eanxay \u018fm\u0259kda\u015fl\u0131q T\u0259\u015fkilat\u0131 aras\u0131nda \u0259laq\u0259l\u0259rin h\u0259rt\u0259r\u0259fli&hellip;<\/p>\n","protected":false},"author":2,"featured_media":688590,"comment_status":"closed","ping_status":"closed","sticky":false,"template":"","format":"standard","meta":{"om_disable_all_campaigns":false,"_monsterinsights_skip_tracking":false,"_monsterinsights_sitenote_active":false,"_monsterinsights_sitenote_note":"","_monsterinsights_sitenote_category":0},"categories":[4],"tags":[],"aioseo_notices":[],"gutentor_comment":0,"rttpg_featured_image_url":{"full":["https:\/\/arantv.az\/wp-content\/uploads\/2024\/02\/fda7cd91eebe5d8a0e9d35e2a036f288_6977981.jpg",620,413,false],"landscape":["https:\/\/arantv.az\/wp-content\/uploads\/2024\/02\/fda7cd91eebe5d8a0e9d35e2a036f288_6977981.jpg",620,413,false],"portraits":["https:\/\/arantv.az\/wp-content\/uploads\/2024\/02\/fda7cd91eebe5d8a0e9d35e2a036f288_6977981.jpg",620,413,false],"thumbnail":["https:\/\/arantv.az\/wp-content\/uploads\/2024\/02\/fda7cd91eebe5d8a0e9d35e2a036f288_6977981-500x280.jpg",500,280,true],"medium":["https:\/\/arantv.az\/wp-content\/uploads\/2024\/02\/fda7cd91eebe5d8a0e9d35e2a036f288_6977981-548x365.jpg",548,365,true],"large":["https:\/\/arantv.az\/wp-content\/uploads\/2024\/02\/fda7cd91eebe5d8a0e9d35e2a036f288_6977981.jpg",620,413,false],"1536x1536":["https:\/\/arantv.az\/wp-content\/uploads\/2024\/02\/fda7cd91eebe5d8a0e9d35e2a036f288_6977981.jpg",620,413,false],"2048x2048":["https:\/\/arantv.az\/wp-content\/uploads\/2024\/02\/fda7cd91eebe5d8a0e9d35e2a036f288_6977981.jpg",620,413,false],"post-thumbnail":["https:\/\/arantv.az\/wp-content\/uploads\/2024\/02\/fda7cd91eebe5d8a0e9d35e2a036f288_6977981-240x172.jpg",240,172,true],"advps-thumb-one":["https:\/\/arantv.az\/wp-content\/uploads\/2024\/02\/fda7cd91eebe5d8a0e9d35e2a036f288_6977981.jpg",620,413,false]},"rttpg_author":{"display_name":"V\u00fcsal Rafiqo\u011flu","author_link":"https:\/\/arantv.az\/?author=2"},"rttpg_comment":0,"rttpg_category":"<a href=\"https:\/\/arantv.az\/?cat=4\" rel=\"category\">Siyas\u0259t<\/a>","rttpg_excerpt":"Fevral\u0131n 8-d\u0259 Az\u0259rbaycan Respublikas\u0131n\u0131n Prezidenti\u00a0\u0130lham \u018fliyev\u00a0\u015eanxay \u018fm\u0259kda\u015fl\u0131q T\u0259\u015fkilat\u0131n\u0131n Ba\u015f katibi Can Mini q\u0259bul edib. AZ\u018fRTAC\u00a0x\u0259b\u0259r verir ki, Prezident \u0130lham \u018fliyev m\u00fc\u015fahid\u0259 missiyas\u0131nda i\u015ftirak\u0131na g\u00f6r\u0259 \u015eanxay \u018fm\u0259kda\u015fl\u0131q T\u0259\u015fkilat\u0131n\u0131n ba\u015f katibin\u0259, m\u00fc\u015fahid\u0259 qrupunun \u00fczvl\u0259rin\u0259 v\u0259 \u00fczv d\u00f6vl\u0259tl\u0259r\u0259 minn\u0259tdarl\u0131\u011f\u0131n\u0131 bildirib. Can Min Az\u0259rbaycan\u0131n \u015eanxay \u018fm\u0259kda\u015fl\u0131q T\u0259\u015fkilat\u0131n\u0131n f\u0259al t\u0259r\u0259fda\u015flar\u0131ndan biri oldu\u011funu v\u0259 Az\u0259rbaycan il\u0259 \u0259laq\u0259l\u0259rin h\u0259rt\u0259r\u0259fli inki\u015faf\u0131na \u0259h\u0259miyy\u0259t verdikl\u0259rini&hellip;","_links":{"self":[{"href":"https:\/\/arantv.az\/index.php?rest_route=\/wp\/v2\/posts\/688614"}],"collection":[{"href":"https:\/\/arantv.az\/index.php?rest_route=\/wp\/v2\/posts"}],"about":[{"href":"https:\/\/arantv.az\/index.php?rest_route=\/wp\/v2\/types\/post"}],"author":[{"embeddable":true,"href":"https:\/\/arantv.az\/index.php?rest_route=\/wp\/v2\/users\/2"}],"replies":[{"embeddable":true,"href":"https:\/\/arantv.az\/index.php?rest_route=%2Fwp%2Fv2%2Fcomments&post=688614"}],"version-history":[{"count":0,"href":"https:\/\/arantv.az\/index.php?rest_route=\/wp\/v2\/posts\/688614\/revisions"}],"wp:featuredmedia":[{"embeddable":true,"href":"https:\/\/arantv.az\/index.php?rest_route=\/wp\/v2\/media\/688590"}],"wp:attachment":[{"href":"https:\/\/arantv.az\/index.php?rest_route=%2Fwp%2Fv2%2Fmedia&parent=688614"}],"wp:term":[{"taxonomy":"category","embeddable":true,"href":"https:\/\/arantv.az\/index.php?rest_route=%2Fwp%2Fv2%2Fcategories&post=688614"},{"taxonomy":"post_tag","embeddable":true,"href":"https:\/\/arantv.az\/index.php?rest_route=%2Fwp%2Fv2%2Ftags&post=688614"}],"curies":[{"name":"wp","href":"https:\/\/api.w.org\/{rel}","templated":true}]}}