{"id":688616,"date":"2024-02-08T14:33:12","date_gmt":"2024-02-08T10:33:12","guid":{"rendered":"https:\/\/arantv.az\/?p=688616"},"modified":"2024-02-08T14:33:12","modified_gmt":"2024-02-08T10:33:12","slug":"tbilisi-az%c9%99rbaycan-v%c9%99-erm%c9%99nistan-arasinda-danisiqlar-platformasina-cevril%c9%99-bil%c9%99r","status":"publish","type":"post","link":"https:\/\/arantv.az\/?p=688616","title":{"rendered":"Tbilisi Az\u0259rbaycan v\u0259 Erm\u0259nistan aras\u0131nda dan\u0131\u015f\u0131qlar platformas\u0131na \u00e7evril\u0259 bil\u0259r"},"content":{"rendered":"<p>\u201cRegionda s\u00fclh v\u0259 sabitliyin t\u0259\u015fviqi \u00fc\u00e7\u00fcn m\u00fch\u00fcm add\u0131mlar atan G\u00fcrc\u00fcstan hakimiyy\u0259ti Tbilisinin Az\u0259rbaycan v\u0259 Erm\u0259nistan aras\u0131nda dan\u0131\u015f\u0131qlar platformas\u0131na \u00e7evrilm\u0259sind\u0259 maraql\u0131d\u0131r\u201d.<\/p>\n<p>Bunu G\u00fcrc\u00fcstan\u0131n xarici i\u015fl\u0259r naziri v\u0259zif\u0259sin\u0259 namiz\u0259d \u0130lia Dar\u00e7ia\u015fvili parlamentd\u0259 \u00e7\u0131x\u0131\u015f\u0131 zaman\u0131 bildirib.<\/p>\n<p>\u201cRegionda s\u00fclh\u00fcn v\u0259 sabitliyin t\u0259\u015fviqi bax\u0131m\u0131ndan G\u00fcrc\u00fcstan s\u00fclhp\u0259rv\u0259r qon\u015fuluq t\u0259\u015f\u0259bb\u00fcs\u00fcn\u00fcn i\u015f\u0259 sal\u0131nmas\u0131 il\u0259 m\u00fch\u00fcm add\u0131m at\u0131b v\u0259 qon\u015fu \u00f6lk\u0259l\u0259rin ehtiyaclar\u0131na uy\u011fun olaraq bu istiqam\u0259td\u0259 i\u015ftirak\u0131n\u0131 davam etdirm\u0259y\u0259 haz\u0131rd\u0131r. Biz ist\u0259yirik ki, Tbilisi g\u0259l\u0259c\u0259kd\u0259 qon\u015fular\u0131m\u0131z \u00fc\u00e7\u00fcn t\u0259r\u0259fl\u0259r aras\u0131nda etimad\u0131n qurulmas\u0131na k\u00f6m\u0259k ed\u0259c\u0259k ist\u0259nil\u0259n aktual m\u00f6vzular\u0131 m\u00fczakir\u0259 ed\u0259 bil\u0259c\u0259kl\u0259ri bir yer\u0259 \u00e7evrilsin\u201d, &#8211; dey\u0259 Dar\u00e7ia\u015fvili \u0259lav\u0259 edib.<\/p>\n<p>O vur\u011fulay\u0131b ki, regiondak\u0131 m\u00fcr\u0259kk\u0259b v\u0259ziyy\u0259t\u0259 baxmayaraq, G\u00fcrc\u00fcstan balansla\u015fd\u0131r\u0131lm\u0131\u015f siyas\u0259t y\u00fcr\u00fcd\u00fcr v\u0259 d\u0259f\u0259l\u0259rl\u0259 Az\u0259rbaycanla Erm\u0259nistan aras\u0131nda kommunikasiyan\u0131 t\u0259\u015fviq edib.<br \/>\nXarici i\u015fl\u0259r naziri v\u0259zif\u0259sin\u0259 namiz\u0259d G\u00fcrc\u00fcstan\u0131n s\u00fclh v\u0259 sabitliy\u0259 \u0259saslanan mehriban qon\u015fuluq siyas\u0259tini davam etdirm\u0259y\u0259 haz\u0131r oldu\u011funu bir daha t\u0259sdiql\u0259yib.<\/p>\n<p>M\u0259nb\u0259: \u201cSputnik\u201d G\u00fcrc\u00fcstan<\/p>\n","protected":false},"excerpt":{"rendered":"<p>\u201cRegionda s\u00fclh v\u0259 sabitliyin t\u0259\u015fviqi \u00fc\u00e7\u00fcn m\u00fch\u00fcm add\u0131mlar atan G\u00fcrc\u00fcstan hakimiyy\u0259ti Tbilisinin Az\u0259rbaycan v\u0259 Erm\u0259nistan aras\u0131nda dan\u0131\u015f\u0131qlar platformas\u0131na \u00e7evrilm\u0259sind\u0259 maraql\u0131d\u0131r\u201d. Bunu G\u00fcrc\u00fcstan\u0131n xarici i\u015fl\u0259r naziri v\u0259zif\u0259sin\u0259 namiz\u0259d \u0130lia Dar\u00e7ia\u015fvili parlamentd\u0259 \u00e7\u0131x\u0131\u015f\u0131 zaman\u0131 bildirib. \u201cRegionda s\u00fclh\u00fcn v\u0259 sabitliyin t\u0259\u015fviqi bax\u0131m\u0131ndan G\u00fcrc\u00fcstan s\u00fclhp\u0259rv\u0259r qon\u015fuluq t\u0259\u015f\u0259bb\u00fcs\u00fcn\u00fcn i\u015f\u0259 sal\u0131nmas\u0131 il\u0259 m\u00fch\u00fcm add\u0131m at\u0131b v\u0259 qon\u015fu \u00f6lk\u0259l\u0259rin ehtiyaclar\u0131na uy\u011fun olaraq bu istiqam\u0259td\u0259 i\u015ftirak\u0131n\u0131 davam etdirm\u0259y\u0259 haz\u0131rd\u0131r. Biz ist\u0259yirik ki, Tbilisi g\u0259l\u0259c\u0259kd\u0259 qon\u015fular\u0131m\u0131z \u00fc\u00e7\u00fcn t\u0259r\u0259fl\u0259r aras\u0131nda etimad\u0131n qurulmas\u0131na k\u00f6m\u0259k ed\u0259c\u0259k ist\u0259nil\u0259n aktual m\u00f6vzular\u0131 m\u00fczakir\u0259 ed\u0259 bil\u0259c\u0259kl\u0259ri bir yer\u0259 \u00e7evrilsin\u201d, &#8211; dey\u0259 Dar\u00e7ia\u015fvili \u0259lav\u0259 edib. O vur\u011fulay\u0131b&hellip;<\/p>\n","protected":false},"author":2,"featured_media":688617,"comment_status":"closed","ping_status":"closed","sticky":false,"template":"","format":"standard","meta":{"om_disable_all_campaigns":false,"_monsterinsights_skip_tracking":false,"_monsterinsights_sitenote_active":false,"_monsterinsights_sitenote_note":"","_monsterinsights_sitenote_category":0},"categories":[4],"tags":[],"aioseo_notices":[],"gutentor_comment":0,"rttpg_featured_image_url":{"full":["https:\/\/arantv.az\/wp-content\/uploads\/2024\/02\/9.jpg",620,413,false],"landscape":["https:\/\/arantv.az\/wp-content\/uploads\/2024\/02\/9.jpg",620,413,false],"portraits":["https:\/\/arantv.az\/wp-content\/uploads\/2024\/02\/9.jpg",620,413,false],"thumbnail":["https:\/\/arantv.az\/wp-content\/uploads\/2024\/02\/9-500x280.jpg",500,280,true],"medium":["https:\/\/arantv.az\/wp-content\/uploads\/2024\/02\/9-548x365.jpg",548,365,true],"large":["https:\/\/arantv.az\/wp-content\/uploads\/2024\/02\/9.jpg",620,413,false],"1536x1536":["https:\/\/arantv.az\/wp-content\/uploads\/2024\/02\/9.jpg",620,413,false],"2048x2048":["https:\/\/arantv.az\/wp-content\/uploads\/2024\/02\/9.jpg",620,413,false],"post-thumbnail":["https:\/\/arantv.az\/wp-content\/uploads\/2024\/02\/9-240x172.jpg",240,172,true],"advps-thumb-one":["https:\/\/arantv.az\/wp-content\/uploads\/2024\/02\/9.jpg",620,413,false]},"rttpg_author":{"display_name":"V\u00fcsal Rafiqo\u011flu","author_link":"https:\/\/arantv.az\/?author=2"},"rttpg_comment":0,"rttpg_category":"<a href=\"https:\/\/arantv.az\/?cat=4\" rel=\"category\">Siyas\u0259t<\/a>","rttpg_excerpt":"\u201cRegionda s\u00fclh v\u0259 sabitliyin t\u0259\u015fviqi \u00fc\u00e7\u00fcn m\u00fch\u00fcm add\u0131mlar atan G\u00fcrc\u00fcstan hakimiyy\u0259ti Tbilisinin Az\u0259rbaycan v\u0259 Erm\u0259nistan aras\u0131nda dan\u0131\u015f\u0131qlar platformas\u0131na \u00e7evrilm\u0259sind\u0259 maraql\u0131d\u0131r\u201d. Bunu G\u00fcrc\u00fcstan\u0131n xarici i\u015fl\u0259r naziri v\u0259zif\u0259sin\u0259 namiz\u0259d \u0130lia Dar\u00e7ia\u015fvili parlamentd\u0259 \u00e7\u0131x\u0131\u015f\u0131 zaman\u0131 bildirib. \u201cRegionda s\u00fclh\u00fcn v\u0259 sabitliyin t\u0259\u015fviqi bax\u0131m\u0131ndan G\u00fcrc\u00fcstan s\u00fclhp\u0259rv\u0259r qon\u015fuluq t\u0259\u015f\u0259bb\u00fcs\u00fcn\u00fcn i\u015f\u0259 sal\u0131nmas\u0131 il\u0259 m\u00fch\u00fcm add\u0131m at\u0131b v\u0259 qon\u015fu \u00f6lk\u0259l\u0259rin ehtiyaclar\u0131na uy\u011fun olaraq&hellip;","_links":{"self":[{"href":"https:\/\/arantv.az\/index.php?rest_route=\/wp\/v2\/posts\/688616"}],"collection":[{"href":"https:\/\/arantv.az\/index.php?rest_route=\/wp\/v2\/posts"}],"about":[{"href":"https:\/\/arantv.az\/index.php?rest_route=\/wp\/v2\/types\/post"}],"author":[{"embeddable":true,"href":"https:\/\/arantv.az\/index.php?rest_route=\/wp\/v2\/users\/2"}],"replies":[{"embeddable":true,"href":"https:\/\/arantv.az\/index.php?rest_route=%2Fwp%2Fv2%2Fcomments&post=688616"}],"version-history":[{"count":0,"href":"https:\/\/arantv.az\/index.php?rest_route=\/wp\/v2\/posts\/688616\/revisions"}],"wp:featuredmedia":[{"embeddable":true,"href":"https:\/\/arantv.az\/index.php?rest_route=\/wp\/v2\/media\/688617"}],"wp:attachment":[{"href":"https:\/\/arantv.az\/index.php?rest_route=%2Fwp%2Fv2%2Fmedia&parent=688616"}],"wp:term":[{"taxonomy":"category","embeddable":true,"href":"https:\/\/arantv.az\/index.php?rest_route=%2Fwp%2Fv2%2Fcategories&post=688616"},{"taxonomy":"post_tag","embeddable":true,"href":"https:\/\/arantv.az\/index.php?rest_route=%2Fwp%2Fv2%2Ftags&post=688616"}],"curies":[{"name":"wp","href":"https:\/\/api.w.org\/{rel}","templated":true}]}}