{"id":688619,"date":"2024-02-08T14:36:27","date_gmt":"2024-02-08T10:36:27","guid":{"rendered":"https:\/\/arantv.az\/?p=688619"},"modified":"2024-02-08T14:36:27","modified_gmt":"2024-02-08T10:36:27","slug":"7-fevral-d%c9%99rsl%c9%99ri-el-gucu-sel-gucu-deputatin-yazisi","status":"publish","type":"post","link":"https:\/\/arantv.az\/?p=688619","title":{"rendered":"7 fevral d\u0259rsl\u0259ri: El g\u00fcc\u00fc, sel g\u00fcc\u00fc &#8211; deputat\u0131n yaz\u0131s\u0131"},"content":{"rendered":"<div class=\"text-content\" data-id=\"\" data-url=\"\">\n<p><strong>Daha bir \u015f\u0259r\u0259fli tarixi d\u00f6vr arxada qald\u0131. 7 fevralda Az\u0259rbaycan xalq\u0131 \u0259razi b\u00fct\u00f6vl\u00fcy\u00fc v\u0259 suverenliyi tam t\u0259min olunmu\u015f m\u00fcst\u0259qil d\u00f6vl\u0259tinin ilk Prezident se\u00e7kil\u0259rini ke\u00e7irdi. L\u0259yaq\u0259tl\u0259 ke\u00e7irdi, b\u00f6y\u00fck inam il\u0259, sevgi il\u0259 ke\u00e7irdi, el birliyi, \u0259l birliyi, s\u0259s birliyi il\u0259 ke\u00e7irdi.<\/strong><\/p>\n<p>7 fevralda xalq\u0131m\u0131z \u0259dal\u0259t\u0259, s\u00fclh\u0259, \u0259min-amanl\u0131\u011fa, t\u0259r\u0259qqiy\u0259 s\u0259s vermi\u015f oldu.<\/p>\n<p>Bu se\u00e7kil\u0259rd\u0259 f\u0259al i\u015ftirak etm\u0259kl\u0259 xalq\u0131m\u0131z d\u00fcnya g\u00fccl\u0259rin\u0259 bir daha g\u00f6st\u0259rdi ki, b\u00f6lg\u0259nin titul xalq\u0131 bizik v\u0259 b\u00f6lg\u0259nin taleyini biz m\u00fc\u0259yy\u0259n edirik.<\/p>\n<p><img loading=\"lazy\" src=\"https:\/\/cdn.musavat.com\/news\/thumbnails\/c2d83d33560c8ee71fa68b2c587b1346.jpg\" alt=\"GORUN.jpeg (220 KB)\" width=\"700\" height=\"402\" \/><\/p>\n<p><strong>Bu se\u00e7ki m\u00fcst\u0259qil d\u00f6vl\u0259t\u00e7iliyimizin tarixind\u0259 \u0259n m\u00fct\u0259\u015f\u0259kkil, \u0259n demokratik, \u0259dal\u0259tli v\u0259 n\u00fcmun\u0259vi se\u00e7ki kimi qalacaq.<\/strong><\/p>\n<p>7 fevralda ke\u00e7iril\u0259n prezident se\u00e7kil\u0259rind\u0259 xalq\u0131m\u0131z \u00f6z y\u00fcks\u0259k se\u00e7ki m\u0259d\u0259niyy\u0259tini d\u00fcnyaya n\u00fcmayi\u015f etdirdi.<\/p>\n<p>Az\u0259rbaycan xalq\u0131 q\u0259dirbil\u0259n xalqd\u0131r v\u0259 onu qalib xalq etmi\u015f Lider\u0259 \u00f6z v\u0259fa borcunu 7 fevralda layiqinc\u0259 yerin\u0259 yetirdi.<\/p>\n<p>7 fevral se\u00e7kil\u0259rind\u0259 f\u0259al i\u015ftirak\u0131 il\u0259 Az\u0259rbaycan xalq\u0131 \u00f6z d\u00f6vl\u0259ti il\u0259 bir yerd\u0259 oldu\u011funu b\u0259yan etdi, d\u00fcnya g\u00fccl\u0259rin\u0259 bu d\u00f6vl\u0259tin sahibi d\u0259, xidm\u0259t\u00e7isi d\u0259 m\u0259n\u0259m mesaj\u0131n\u0131 verdi.<\/p>\n<p><strong>Bu se\u00e7kid\u0259 Az\u0259rbaycan xalq\u0131 birliyimizin simvolu olan D\u0259mir yumru\u011fun haqq\u0131n yan\u0131nda, z\u00fclm\u00fcn qar\u015f\u0131s\u0131nda m\u0259rd dayand\u0131\u011f\u0131n\u0131 d\u0259st\u0259kl\u0259diyini ifad\u0259 etdi.<\/strong><\/p>\n<p>Xalq\u0131m\u0131z bir daha \u00f6z gur s\u0259sini milli lider \u0130lham \u018fliyevin m\u0259\u011frur s\u0259sin\u0259 qataraq , &#8211; &#8220;Biz birlikd\u0259 g\u00fccl\u00fcy\u00fck&#8221;, &#8211; dedi.<\/p>\n<p>S\u00f6z s\u0259sd\u0259n, s\u0259sl\u0259rin nizaml\u0131 birliyind\u0259n yaran\u0131r. M\u0259hz 7 fevralda Az\u0259rbaycan xalq\u0131n\u0131n s\u0259si p\u0259rak\u0259nd\u0259 deyildi, nizaml\u0131 idi, bir m\u0259qs\u0259d\u0259 y\u00f6n\u0259l\u0259n irad\u0259, fikir birliyinin ifad\u0259si idi.<\/p>\n<p><img loading=\"lazy\" src=\"https:\/\/cdn.musavat.com\/news\/thumbnails\/34a64b4fc8c256f8477d40d3df930157.jpg\" alt=\"HAZ\u0130R.jpeg (250 KB)\" width=\"700\" height=\"402\" \/><\/p>\n<p><strong>7 fevralda h\u0259r k\u0259s \u00f6z s\u0259si il\u0259 fikrini ifad\u0259 edirdi, h\u0259r k\u0259s eyni mahn\u0131n\u0131 solo oxuyurdu, bu s\u0259sl\u0259r o q\u0259d\u0259r bir-birin\u0259 yax\u0131n idi ki, n\u0259tic\u0259d\u0259 bir-birin\u0259 d\u0259st\u0259k ver\u0259r\u0259k xalq\u0131n ruhuna, mill\u0259ti birliy\u0259 s\u0259sl\u0259y\u0259n milli mar\u015f\u0131m\u0131za, himnimiz\u0259 \u00e7evrildi.<\/strong><\/p>\n<p>7 fevral 6 milyon 500 min s\u0259sin milli xora \u00e7evrildiyi bir tarixi g\u00fcn idi v\u0259 bu xorda xaric s\u0259s yox idi.<\/p>\n<p>Bu se\u00e7ki b\u00fct\u00fcn f\u0259aliyy\u0259tini \u00f6z xalq\u0131n\u0131n xo\u015fb\u0259xtliyin\u0259 y\u00f6n\u0259ld\u0259n, 20 il \u0259rzind\u0259 xalqa verdiyi b\u00fct\u00fcn v\u0259dl\u0259rini l\u0259yaq\u0259tl\u0259 yerin\u0259 yetir\u0259n, &#8220;Bizim siyas\u0259timiz bizim i\u015fimizdir&#8221;, &#8220;S\u00f6z\u00fcm\u00fcz imzam\u0131zd\u0131r&#8221; s\u00f6yl\u0259y\u0259n c\u0259nab Prezident\u0259 do\u011fma xalq\u0131n\u0131n inam\u0131n\u0131, g\u00fcv\u0259nini ifad\u0259 ed\u0259n &#8220;S\u0259simiz imzan\u0131zd\u0131r!&#8221; d\u0259st\u0259yinin g\u00f6st\u0259ricisi oldu.<\/p>\n<p>Bu se\u00e7ki h\u0259m d\u0259 Az\u0259rbaycan\u0131n u\u011furlar\u0131n\u0131 g\u00f6z\u00fc g\u00f6t\u00fcrm\u0259y\u0259n, inki\u015faf\u0131m\u0131z\u0131, qalibiyy\u0259timizi h\u0259zm etm\u0259y\u0259n q\u0259rbd\u0259ki \u015feytanlara xalq\u0131n vurdu\u011fu t\u0259rs \u015fapalaq oldu. Az\u0259rbaycan sizin oyun quraca\u011f\u0131n\u0131z meydan deyildir, r\u0259dd olun, gedin \u00f6z \u00e7irkin oyunlar\u0131n\u0131z\u0131 \u00f6z xaraban\u0131zda oynayin, burada n\u0259 sizin r\u0259ngli inqilablar\u0131n\u0131za, n\u0259 bahar\u0131n\u0131za, n\u0259 q\u0131\u015f\u0131n\u0131za yer yoxdur. Bura bizim m\u0259ml\u0259k\u0259timizdir, \u00f6z V\u0259t\u0259nimizd\u0259 havan\u0131n iqlimini d\u0259, ilin f\u0259sill\u0259rini d\u0259, otlar\u0131n, \u00e7i\u00e7\u0259kl\u0259rin r\u0259ngl\u0259rini d\u0259 ulu Tanr\u0131n\u0131n ist\u0259yi il\u0259 biz m\u00fc\u0259yy\u0259n edirik!<\/p>\n<p><strong>Bu V\u0259t\u0259nd\u0259 k\u00fcl\u0259kl\u0259rin u\u011fultusu da, \u00e7aylar\u0131n n\u0259\u011fm\u0259si d\u0259 bizim s\u0259simizim ah\u0259ngin\u0259 uy\u011fun s\u0259sl\u0259n\u0259c\u0259k, d\u0259nizl\u0259rin dal\u011fas\u0131 da bizim s\u0259simizin dal\u011fas\u0131nda \u00e7a\u011flayacaq.<\/strong><\/p>\n<p>7 fevral d\u00fcnya g\u00fccl\u0259rin\u0259 bir daha s\u00fcbut etdi ki, el g\u00fcc\u00fc sel g\u00fcc\u00fcd\u00fcr, bu g\u00fcc\u00fcn qar\u015f\u0131s\u0131nda he\u00e7 bir q\u00fcvv\u0259 dayana bilm\u0259z, bu g\u00fcc\u00fcn d\u0259st\u0259kl\u0259diyi milli Lideri he\u00e7 n\u0259 \u00f6z haqq yolundan saxlaya bilm\u0259z!<\/p>\n<p>D\u00fcn\u0259nki se\u00e7kid\u0259 co\u015fqu var idi, n\u00f6vb\u0259l\u0259r var idi, nizams\u0131zl\u0131q, p\u0259rak\u0259nd\u0259lik yox idi. Sanki b\u00fct\u00fcn se\u00e7icil\u0259rin \u00fcr\u0259yi bir ritmd\u0259 d\u00f6y\u00fcn\u00fcrd\u00fc.<\/p>\n<p><strong>D\u00fcn\u0259n t\u0259kc\u0259 se\u00e7kid\u0259 i\u015ftirak ed\u0259nl\u0259rin deyil, b\u00fct\u00f6vl\u00fckd\u0259 60 milyonluq Az\u0259rbaycan xalq\u0131n\u0131n n\u0259bzi bir vururdu: biz s\u0259ninl\u0259 birlikd\u0259yik, c\u0259nab Ali Ba\u015f Komandan deyirdi!<\/strong><\/p>\n<p>7 fevral se\u00e7kil\u0259rind\u0259 Az\u0259rbaycan xalq\u0131 g\u0259l\u0259c\u0259k xo\u015f g\u00fcnl\u0259r\u0259 C\u0259nab Prezident \u0130lham \u018fliyevl\u0259 ged\u0259c\u0259yini inamla d\u00fcnyaya b\u0259yan etdi!<\/p>\n<p><img loading=\"lazy\" src=\"https:\/\/cdn.musavat.com\/news\/thumbnails\/63f19e6c20d3934b38162f58f032fb16.jpg\" alt=\"XANA SON.jpg (90 KB)\" width=\"700\" height=\"436\" \/><\/p>\n<h3>Qalib Xalq 7 fevralda \u00f6z Qalib Liderin\u0259 s\u0259s verm\u0259kl\u0259 qar\u015f\u0131dak\u0131 7 ild\u0259 d\u0259 Z\u0259f\u0259r yolunun davam\u0131na s\u0259s verdi!<\/h3>\n<p>Yolumuz uzun, g\u00f6r\u0259c\u0259yimiz i\u015fl\u0259rimiz is\u0259 \u00e7oxdur!<\/p>\n<p><strong>Bu yolda ulu Tanr\u0131 yar v\u0259 yard\u0131m\u00e7\u0131n\u0131z olsun, c\u0259nab Prezident!<\/strong><\/p>\n<p><strong>E\u015fq olsun s\u0259n\u0259, Az\u0259rbaycan xalq\u0131, S\u0259n do\u011frudan da m\u00f6ht\u0259\u015f\u0259ms\u0259n!!!<\/strong><\/p>\n<p><img loading=\"lazy\" src=\"https:\/\/cdn.musavat.com\/news\/thumbnails\/428d6b5ee51e656494f69e7e60081a82.jpg\" alt=\"QULU.jpg (47 KB)\" width=\"700\" height=\"436\" \/><\/p>\n<p><strong>Musa Urud, mill\u0259t v\u0259kili<\/strong><\/p>\n<\/div>\n<div><\/div>\n<div>\n<div class=\"banner banner-6cdd60ea0045eb7a6ec44c54d29ed402\" data-banner=\"MTg0\"><\/div>\n<\/div>\n","protected":false},"excerpt":{"rendered":"<p>Daha bir \u015f\u0259r\u0259fli tarixi d\u00f6vr arxada qald\u0131. 7 fevralda Az\u0259rbaycan xalq\u0131 \u0259razi b\u00fct\u00f6vl\u00fcy\u00fc v\u0259 suverenliyi tam t\u0259min olunmu\u015f m\u00fcst\u0259qil d\u00f6vl\u0259tinin ilk Prezident se\u00e7kil\u0259rini ke\u00e7irdi. L\u0259yaq\u0259tl\u0259 ke\u00e7irdi, b\u00f6y\u00fck inam il\u0259, sevgi il\u0259 ke\u00e7irdi, el birliyi, \u0259l birliyi, s\u0259s birliyi il\u0259 ke\u00e7irdi. 7 fevralda xalq\u0131m\u0131z \u0259dal\u0259t\u0259, s\u00fclh\u0259, \u0259min-amanl\u0131\u011fa, t\u0259r\u0259qqiy\u0259 s\u0259s vermi\u015f oldu. Bu se\u00e7kil\u0259rd\u0259 f\u0259al i\u015ftirak etm\u0259kl\u0259 xalq\u0131m\u0131z d\u00fcnya g\u00fccl\u0259rin\u0259 bir daha g\u00f6st\u0259rdi ki, b\u00f6lg\u0259nin titul xalq\u0131 bizik v\u0259 b\u00f6lg\u0259nin taleyini biz m\u00fc\u0259yy\u0259n edirik. Bu se\u00e7ki m\u00fcst\u0259qil d\u00f6vl\u0259t\u00e7iliyimizin tarixind\u0259 \u0259n m\u00fct\u0259\u015f\u0259kkil, \u0259n demokratik, \u0259dal\u0259tli v\u0259 n\u00fcmun\u0259vi se\u00e7ki kimi qalacaq. 7 fevralda ke\u00e7iril\u0259n&hellip;<\/p>\n","protected":false},"author":2,"featured_media":688620,"comment_status":"closed","ping_status":"closed","sticky":false,"template":"","format":"standard","meta":{"om_disable_all_campaigns":false,"_monsterinsights_skip_tracking":false,"_monsterinsights_sitenote_active":false,"_monsterinsights_sitenote_note":"","_monsterinsights_sitenote_category":0},"categories":[19],"tags":[],"aioseo_notices":[],"gutentor_comment":0,"rttpg_featured_image_url":{"full":["https:\/\/arantv.az\/wp-content\/uploads\/2024\/02\/5467a72e24032413c337f3770bcc6ca9.jpg",870,500,false],"landscape":["https:\/\/arantv.az\/wp-content\/uploads\/2024\/02\/5467a72e24032413c337f3770bcc6ca9.jpg",870,500,false],"portraits":["https:\/\/arantv.az\/wp-content\/uploads\/2024\/02\/5467a72e24032413c337f3770bcc6ca9.jpg",870,500,false],"thumbnail":["https:\/\/arantv.az\/wp-content\/uploads\/2024\/02\/5467a72e24032413c337f3770bcc6ca9-500x280.jpg",500,280,true],"medium":["https:\/\/arantv.az\/wp-content\/uploads\/2024\/02\/5467a72e24032413c337f3770bcc6ca9-635x365.jpg",635,365,true],"large":["https:\/\/arantv.az\/wp-content\/uploads\/2024\/02\/5467a72e24032413c337f3770bcc6ca9-840x483.jpg",640,368,true],"1536x1536":["https:\/\/arantv.az\/wp-content\/uploads\/2024\/02\/5467a72e24032413c337f3770bcc6ca9.jpg",870,500,false],"2048x2048":["https:\/\/arantv.az\/wp-content\/uploads\/2024\/02\/5467a72e24032413c337f3770bcc6ca9.jpg",870,500,false],"post-thumbnail":["https:\/\/arantv.az\/wp-content\/uploads\/2024\/02\/5467a72e24032413c337f3770bcc6ca9-240x172.jpg",240,172,true],"advps-thumb-one":["https:\/\/arantv.az\/wp-content\/uploads\/2024\/02\/5467a72e24032413c337f3770bcc6ca9.jpg",870,500,false]},"rttpg_author":{"display_name":"V\u00fcsal Rafiqo\u011flu","author_link":"https:\/\/arantv.az\/?author=2"},"rttpg_comment":0,"rttpg_category":"<a href=\"https:\/\/arantv.az\/?cat=19\" rel=\"category\">G\u00fcnd\u0259m<\/a>","rttpg_excerpt":"Daha bir \u015f\u0259r\u0259fli tarixi d\u00f6vr arxada qald\u0131. 7 fevralda Az\u0259rbaycan xalq\u0131 \u0259razi b\u00fct\u00f6vl\u00fcy\u00fc v\u0259 suverenliyi tam t\u0259min olunmu\u015f m\u00fcst\u0259qil d\u00f6vl\u0259tinin ilk Prezident se\u00e7kil\u0259rini ke\u00e7irdi. L\u0259yaq\u0259tl\u0259 ke\u00e7irdi, b\u00f6y\u00fck inam il\u0259, sevgi il\u0259 ke\u00e7irdi, el birliyi, \u0259l birliyi, s\u0259s birliyi il\u0259 ke\u00e7irdi. 7 fevralda xalq\u0131m\u0131z \u0259dal\u0259t\u0259, s\u00fclh\u0259, \u0259min-amanl\u0131\u011fa, t\u0259r\u0259qqiy\u0259 s\u0259s vermi\u015f oldu. Bu se\u00e7kil\u0259rd\u0259 f\u0259al i\u015ftirak etm\u0259kl\u0259&hellip;","_links":{"self":[{"href":"https:\/\/arantv.az\/index.php?rest_route=\/wp\/v2\/posts\/688619"}],"collection":[{"href":"https:\/\/arantv.az\/index.php?rest_route=\/wp\/v2\/posts"}],"about":[{"href":"https:\/\/arantv.az\/index.php?rest_route=\/wp\/v2\/types\/post"}],"author":[{"embeddable":true,"href":"https:\/\/arantv.az\/index.php?rest_route=\/wp\/v2\/users\/2"}],"replies":[{"embeddable":true,"href":"https:\/\/arantv.az\/index.php?rest_route=%2Fwp%2Fv2%2Fcomments&post=688619"}],"version-history":[{"count":0,"href":"https:\/\/arantv.az\/index.php?rest_route=\/wp\/v2\/posts\/688619\/revisions"}],"wp:featuredmedia":[{"embeddable":true,"href":"https:\/\/arantv.az\/index.php?rest_route=\/wp\/v2\/media\/688620"}],"wp:attachment":[{"href":"https:\/\/arantv.az\/index.php?rest_route=%2Fwp%2Fv2%2Fmedia&parent=688619"}],"wp:term":[{"taxonomy":"category","embeddable":true,"href":"https:\/\/arantv.az\/index.php?rest_route=%2Fwp%2Fv2%2Fcategories&post=688619"},{"taxonomy":"post_tag","embeddable":true,"href":"https:\/\/arantv.az\/index.php?rest_route=%2Fwp%2Fv2%2Ftags&post=688619"}],"curies":[{"name":"wp","href":"https:\/\/api.w.org\/{rel}","templated":true}]}}