{"id":688759,"date":"2024-02-08T20:10:24","date_gmt":"2024-02-08T16:10:24","guid":{"rendered":"https:\/\/arantv.az\/?p=688759"},"modified":"2024-02-08T20:10:24","modified_gmt":"2024-02-08T16:10:24","slug":"putinin-kom%c9%99kcisi-rusiya-prezidentinin-turkiy%c9%99y%c9%99-s%c9%99f%c9%99ri-ucun-cox-f%c9%99al-hazirliq-gedir","status":"publish","type":"post","link":"https:\/\/arantv.az\/?p=688759","title":{"rendered":"Putinin k\u00f6m\u0259k\u00e7isi: \u201cRusiya Prezidentinin T\u00fcrkiy\u0259y\u0259 s\u0259f\u0259ri \u00fc\u00e7\u00fcn \u00e7ox f\u0259al haz\u0131rl\u0131q gedir\u201d"},"content":{"rendered":"<p>\u201cRusiya Prezidenti Vladimir Putinin T\u00fcrkiy\u0259y\u0259 s\u0259f\u0259rin\u0259 haz\u0131rl\u0131qlar\u00a0aktiv m\u0259rh\u0259l\u0259d\u0259dir, lakin d\u0259qiq tarixl\u0259r h\u0259l\u0259 d\u0259 raz\u0131la\u015fd\u0131r\u0131l\u0131r\u201d.<\/p>\n<p>Bu bar\u0259d\u0259 jurnalistl\u0259r\u0259 Rusiya d\u00f6vl\u0259t ba\u015f\u00e7\u0131s\u0131n\u0131n k\u00f6m\u0259k\u00e7isi Yuri U\u015fakov m\u0259lumat verib.<\/p>\n<p>\u201cHaz\u0131rda Putinin T\u00fcrkiy\u0259y\u0259 s\u0259f\u0259ri \u00fc\u00e7\u00fcn \u00e7ox f\u0259al haz\u0131rl\u0131q gedir. \u00dcst\u0259lik, Rusiyan\u0131n dem\u0259k olar ki, b\u00fct\u00fcn \u0259sas qurumlar\u0131 &#8211; h\u0259m iqtisadi, h\u0259m d\u0259 siyasi &#8211; haz\u0131rl\u0131q i\u015fl\u0259ri g\u00f6r\u00fcr\u201d, &#8211; Kreml n\u00fcmay\u0259nd\u0259si bildirib.<\/p>\n<p>\u201cS\u0259f\u0259rin konkret tarixl\u0259ri h\u0259l\u0259 raz\u0131la\u015fd\u0131r\u0131lma m\u0259rh\u0259l\u0259sind\u0259dir\u201d, &#8211; dey\u0259 o \u0259lav\u0259 edib.<\/p>\n<p>Prezidentin k\u00f6m\u0259k\u00e7isi Rusiyan\u0131n T\u00fcrkiy\u0259 il\u0259 \u00e7ox\u015fax\u0259li \u0259laq\u0259l\u0259rin inki\u015faf\u0131na\u00a0b\u00f6y\u00fck \u0259h\u0259miyy\u0259t verdiyini vur\u011fulay\u0131b.<\/p>\n<p>M\u0259nb\u0259: TASS<\/p>\n","protected":false},"excerpt":{"rendered":"<p>\u201cRusiya Prezidenti Vladimir Putinin T\u00fcrkiy\u0259y\u0259 s\u0259f\u0259rin\u0259 haz\u0131rl\u0131qlar\u00a0aktiv m\u0259rh\u0259l\u0259d\u0259dir, lakin d\u0259qiq tarixl\u0259r h\u0259l\u0259 d\u0259 raz\u0131la\u015fd\u0131r\u0131l\u0131r\u201d. Bu bar\u0259d\u0259 jurnalistl\u0259r\u0259 Rusiya d\u00f6vl\u0259t ba\u015f\u00e7\u0131s\u0131n\u0131n k\u00f6m\u0259k\u00e7isi Yuri U\u015fakov m\u0259lumat verib. \u201cHaz\u0131rda Putinin T\u00fcrkiy\u0259y\u0259 s\u0259f\u0259ri \u00fc\u00e7\u00fcn \u00e7ox f\u0259al haz\u0131rl\u0131q gedir. \u00dcst\u0259lik, Rusiyan\u0131n dem\u0259k olar ki, b\u00fct\u00fcn \u0259sas qurumlar\u0131 &#8211; h\u0259m iqtisadi, h\u0259m d\u0259 siyasi &#8211; haz\u0131rl\u0131q i\u015fl\u0259ri g\u00f6r\u00fcr\u201d, &#8211; Kreml n\u00fcmay\u0259nd\u0259si bildirib. \u201cS\u0259f\u0259rin konkret tarixl\u0259ri h\u0259l\u0259 raz\u0131la\u015fd\u0131r\u0131lma m\u0259rh\u0259l\u0259sind\u0259dir\u201d, &#8211; dey\u0259 o \u0259lav\u0259 edib. Prezidentin k\u00f6m\u0259k\u00e7isi Rusiyan\u0131n T\u00fcrkiy\u0259 il\u0259 \u00e7ox\u015fax\u0259li \u0259laq\u0259l\u0259rin inki\u015faf\u0131na\u00a0b\u00f6y\u00fck \u0259h\u0259miyy\u0259t verdiyini vur\u011fulay\u0131b. M\u0259nb\u0259: TASS<\/p>\n","protected":false},"author":2,"featured_media":688760,"comment_status":"closed","ping_status":"closed","sticky":false,"template":"","format":"standard","meta":{"om_disable_all_campaigns":false,"_monsterinsights_skip_tracking":false,"_monsterinsights_sitenote_active":false,"_monsterinsights_sitenote_note":"","_monsterinsights_sitenote_category":0},"categories":[7],"tags":[],"aioseo_notices":[],"gutentor_comment":0,"rttpg_featured_image_url":{"full":["https:\/\/arantv.az\/wp-content\/uploads\/2024\/02\/64f709b2428fc64f709b2428fd169391147464f709b2428fa64f709b2428fb.jpg",620,413,false],"landscape":["https:\/\/arantv.az\/wp-content\/uploads\/2024\/02\/64f709b2428fc64f709b2428fd169391147464f709b2428fa64f709b2428fb.jpg",620,413,false],"portraits":["https:\/\/arantv.az\/wp-content\/uploads\/2024\/02\/64f709b2428fc64f709b2428fd169391147464f709b2428fa64f709b2428fb.jpg",620,413,false],"thumbnail":["https:\/\/arantv.az\/wp-content\/uploads\/2024\/02\/64f709b2428fc64f709b2428fd169391147464f709b2428fa64f709b2428fb-500x280.jpg",500,280,true],"medium":["https:\/\/arantv.az\/wp-content\/uploads\/2024\/02\/64f709b2428fc64f709b2428fd169391147464f709b2428fa64f709b2428fb-548x365.jpg",548,365,true],"large":["https:\/\/arantv.az\/wp-content\/uploads\/2024\/02\/64f709b2428fc64f709b2428fd169391147464f709b2428fa64f709b2428fb.jpg",620,413,false],"1536x1536":["https:\/\/arantv.az\/wp-content\/uploads\/2024\/02\/64f709b2428fc64f709b2428fd169391147464f709b2428fa64f709b2428fb.jpg",620,413,false],"2048x2048":["https:\/\/arantv.az\/wp-content\/uploads\/2024\/02\/64f709b2428fc64f709b2428fd169391147464f709b2428fa64f709b2428fb.jpg",620,413,false],"post-thumbnail":["https:\/\/arantv.az\/wp-content\/uploads\/2024\/02\/64f709b2428fc64f709b2428fd169391147464f709b2428fa64f709b2428fb-240x172.jpg",240,172,true],"advps-thumb-one":["https:\/\/arantv.az\/wp-content\/uploads\/2024\/02\/64f709b2428fc64f709b2428fd169391147464f709b2428fa64f709b2428fb.jpg",620,413,false]},"rttpg_author":{"display_name":"V\u00fcsal Rafiqo\u011flu","author_link":"https:\/\/arantv.az\/?author=2"},"rttpg_comment":0,"rttpg_category":"<a href=\"https:\/\/arantv.az\/?cat=7\" rel=\"category\">D\u00fcnya<\/a>","rttpg_excerpt":"\u201cRusiya Prezidenti Vladimir Putinin T\u00fcrkiy\u0259y\u0259 s\u0259f\u0259rin\u0259 haz\u0131rl\u0131qlar\u00a0aktiv m\u0259rh\u0259l\u0259d\u0259dir, lakin d\u0259qiq tarixl\u0259r h\u0259l\u0259 d\u0259 raz\u0131la\u015fd\u0131r\u0131l\u0131r\u201d. Bu bar\u0259d\u0259 jurnalistl\u0259r\u0259 Rusiya d\u00f6vl\u0259t ba\u015f\u00e7\u0131s\u0131n\u0131n k\u00f6m\u0259k\u00e7isi Yuri U\u015fakov m\u0259lumat verib. \u201cHaz\u0131rda Putinin T\u00fcrkiy\u0259y\u0259 s\u0259f\u0259ri \u00fc\u00e7\u00fcn \u00e7ox f\u0259al haz\u0131rl\u0131q gedir. \u00dcst\u0259lik, Rusiyan\u0131n dem\u0259k olar ki, b\u00fct\u00fcn \u0259sas qurumlar\u0131 &#8211; h\u0259m iqtisadi, h\u0259m d\u0259 siyasi &#8211; haz\u0131rl\u0131q i\u015fl\u0259ri g\u00f6r\u00fcr\u201d, &#8211; Kreml n\u00fcmay\u0259nd\u0259si&hellip;","_links":{"self":[{"href":"https:\/\/arantv.az\/index.php?rest_route=\/wp\/v2\/posts\/688759"}],"collection":[{"href":"https:\/\/arantv.az\/index.php?rest_route=\/wp\/v2\/posts"}],"about":[{"href":"https:\/\/arantv.az\/index.php?rest_route=\/wp\/v2\/types\/post"}],"author":[{"embeddable":true,"href":"https:\/\/arantv.az\/index.php?rest_route=\/wp\/v2\/users\/2"}],"replies":[{"embeddable":true,"href":"https:\/\/arantv.az\/index.php?rest_route=%2Fwp%2Fv2%2Fcomments&post=688759"}],"version-history":[{"count":0,"href":"https:\/\/arantv.az\/index.php?rest_route=\/wp\/v2\/posts\/688759\/revisions"}],"wp:featuredmedia":[{"embeddable":true,"href":"https:\/\/arantv.az\/index.php?rest_route=\/wp\/v2\/media\/688760"}],"wp:attachment":[{"href":"https:\/\/arantv.az\/index.php?rest_route=%2Fwp%2Fv2%2Fmedia&parent=688759"}],"wp:term":[{"taxonomy":"category","embeddable":true,"href":"https:\/\/arantv.az\/index.php?rest_route=%2Fwp%2Fv2%2Fcategories&post=688759"},{"taxonomy":"post_tag","embeddable":true,"href":"https:\/\/arantv.az\/index.php?rest_route=%2Fwp%2Fv2%2Ftags&post=688759"}],"curies":[{"name":"wp","href":"https:\/\/api.w.org\/{rel}","templated":true}]}}