{"id":688762,"date":"2024-02-08T20:11:02","date_gmt":"2024-02-08T16:11:02","guid":{"rendered":"https:\/\/arantv.az\/?p=688762"},"modified":"2024-02-08T20:11:02","modified_gmt":"2024-02-08T16:11:02","slug":"ceyhun-bayramov-braziliya-federal-senatinin-numay%c9%99nd%c9%99-hey%c9%99ti-il%c9%99-gorusub-foto","status":"publish","type":"post","link":"https:\/\/arantv.az\/?p=688762","title":{"rendered":"Ceyhun Bayramov Braziliya Federal Senat\u0131n\u0131n n\u00fcmay\u0259nd\u0259 hey\u0259ti il\u0259 g\u00f6r\u00fc\u015f\u00fcb &#8211; FOTO"},"content":{"rendered":"<p>Az\u0259rbaycan\u0131n xarici i\u015fl\u0259r naziri Ceyhun Bayramov n\u00f6vb\u0259d\u0259nk\u0259nar Az\u0259rbaycan Respublikas\u0131 Prezidenti se\u00e7kisinin m\u00fc\u015fahid\u0259si m\u0259qs\u0259dil\u0259 \u00f6lk\u0259mizd\u0259 s\u0259f\u0259rd\u0259 olan Braziliya Federal Senat\u0131nda Braziliya-Az\u0259rbaycan Dostluq Qrupunun r\u0259hb\u0259ri Senator Nelsinyo Trad\u0131n ba\u015f\u00e7\u0131l\u0131q etdiyi n\u00fcmay\u0259nd\u0259 hey\u0259tini q\u0259bul edib.<\/p>\n<p>Bu bar\u0259d\u0259\u00a0Xarici \u0130\u015fl\u0259r Nazirliyi (X\u0130N) m\u0259lumat yay\u0131b.<\/p>\n<p>Bildirilib ki, g\u00f6r\u00fc\u015f zaman\u0131 Az\u0259rbaycan v\u0259 Braziliya aras\u0131nda ikit\u0259r\u0259fli v\u0259 \u00e7oxt\u0259r\u0259fli \u0259m\u0259kda\u015fl\u0131\u011f\u0131n geni\u015fl\u0259ndirilm\u0259si perspektivl\u0259ri, artan siyasi t\u0259maslar v\u0259 ikit\u0259r\u0259fli m\u0259sl\u0259h\u0259tl\u0259\u015fm\u0259l\u0259r mexanizmi \u00fczr\u0259 planlar m\u00fczakir\u0259 olunub. Az\u0259rbaycan Respublikas\u0131 H\u00f6kum\u0259ti il\u0259 Braziliya Federativ Respublikas\u0131 H\u00f6kum\u0259ti aras\u0131nda Ticar\u0259t v\u0259 \u0130nvestisiya \u018fm\u0259kda\u015fl\u0131\u011f\u0131 \u00fczr\u0259 Birg\u0259 \u0130\u015f\u00e7i Qrupunun n\u00f6vb\u0259ti g\u00f6r\u00fc\u015f\u00fcn\u0259 haz\u0131rl\u0131\u011f\u0131n \u0259h\u0259miyy\u0259ti diqq\u0259t\u0259 \u00e7atd\u0131r\u0131l\u0131b.<\/p>\n<p>C.Bayramov m\u00fcst\u0259qillik tariximizd\u0259 ilk d\u0259f\u0259 olaraq \u0259razi b\u00fct\u00f6vl\u00fcy\u00fcm\u00fcz v\u0259 suverenliyimizin tam b\u0259rpa olundu\u011fu d\u00f6vr\u0259 t\u0259sad\u00fcf ed\u0259n n\u00f6vb\u0259d\u0259nk\u0259nar Az\u0259rbaycan Respublikas\u0131 Prezidenti se\u00e7kisinin \u00f6lk\u0259miz \u00fc\u00e7\u00fcn x\u00fcsusi \u0259h\u0259miyy\u0259t da\u015f\u0131d\u0131\u011f\u0131n\u0131 qeyd edib.<\/p>\n<p>G\u00f6r\u00fc\u015fd\u0259 h\u0259m\u00e7inin bu il \u00f6lk\u0259mizin ev sahibliyi etdiyi BMT-nin \u0130qlim D\u0259yi\u015fikliyi \u00fczr\u0259 \u00c7\u0259r\u00e7iv\u0259 Konvensiyas\u0131n\u0131n T\u0259r\u0259fl\u0259r Konfrans\u0131n\u0131n 29-cu sessiyas\u0131n\u0131n (COP29) ikit\u0259r\u0259fli \u0259laq\u0259l\u0259rin inki\u015faf\u0131, habel\u0259 COP30-u ke\u00e7ir\u0259n \u00f6lk\u0259 kimi Braziliya il\u0259 \u0259laq\u0259l\u0259ndirm\u0259 i\u015fl\u0259rinin geni\u015fl\u0259ndirilm\u0259si bax\u0131m\u0131ndan \u0259h\u0259miyy\u0259ti vur\u011fulan\u0131b.<\/p>\n<p>G\u00f6r\u00fc\u015f zaman\u0131 h\u0259m\u00e7inin qar\u015f\u0131l\u0131ql\u0131 maraq do\u011furan dig\u0259r ikit\u0259r\u0259fli v\u0259 regional m\u0259s\u0259l\u0259l\u0259r \u0259traf\u0131nda fikir m\u00fcbadil\u0259si apar\u0131l\u0131b.<\/p>\n<p>&nbsp;<\/p>\n<div class=\"gallery\">\n<div class=\"gallery-i\"><img src=\"https:\/\/cdn.oxu.az\/uploads\/W1siZiIsIjIwMjQvMDIvMDgvMTkvMjYvMTEvNDMyNzA0NjktNDgxNS00ZTg1LThiM2YtMWVlMWUwY2ExOWNhLzhiYmYyYzFlLWFlNGMtMzg3Yi04NTkyLTQ5ZDU4ZTg3NTYwNy5qcGciXSxbInAiLCJlbmNvZGUiLCJqcGciLCItcXVhbGl0eSA4MCJdLFsicCIsInRodW1iIiwiNTkweDU5MFx1MDAzZSJdXQ?sha=d6b93792f033ce70\" alt=\"\" \/><\/p>\n<div class=\"gallery-i-caption\"><\/div>\n<\/div>\n<div class=\"gallery-i\"><img src=\"https:\/\/cdn.oxu.az\/uploads\/W1siZiIsIjIwMjQvMDIvMDgvMTkvMjYvMTEvNjllYWExNGYtN2VmZS00OWRmLWI5NDctN2JkMzQ2MDRhOWZhL2Q4Y2Q4Nzk2LTg5MGQtMzM1NS1iNDNjLWUyZTZjYmVmN2Y3NC5qcGciXSxbInAiLCJlbmNvZGUiLCJqcGciLCItcXVhbGl0eSA4MCJdLFsicCIsInRodW1iIiwiNTkweDU5MFx1MDAzZSJdXQ?sha=1f6889cb2cbcd69e\" alt=\"\" \/><\/div>\n<\/div>\n","protected":false},"excerpt":{"rendered":"<p>Az\u0259rbaycan\u0131n xarici i\u015fl\u0259r naziri Ceyhun Bayramov n\u00f6vb\u0259d\u0259nk\u0259nar Az\u0259rbaycan Respublikas\u0131 Prezidenti se\u00e7kisinin m\u00fc\u015fahid\u0259si m\u0259qs\u0259dil\u0259 \u00f6lk\u0259mizd\u0259 s\u0259f\u0259rd\u0259 olan Braziliya Federal Senat\u0131nda Braziliya-Az\u0259rbaycan Dostluq Qrupunun r\u0259hb\u0259ri Senator Nelsinyo Trad\u0131n ba\u015f\u00e7\u0131l\u0131q etdiyi n\u00fcmay\u0259nd\u0259 hey\u0259tini q\u0259bul edib. Bu bar\u0259d\u0259\u00a0Xarici \u0130\u015fl\u0259r Nazirliyi (X\u0130N) m\u0259lumat yay\u0131b. Bildirilib ki, g\u00f6r\u00fc\u015f zaman\u0131 Az\u0259rbaycan v\u0259 Braziliya aras\u0131nda ikit\u0259r\u0259fli v\u0259 \u00e7oxt\u0259r\u0259fli \u0259m\u0259kda\u015fl\u0131\u011f\u0131n geni\u015fl\u0259ndirilm\u0259si perspektivl\u0259ri, artan siyasi t\u0259maslar v\u0259 ikit\u0259r\u0259fli m\u0259sl\u0259h\u0259tl\u0259\u015fm\u0259l\u0259r mexanizmi \u00fczr\u0259 planlar m\u00fczakir\u0259 olunub. Az\u0259rbaycan Respublikas\u0131 H\u00f6kum\u0259ti il\u0259 Braziliya Federativ Respublikas\u0131 H\u00f6kum\u0259ti aras\u0131nda Ticar\u0259t v\u0259 \u0130nvestisiya \u018fm\u0259kda\u015fl\u0131\u011f\u0131 \u00fczr\u0259 Birg\u0259 \u0130\u015f\u00e7i Qrupunun n\u00f6vb\u0259ti g\u00f6r\u00fc\u015f\u00fcn\u0259 haz\u0131rl\u0131\u011f\u0131n \u0259h\u0259miyy\u0259ti diqq\u0259t\u0259 \u00e7atd\u0131r\u0131l\u0131b. C.Bayramov m\u00fcst\u0259qillik tariximizd\u0259&hellip;<\/p>\n","protected":false},"author":2,"featured_media":688763,"comment_status":"closed","ping_status":"closed","sticky":false,"template":"","format":"standard","meta":{"om_disable_all_campaigns":false,"_monsterinsights_skip_tracking":false,"_monsterinsights_sitenote_active":false,"_monsterinsights_sitenote_note":"","_monsterinsights_sitenote_category":0},"categories":[4],"tags":[],"aioseo_notices":[],"gutentor_comment":0,"rttpg_featured_image_url":{"full":["https:\/\/arantv.az\/wp-content\/uploads\/2024\/02\/eb615ec1-a361-3002-b8d0-2c013bbbecee_850.jpg",620,413,false],"landscape":["https:\/\/arantv.az\/wp-content\/uploads\/2024\/02\/eb615ec1-a361-3002-b8d0-2c013bbbecee_850.jpg",620,413,false],"portraits":["https:\/\/arantv.az\/wp-content\/uploads\/2024\/02\/eb615ec1-a361-3002-b8d0-2c013bbbecee_850.jpg",620,413,false],"thumbnail":["https:\/\/arantv.az\/wp-content\/uploads\/2024\/02\/eb615ec1-a361-3002-b8d0-2c013bbbecee_850-500x280.jpg",500,280,true],"medium":["https:\/\/arantv.az\/wp-content\/uploads\/2024\/02\/eb615ec1-a361-3002-b8d0-2c013bbbecee_850-548x365.jpg",548,365,true],"large":["https:\/\/arantv.az\/wp-content\/uploads\/2024\/02\/eb615ec1-a361-3002-b8d0-2c013bbbecee_850.jpg",620,413,false],"1536x1536":["https:\/\/arantv.az\/wp-content\/uploads\/2024\/02\/eb615ec1-a361-3002-b8d0-2c013bbbecee_850.jpg",620,413,false],"2048x2048":["https:\/\/arantv.az\/wp-content\/uploads\/2024\/02\/eb615ec1-a361-3002-b8d0-2c013bbbecee_850.jpg",620,413,false],"post-thumbnail":["https:\/\/arantv.az\/wp-content\/uploads\/2024\/02\/eb615ec1-a361-3002-b8d0-2c013bbbecee_850-240x172.jpg",240,172,true],"advps-thumb-one":["https:\/\/arantv.az\/wp-content\/uploads\/2024\/02\/eb615ec1-a361-3002-b8d0-2c013bbbecee_850.jpg",620,413,false]},"rttpg_author":{"display_name":"V\u00fcsal Rafiqo\u011flu","author_link":"https:\/\/arantv.az\/?author=2"},"rttpg_comment":0,"rttpg_category":"<a href=\"https:\/\/arantv.az\/?cat=4\" rel=\"category\">Siyas\u0259t<\/a>","rttpg_excerpt":"Az\u0259rbaycan\u0131n xarici i\u015fl\u0259r naziri Ceyhun Bayramov n\u00f6vb\u0259d\u0259nk\u0259nar Az\u0259rbaycan Respublikas\u0131 Prezidenti se\u00e7kisinin m\u00fc\u015fahid\u0259si m\u0259qs\u0259dil\u0259 \u00f6lk\u0259mizd\u0259 s\u0259f\u0259rd\u0259 olan Braziliya Federal Senat\u0131nda Braziliya-Az\u0259rbaycan Dostluq Qrupunun r\u0259hb\u0259ri Senator Nelsinyo Trad\u0131n ba\u015f\u00e7\u0131l\u0131q etdiyi n\u00fcmay\u0259nd\u0259 hey\u0259tini q\u0259bul edib. Bu bar\u0259d\u0259\u00a0Xarici \u0130\u015fl\u0259r Nazirliyi (X\u0130N) m\u0259lumat yay\u0131b. Bildirilib ki, g\u00f6r\u00fc\u015f zaman\u0131 Az\u0259rbaycan v\u0259 Braziliya aras\u0131nda ikit\u0259r\u0259fli v\u0259 \u00e7oxt\u0259r\u0259fli \u0259m\u0259kda\u015fl\u0131\u011f\u0131n geni\u015fl\u0259ndirilm\u0259si perspektivl\u0259ri, artan siyasi&hellip;","_links":{"self":[{"href":"https:\/\/arantv.az\/index.php?rest_route=\/wp\/v2\/posts\/688762"}],"collection":[{"href":"https:\/\/arantv.az\/index.php?rest_route=\/wp\/v2\/posts"}],"about":[{"href":"https:\/\/arantv.az\/index.php?rest_route=\/wp\/v2\/types\/post"}],"author":[{"embeddable":true,"href":"https:\/\/arantv.az\/index.php?rest_route=\/wp\/v2\/users\/2"}],"replies":[{"embeddable":true,"href":"https:\/\/arantv.az\/index.php?rest_route=%2Fwp%2Fv2%2Fcomments&post=688762"}],"version-history":[{"count":0,"href":"https:\/\/arantv.az\/index.php?rest_route=\/wp\/v2\/posts\/688762\/revisions"}],"wp:featuredmedia":[{"embeddable":true,"href":"https:\/\/arantv.az\/index.php?rest_route=\/wp\/v2\/media\/688763"}],"wp:attachment":[{"href":"https:\/\/arantv.az\/index.php?rest_route=%2Fwp%2Fv2%2Fmedia&parent=688762"}],"wp:term":[{"taxonomy":"category","embeddable":true,"href":"https:\/\/arantv.az\/index.php?rest_route=%2Fwp%2Fv2%2Fcategories&post=688762"},{"taxonomy":"post_tag","embeddable":true,"href":"https:\/\/arantv.az\/index.php?rest_route=%2Fwp%2Fv2%2Ftags&post=688762"}],"curies":[{"name":"wp","href":"https:\/\/api.w.org\/{rel}","templated":true}]}}