{"id":688765,"date":"2024-02-08T20:11:36","date_gmt":"2024-02-08T16:11:36","guid":{"rendered":"https:\/\/arantv.az\/?p=688765"},"modified":"2024-02-08T20:11:36","modified_gmt":"2024-02-08T16:11:36","slug":"vladimir-putin-prezident-ilham-%c9%99liyev%c9%99-t%c9%99brik-m%c9%99ktubu-unvanlayib","status":"publish","type":"post","link":"https:\/\/arantv.az\/?p=688765","title":{"rendered":"Vladimir Putin Prezident \u0130lham \u018fliyev\u0259 t\u0259brik m\u0259ktubu \u00fcnvanlay\u0131b"},"content":{"rendered":"<p>Rusiya Prezidenti Vladimir Putin Az\u0259rbaycan Prezidenti\u00a0<strong>\u0130lham \u018fliyev\u0259<\/strong>\u00a0t\u0259brik m\u0259ktubu \u00fcnvanlay\u0131b.<\/p>\n<p><a href=\"https:\/\/azertag.az\/xeber\/rusiya_federasiyasinin_prezidenti_vladimir_putinden-2914990\" target=\"_blank\" rel=\"noopener\">AZ\u018fRTAC<\/a>\u00a0x\u0259b\u0259r verir ki, t\u0259brikd\u0259 deyilir:<\/p>\n<p>\u201cH\u00f6rm\u0259tli \u0130lham Heyd\u0259r o\u011flu.<\/p>\n<p>Az\u0259rbaycan Respublikas\u0131n\u0131n Prezidenti v\u0259zif\u0259sin\u0259 yenid\u0259n se\u00e7ilm\u0259yiniz m\u00fcnasib\u0259til\u0259 s\u0259mimi t\u0259brikl\u0259rimi q\u0259bul edin.<\/p>\n<p>S\u0259sverm\u0259nin n\u0259tic\u0259l\u0259ri Sizin y\u00fcks\u0259k siyasi n\u00fcfuzunuzu, Az\u0259rbaycan\u0131n s\u00fcr\u0259tli sosial-iqtisadi inki\u015faf\u0131 v\u0259 onun m\u00f6vqel\u0259rinin d\u00fcnya arenas\u0131nda m\u00f6hk\u0259ml\u0259ndirilm\u0259si \u00fczr\u0259 h\u0259yata ke\u00e7irdiyiniz kursa \u00fcmumxalq d\u0259st\u0259yini tam t\u0259sdiq edir.<\/p>\n<p>Bak\u0131 il\u0259 m\u00fctt\u0259fiqlik m\u00fcnasib\u0259tl\u0259rin\u0259 b\u00f6y\u00fck \u0259h\u0259miyy\u0259t veririk. \u018fmin\u0259m ki, b\u00fct\u00fcn sah\u0259l\u0259rd\u0259 s\u0259m\u0259r\u0259li ikit\u0259r\u0259fli \u0259m\u0259kda\u015fl\u0131\u011f\u0131n, beyn\u0259lxalq g\u00fcnd\u0259liyin aktual m\u0259s\u0259l\u0259l\u0259rinin h\u0259llind\u0259 t\u0259r\u0259fda\u015fl\u0131q qar\u015f\u0131l\u0131ql\u0131 \u0259laq\u0259l\u0259rinin geni\u015fl\u0259ndirilm\u0259si \u00fczr\u0259 f\u0259al birg\u0259 i\u015fi davam etdir\u0259c\u0259yik. \u015e\u00fcbh\u0259siz ki, bu i\u015f dost xalqlar\u0131m\u0131z\u0131n maraqlar\u0131na cavab verir, C\u0259nubi Qafqazda v\u0259 X\u0259z\u0259r regionunda sabitliyin, t\u0259hl\u00fck\u0259sizliyin g\u00fccl\u0259ndirilm\u0259si istiqam\u0259tind\u0259 gedir.<\/p>\n<p>H\u00f6rm\u0259tli \u0130lham Heyd\u0259r o\u011flu, d\u00f6vl\u0259t ba\u015f\u00e7\u0131s\u0131 v\u0259zif\u0259sind\u0259 m\u0259suliyy\u0259tli f\u0259aliyy\u0259tinizd\u0259 Siz\u0259 s\u0259mimi-q\u0259lbd\u0259n u\u011furlar, m\u00f6hk\u0259m cansa\u011fl\u0131\u011f\u0131 v\u0259 \u0259min-amanl\u0131q arzu edir\u0259m\u201d.<\/p>\n","protected":false},"excerpt":{"rendered":"<p>Rusiya Prezidenti Vladimir Putin Az\u0259rbaycan Prezidenti\u00a0\u0130lham \u018fliyev\u0259\u00a0t\u0259brik m\u0259ktubu \u00fcnvanlay\u0131b. AZ\u018fRTAC\u00a0x\u0259b\u0259r verir ki, t\u0259brikd\u0259 deyilir: \u201cH\u00f6rm\u0259tli \u0130lham Heyd\u0259r o\u011flu. Az\u0259rbaycan Respublikas\u0131n\u0131n Prezidenti v\u0259zif\u0259sin\u0259 yenid\u0259n se\u00e7ilm\u0259yiniz m\u00fcnasib\u0259til\u0259 s\u0259mimi t\u0259brikl\u0259rimi q\u0259bul edin. S\u0259sverm\u0259nin n\u0259tic\u0259l\u0259ri Sizin y\u00fcks\u0259k siyasi n\u00fcfuzunuzu, Az\u0259rbaycan\u0131n s\u00fcr\u0259tli sosial-iqtisadi inki\u015faf\u0131 v\u0259 onun m\u00f6vqel\u0259rinin d\u00fcnya arenas\u0131nda m\u00f6hk\u0259ml\u0259ndirilm\u0259si \u00fczr\u0259 h\u0259yata ke\u00e7irdiyiniz kursa \u00fcmumxalq d\u0259st\u0259yini tam t\u0259sdiq edir. Bak\u0131 il\u0259 m\u00fctt\u0259fiqlik m\u00fcnasib\u0259tl\u0259rin\u0259 b\u00f6y\u00fck \u0259h\u0259miyy\u0259t veririk. \u018fmin\u0259m ki, b\u00fct\u00fcn sah\u0259l\u0259rd\u0259 s\u0259m\u0259r\u0259li ikit\u0259r\u0259fli \u0259m\u0259kda\u015fl\u0131\u011f\u0131n, beyn\u0259lxalq g\u00fcnd\u0259liyin aktual m\u0259s\u0259l\u0259l\u0259rinin h\u0259llind\u0259 t\u0259r\u0259fda\u015fl\u0131q qar\u015f\u0131l\u0131ql\u0131 \u0259laq\u0259l\u0259rinin geni\u015fl\u0259ndirilm\u0259si \u00fczr\u0259 f\u0259al birg\u0259 i\u015fi davam etdir\u0259c\u0259yik. \u015e\u00fcbh\u0259siz ki, bu i\u015f dost xalqlar\u0131m\u0131z\u0131n maraqlar\u0131na&hellip;<\/p>\n","protected":false},"author":2,"featured_media":688766,"comment_status":"closed","ping_status":"closed","sticky":false,"template":"","format":"standard","meta":{"om_disable_all_campaigns":false,"_monsterinsights_skip_tracking":false,"_monsterinsights_sitenote_active":false,"_monsterinsights_sitenote_note":"","_monsterinsights_sitenote_category":0},"categories":[4],"tags":[],"aioseo_notices":[],"gutentor_comment":0,"rttpg_featured_image_url":{"full":["https:\/\/arantv.az\/wp-content\/uploads\/2024\/02\/49k420338v_01.jpg",620,413,false],"landscape":["https:\/\/arantv.az\/wp-content\/uploads\/2024\/02\/49k420338v_01.jpg",620,413,false],"portraits":["https:\/\/arantv.az\/wp-content\/uploads\/2024\/02\/49k420338v_01.jpg",620,413,false],"thumbnail":["https:\/\/arantv.az\/wp-content\/uploads\/2024\/02\/49k420338v_01-500x280.jpg",500,280,true],"medium":["https:\/\/arantv.az\/wp-content\/uploads\/2024\/02\/49k420338v_01-548x365.jpg",548,365,true],"large":["https:\/\/arantv.az\/wp-content\/uploads\/2024\/02\/49k420338v_01.jpg",620,413,false],"1536x1536":["https:\/\/arantv.az\/wp-content\/uploads\/2024\/02\/49k420338v_01.jpg",620,413,false],"2048x2048":["https:\/\/arantv.az\/wp-content\/uploads\/2024\/02\/49k420338v_01.jpg",620,413,false],"post-thumbnail":["https:\/\/arantv.az\/wp-content\/uploads\/2024\/02\/49k420338v_01-240x172.jpg",240,172,true],"advps-thumb-one":["https:\/\/arantv.az\/wp-content\/uploads\/2024\/02\/49k420338v_01.jpg",620,413,false]},"rttpg_author":{"display_name":"V\u00fcsal Rafiqo\u011flu","author_link":"https:\/\/arantv.az\/?author=2"},"rttpg_comment":0,"rttpg_category":"<a href=\"https:\/\/arantv.az\/?cat=4\" rel=\"category\">Siyas\u0259t<\/a>","rttpg_excerpt":"Rusiya Prezidenti Vladimir Putin Az\u0259rbaycan Prezidenti\u00a0\u0130lham \u018fliyev\u0259\u00a0t\u0259brik m\u0259ktubu \u00fcnvanlay\u0131b. AZ\u018fRTAC\u00a0x\u0259b\u0259r verir ki, t\u0259brikd\u0259 deyilir: \u201cH\u00f6rm\u0259tli \u0130lham Heyd\u0259r o\u011flu. Az\u0259rbaycan Respublikas\u0131n\u0131n Prezidenti v\u0259zif\u0259sin\u0259 yenid\u0259n se\u00e7ilm\u0259yiniz m\u00fcnasib\u0259til\u0259 s\u0259mimi t\u0259brikl\u0259rimi q\u0259bul edin. S\u0259sverm\u0259nin n\u0259tic\u0259l\u0259ri Sizin y\u00fcks\u0259k siyasi n\u00fcfuzunuzu, Az\u0259rbaycan\u0131n s\u00fcr\u0259tli sosial-iqtisadi inki\u015faf\u0131 v\u0259 onun m\u00f6vqel\u0259rinin d\u00fcnya arenas\u0131nda m\u00f6hk\u0259ml\u0259ndirilm\u0259si \u00fczr\u0259 h\u0259yata ke\u00e7irdiyiniz kursa \u00fcmumxalq d\u0259st\u0259yini tam t\u0259sdiq edir. Bak\u0131&hellip;","_links":{"self":[{"href":"https:\/\/arantv.az\/index.php?rest_route=\/wp\/v2\/posts\/688765"}],"collection":[{"href":"https:\/\/arantv.az\/index.php?rest_route=\/wp\/v2\/posts"}],"about":[{"href":"https:\/\/arantv.az\/index.php?rest_route=\/wp\/v2\/types\/post"}],"author":[{"embeddable":true,"href":"https:\/\/arantv.az\/index.php?rest_route=\/wp\/v2\/users\/2"}],"replies":[{"embeddable":true,"href":"https:\/\/arantv.az\/index.php?rest_route=%2Fwp%2Fv2%2Fcomments&post=688765"}],"version-history":[{"count":0,"href":"https:\/\/arantv.az\/index.php?rest_route=\/wp\/v2\/posts\/688765\/revisions"}],"wp:featuredmedia":[{"embeddable":true,"href":"https:\/\/arantv.az\/index.php?rest_route=\/wp\/v2\/media\/688766"}],"wp:attachment":[{"href":"https:\/\/arantv.az\/index.php?rest_route=%2Fwp%2Fv2%2Fmedia&parent=688765"}],"wp:term":[{"taxonomy":"category","embeddable":true,"href":"https:\/\/arantv.az\/index.php?rest_route=%2Fwp%2Fv2%2Fcategories&post=688765"},{"taxonomy":"post_tag","embeddable":true,"href":"https:\/\/arantv.az\/index.php?rest_route=%2Fwp%2Fv2%2Ftags&post=688765"}],"curies":[{"name":"wp","href":"https:\/\/api.w.org\/{rel}","templated":true}]}}