{"id":688768,"date":"2024-02-08T20:12:42","date_gmt":"2024-02-08T16:12:42","guid":{"rendered":"https:\/\/arantv.az\/?p=688768"},"modified":"2024-02-08T20:12:42","modified_gmt":"2024-02-08T16:12:42","slug":"xocalinin-bu-k%c9%99ndi-yenid%c9%99n-qurulur-video","status":"publish","type":"post","link":"https:\/\/arantv.az\/?p=688768","title":{"rendered":"Xocal\u0131n\u0131n bu k\u0259ndi yenid\u0259n qurulur &#8211; V\u0130DEO"},"content":{"rendered":"<div id=\"mvp-content-main\" class=\"left relative\">\n<p><strong>Xocal\u0131 rayonunun Mal\u0131b\u0259yli k\u0259ndi yenid\u0259n qurulur.<\/strong><\/p>\n<p>Bu\u00a0bar\u0259d\u0259 &#8220;AzTV X\u0259b\u0259r\u201din Xocal\u0131ya ezam olunmu\u015f \u0259m\u0259kda\u015f\u0131 birba\u015fa ba\u011flant\u0131da m\u0259lumat verib.<\/p>\n<p>Qeyd edilib ki, \u00f6t\u0259n ilin sentyabr ay\u0131nda Az\u0259rbaycan Ordusu t\u0259r\u0259find\u0259n h\u0259yata ke\u00e7irilmi\u015f lokal anti-terror \u0259m\u0259liyyatlar\u0131 zaman\u0131 Az\u0259rbaycan\u0131n n\u0259zar\u0259tin\u0259 ke\u00e7\u0259n Mal\u0131b\u0259yli k\u0259ndind\u0259 qaz, i\u015f\u0131q v\u0259 su x\u0259tl\u0259ri \u00e7\u0259kilir.<\/p>\n<p>Plana uy\u011fun olaraq k\u0259ndd\u0259 evl\u0259r in\u015fa edilir v\u0259 bu il sakinl\u0259rin k\u0259nd\u0259 k\u00f6\u00e7\u00fc n\u0259z\u0259rd\u0259 tutulub.<\/p>\n<p><iframe title=\"Xocal\u0131n\u0131n bu k\u0259ndi yenid\u0259n qurulur - M\u00d6HT\u018f\u015e\u018fM G\u00d6R\u00dcNT\u00dcL\u018fR\" src=\"https:\/\/www.youtube.com\/embed\/acKzIOK1fbM\" frameborder=\"0\" allowfullscreen=\"allowfullscreen\" data-mce-fragment=\"1\"><\/iframe><\/p>\n<\/div>\n<div id=\"mvp-content-bot\" class=\"left\"><\/div>\n","protected":false},"excerpt":{"rendered":"<p>Xocal\u0131 rayonunun Mal\u0131b\u0259yli k\u0259ndi yenid\u0259n qurulur. Bu\u00a0bar\u0259d\u0259 &#8220;AzTV X\u0259b\u0259r\u201din Xocal\u0131ya ezam olunmu\u015f \u0259m\u0259kda\u015f\u0131 birba\u015fa ba\u011flant\u0131da m\u0259lumat verib. Qeyd edilib ki, \u00f6t\u0259n ilin sentyabr ay\u0131nda Az\u0259rbaycan Ordusu t\u0259r\u0259find\u0259n h\u0259yata ke\u00e7irilmi\u015f lokal anti-terror \u0259m\u0259liyyatlar\u0131 zaman\u0131 Az\u0259rbaycan\u0131n n\u0259zar\u0259tin\u0259 ke\u00e7\u0259n Mal\u0131b\u0259yli k\u0259ndind\u0259 qaz, i\u015f\u0131q v\u0259 su x\u0259tl\u0259ri \u00e7\u0259kilir. Plana uy\u011fun olaraq k\u0259ndd\u0259 evl\u0259r in\u015fa edilir v\u0259 bu il sakinl\u0259rin k\u0259nd\u0259 k\u00f6\u00e7\u00fc n\u0259z\u0259rd\u0259 tutulub.<\/p>\n","protected":false},"author":2,"featured_media":688769,"comment_status":"closed","ping_status":"closed","sticky":false,"template":"","format":"standard","meta":{"om_disable_all_campaigns":false,"_monsterinsights_skip_tracking":false,"_monsterinsights_sitenote_active":false,"_monsterinsights_sitenote_note":"","_monsterinsights_sitenote_category":0},"categories":[1],"tags":[],"aioseo_notices":[],"gutentor_comment":0,"rttpg_featured_image_url":{"full":["https:\/\/arantv.az\/wp-content\/uploads\/2024\/02\/37c9144895f08b10f4e3aae98b070b91.jpg",800,450,false],"landscape":["https:\/\/arantv.az\/wp-content\/uploads\/2024\/02\/37c9144895f08b10f4e3aae98b070b91.jpg",800,450,false],"portraits":["https:\/\/arantv.az\/wp-content\/uploads\/2024\/02\/37c9144895f08b10f4e3aae98b070b91.jpg",800,450,false],"thumbnail":["https:\/\/arantv.az\/wp-content\/uploads\/2024\/02\/37c9144895f08b10f4e3aae98b070b91-500x280.jpg",500,280,true],"medium":["https:\/\/arantv.az\/wp-content\/uploads\/2024\/02\/37c9144895f08b10f4e3aae98b070b91-649x365.jpg",649,365,true],"large":["https:\/\/arantv.az\/wp-content\/uploads\/2024\/02\/37c9144895f08b10f4e3aae98b070b91.jpg",640,360,false],"1536x1536":["https:\/\/arantv.az\/wp-content\/uploads\/2024\/02\/37c9144895f08b10f4e3aae98b070b91.jpg",800,450,false],"2048x2048":["https:\/\/arantv.az\/wp-content\/uploads\/2024\/02\/37c9144895f08b10f4e3aae98b070b91.jpg",800,450,false],"post-thumbnail":["https:\/\/arantv.az\/wp-content\/uploads\/2024\/02\/37c9144895f08b10f4e3aae98b070b91-240x172.jpg",240,172,true],"advps-thumb-one":["https:\/\/arantv.az\/wp-content\/uploads\/2024\/02\/37c9144895f08b10f4e3aae98b070b91.jpg",800,450,false]},"rttpg_author":{"display_name":"V\u00fcsal Rafiqo\u011flu","author_link":"https:\/\/arantv.az\/?author=2"},"rttpg_comment":0,"rttpg_category":"<a href=\"https:\/\/arantv.az\/?cat=1\" rel=\"category\">C\u0259miyy\u0259t<\/a>","rttpg_excerpt":"Xocal\u0131 rayonunun Mal\u0131b\u0259yli k\u0259ndi yenid\u0259n qurulur. Bu\u00a0bar\u0259d\u0259 &#8220;AzTV X\u0259b\u0259r\u201din Xocal\u0131ya ezam olunmu\u015f \u0259m\u0259kda\u015f\u0131 birba\u015fa ba\u011flant\u0131da m\u0259lumat verib. Qeyd edilib ki, \u00f6t\u0259n ilin sentyabr ay\u0131nda Az\u0259rbaycan Ordusu t\u0259r\u0259find\u0259n h\u0259yata ke\u00e7irilmi\u015f lokal anti-terror \u0259m\u0259liyyatlar\u0131 zaman\u0131 Az\u0259rbaycan\u0131n n\u0259zar\u0259tin\u0259 ke\u00e7\u0259n Mal\u0131b\u0259yli k\u0259ndind\u0259 qaz, i\u015f\u0131q v\u0259 su x\u0259tl\u0259ri \u00e7\u0259kilir. Plana uy\u011fun olaraq k\u0259ndd\u0259 evl\u0259r in\u015fa edilir v\u0259 bu il sakinl\u0259rin&hellip;","_links":{"self":[{"href":"https:\/\/arantv.az\/index.php?rest_route=\/wp\/v2\/posts\/688768"}],"collection":[{"href":"https:\/\/arantv.az\/index.php?rest_route=\/wp\/v2\/posts"}],"about":[{"href":"https:\/\/arantv.az\/index.php?rest_route=\/wp\/v2\/types\/post"}],"author":[{"embeddable":true,"href":"https:\/\/arantv.az\/index.php?rest_route=\/wp\/v2\/users\/2"}],"replies":[{"embeddable":true,"href":"https:\/\/arantv.az\/index.php?rest_route=%2Fwp%2Fv2%2Fcomments&post=688768"}],"version-history":[{"count":0,"href":"https:\/\/arantv.az\/index.php?rest_route=\/wp\/v2\/posts\/688768\/revisions"}],"wp:featuredmedia":[{"embeddable":true,"href":"https:\/\/arantv.az\/index.php?rest_route=\/wp\/v2\/media\/688769"}],"wp:attachment":[{"href":"https:\/\/arantv.az\/index.php?rest_route=%2Fwp%2Fv2%2Fmedia&parent=688768"}],"wp:term":[{"taxonomy":"category","embeddable":true,"href":"https:\/\/arantv.az\/index.php?rest_route=%2Fwp%2Fv2%2Fcategories&post=688768"},{"taxonomy":"post_tag","embeddable":true,"href":"https:\/\/arantv.az\/index.php?rest_route=%2Fwp%2Fv2%2Ftags&post=688768"}],"curies":[{"name":"wp","href":"https:\/\/api.w.org\/{rel}","templated":true}]}}