{"id":688816,"date":"2024-02-09T08:13:42","date_gmt":"2024-02-09T04:13:42","guid":{"rendered":"https:\/\/arantv.az\/?p=688816"},"modified":"2024-02-09T08:13:42","modified_gmt":"2024-02-09T04:13:42","slug":"az%c9%99rbaycan-ucun-yeni-m%c9%99rh%c9%99l%c9%99-baslayir-video","status":"publish","type":"post","link":"https:\/\/arantv.az\/?p=688816","title":{"rendered":"Az\u0259rbaycan \u00fc\u00e7\u00fcn yeni m\u0259rh\u0259l\u0259 ba\u015flay\u0131r &#8211; V\u0130DEO"},"content":{"rendered":"<article class=\"news\">\n<div class=\"news-inner\">\n<p>\u201cArt\u0131q yeni d\u00f6vr ba\u015flay\u0131r. Yeni d\u00f6vr mahiyy\u0259tc\u0259 yaln\u0131z Az\u0259rbaycan\u0131n \u0259razi b\u00fct\u00f6vl\u00fcy\u00fcn\u00fcn b\u0259rq\u0259rar olunmas\u0131, s\u0259rh\u0259d b\u00fct\u00f6vl\u00fcy\u00fcn\u00fcn b\u0259rpa olunmas\u0131 deyil. Bu, h\u0259m d\u0259 iqtisadiyyatda, siyas\u0259td\u0259, sosial h\u0259yatda yeni bir h\u0259yat\u0131n ba\u015flanmas\u0131 dem\u0259kdir\u201d.<\/p>\n<p>Bunu Baku TV-y\u0259 a\u00e7\u0131qlamas\u0131nda mill\u0259t v\u0259kili B\u0259hruz M\u0259h\u0259rr\u0259mov deyib.<\/p>\n<p>\u201cXalq\u0131m\u0131z\u00a0Prezident\u00a0<strong>\u0130lham \u018fliyev\u0259<\/strong>\u00a0s\u0259s verm\u0259kl\u0259 Az\u0259rbaycan\u0131 bu g\u00fcn\u0259 q\u0259d\u0259r u\u011furla da\u015f\u0131yan siyasi kursun\u00a0davaml\u0131l\u0131\u011f\u0131n\u0131n t\u0259minat\u0131na s\u0259s verdi\u201d, &#8211; dey\u0259 deputat vur\u011fulay\u0131b.<\/p>\n<p>\u018ftrafl\u0131 s\u00fcjetd\u0259:<\/p>\n<div><iframe loading=\"lazy\" title=\"YouTube video player\" src=\"https:\/\/www.youtube.com\/embed\/PpIHj78SGL8?si=fK0Cw0rjvbTMjFC9\" width=\"560\" height=\"315\" frameborder=\"0\" allowfullscreen=\"allowfullscreen\" data-mce-fragment=\"1\"><\/iframe><\/div>\n<\/div>\n<\/article>\n","protected":false},"excerpt":{"rendered":"<p>\u201cArt\u0131q yeni d\u00f6vr ba\u015flay\u0131r. Yeni d\u00f6vr mahiyy\u0259tc\u0259 yaln\u0131z Az\u0259rbaycan\u0131n \u0259razi b\u00fct\u00f6vl\u00fcy\u00fcn\u00fcn b\u0259rq\u0259rar olunmas\u0131, s\u0259rh\u0259d b\u00fct\u00f6vl\u00fcy\u00fcn\u00fcn b\u0259rpa olunmas\u0131 deyil. Bu, h\u0259m d\u0259 iqtisadiyyatda, siyas\u0259td\u0259, sosial h\u0259yatda yeni bir h\u0259yat\u0131n ba\u015flanmas\u0131 dem\u0259kdir\u201d. Bunu Baku TV-y\u0259 a\u00e7\u0131qlamas\u0131nda mill\u0259t v\u0259kili B\u0259hruz M\u0259h\u0259rr\u0259mov deyib. \u201cXalq\u0131m\u0131z\u00a0Prezident\u00a0\u0130lham \u018fliyev\u0259\u00a0s\u0259s verm\u0259kl\u0259 Az\u0259rbaycan\u0131 bu g\u00fcn\u0259 q\u0259d\u0259r u\u011furla da\u015f\u0131yan siyasi kursun\u00a0davaml\u0131l\u0131\u011f\u0131n\u0131n t\u0259minat\u0131na s\u0259s verdi\u201d, &#8211; dey\u0259 deputat vur\u011fulay\u0131b. \u018ftrafl\u0131 s\u00fcjetd\u0259:<\/p>\n","protected":false},"author":2,"featured_media":688817,"comment_status":"closed","ping_status":"closed","sticky":false,"template":"","format":"standard","meta":{"om_disable_all_campaigns":false,"_monsterinsights_skip_tracking":false,"_monsterinsights_sitenote_active":false,"_monsterinsights_sitenote_note":"","_monsterinsights_sitenote_category":0},"categories":[4],"tags":[],"aioseo_notices":[],"gutentor_comment":0,"rttpg_featured_image_url":{"full":["https:\/\/arantv.az\/wp-content\/uploads\/2024\/02\/FotoJet-16-5.jpg",620,413,false],"landscape":["https:\/\/arantv.az\/wp-content\/uploads\/2024\/02\/FotoJet-16-5.jpg",620,413,false],"portraits":["https:\/\/arantv.az\/wp-content\/uploads\/2024\/02\/FotoJet-16-5.jpg",620,413,false],"thumbnail":["https:\/\/arantv.az\/wp-content\/uploads\/2024\/02\/FotoJet-16-5-500x280.jpg",500,280,true],"medium":["https:\/\/arantv.az\/wp-content\/uploads\/2024\/02\/FotoJet-16-5-548x365.jpg",548,365,true],"large":["https:\/\/arantv.az\/wp-content\/uploads\/2024\/02\/FotoJet-16-5.jpg",620,413,false],"1536x1536":["https:\/\/arantv.az\/wp-content\/uploads\/2024\/02\/FotoJet-16-5.jpg",620,413,false],"2048x2048":["https:\/\/arantv.az\/wp-content\/uploads\/2024\/02\/FotoJet-16-5.jpg",620,413,false],"post-thumbnail":["https:\/\/arantv.az\/wp-content\/uploads\/2024\/02\/FotoJet-16-5-240x172.jpg",240,172,true],"advps-thumb-one":["https:\/\/arantv.az\/wp-content\/uploads\/2024\/02\/FotoJet-16-5.jpg",620,413,false]},"rttpg_author":{"display_name":"V\u00fcsal Rafiqo\u011flu","author_link":"https:\/\/arantv.az\/?author=2"},"rttpg_comment":0,"rttpg_category":"<a href=\"https:\/\/arantv.az\/?cat=4\" rel=\"category\">Siyas\u0259t<\/a>","rttpg_excerpt":"\u201cArt\u0131q yeni d\u00f6vr ba\u015flay\u0131r. Yeni d\u00f6vr mahiyy\u0259tc\u0259 yaln\u0131z Az\u0259rbaycan\u0131n \u0259razi b\u00fct\u00f6vl\u00fcy\u00fcn\u00fcn b\u0259rq\u0259rar olunmas\u0131, s\u0259rh\u0259d b\u00fct\u00f6vl\u00fcy\u00fcn\u00fcn b\u0259rpa olunmas\u0131 deyil. Bu, h\u0259m d\u0259 iqtisadiyyatda, siyas\u0259td\u0259, sosial h\u0259yatda yeni bir h\u0259yat\u0131n ba\u015flanmas\u0131 dem\u0259kdir\u201d. Bunu Baku TV-y\u0259 a\u00e7\u0131qlamas\u0131nda mill\u0259t v\u0259kili B\u0259hruz M\u0259h\u0259rr\u0259mov deyib. \u201cXalq\u0131m\u0131z\u00a0Prezident\u00a0\u0130lham \u018fliyev\u0259\u00a0s\u0259s verm\u0259kl\u0259 Az\u0259rbaycan\u0131 bu g\u00fcn\u0259 q\u0259d\u0259r u\u011furla da\u015f\u0131yan siyasi kursun\u00a0davaml\u0131l\u0131\u011f\u0131n\u0131n t\u0259minat\u0131na s\u0259s verdi\u201d, &#8211; dey\u0259&hellip;","_links":{"self":[{"href":"https:\/\/arantv.az\/index.php?rest_route=\/wp\/v2\/posts\/688816"}],"collection":[{"href":"https:\/\/arantv.az\/index.php?rest_route=\/wp\/v2\/posts"}],"about":[{"href":"https:\/\/arantv.az\/index.php?rest_route=\/wp\/v2\/types\/post"}],"author":[{"embeddable":true,"href":"https:\/\/arantv.az\/index.php?rest_route=\/wp\/v2\/users\/2"}],"replies":[{"embeddable":true,"href":"https:\/\/arantv.az\/index.php?rest_route=%2Fwp%2Fv2%2Fcomments&post=688816"}],"version-history":[{"count":0,"href":"https:\/\/arantv.az\/index.php?rest_route=\/wp\/v2\/posts\/688816\/revisions"}],"wp:featuredmedia":[{"embeddable":true,"href":"https:\/\/arantv.az\/index.php?rest_route=\/wp\/v2\/media\/688817"}],"wp:attachment":[{"href":"https:\/\/arantv.az\/index.php?rest_route=%2Fwp%2Fv2%2Fmedia&parent=688816"}],"wp:term":[{"taxonomy":"category","embeddable":true,"href":"https:\/\/arantv.az\/index.php?rest_route=%2Fwp%2Fv2%2Fcategories&post=688816"},{"taxonomy":"post_tag","embeddable":true,"href":"https:\/\/arantv.az\/index.php?rest_route=%2Fwp%2Fv2%2Ftags&post=688816"}],"curies":[{"name":"wp","href":"https:\/\/api.w.org\/{rel}","templated":true}]}}