{"id":688823,"date":"2024-02-09T08:15:01","date_gmt":"2024-02-09T04:15:01","guid":{"rendered":"https:\/\/arantv.az\/?p=688823"},"modified":"2024-02-09T08:15:01","modified_gmt":"2024-02-09T04:15:01","slug":"yenid%c9%99n-qurulan-xocalinin-malib%c9%99yli-k%c9%99ndind%c9%99n-reportaj-video","status":"publish","type":"post","link":"https:\/\/arantv.az\/?p=688823","title":{"rendered":"Yenid\u0259n qurulan Xocal\u0131n\u0131n Mal\u0131b\u0259yli k\u0259ndind\u0259n REPORTAJ &#8211; V\u0130DEO"},"content":{"rendered":"<article class=\"news\">\n<div class=\"news-inner\">\n<p>Xocal\u0131 rayonunun Mal\u0131b\u0259yli k\u0259ndi yenid\u0259n qurulur.<\/p>\n<p>\u201cAzTV X\u0259b\u0259r\u201d s\u00f6z\u00fcged\u0259n k\u0259ndd\u0259n reportaj\u00a0haz\u0131rlay\u0131b.<\/p>\n<p>Qeyd edilib ki, \u00f6t\u0259n ilin sentyabr ay\u0131nda Az\u0259rbaycan Ordusu t\u0259r\u0259find\u0259n h\u0259yata ke\u00e7irilmi\u015f lokal antiterror \u0259m\u0259liyyatlar\u0131 zaman\u0131 Az\u0259rbaycan\u0131n n\u0259zar\u0259tin\u0259 ke\u00e7\u0259n Mal\u0131b\u0259yli k\u0259ndind\u0259 qaz, i\u015f\u0131q v\u0259 su x\u0259tl\u0259ri \u00e7\u0259kilir.<\/p>\n<p>Plana uy\u011fun olaraq k\u0259ndd\u0259 evl\u0259r in\u015fa edilir v\u0259 bu il sakinl\u0259rin k\u0259nd\u0259 k\u00f6\u00e7\u00fc n\u0259z\u0259rd\u0259 tutulub.<\/p>\n<p>\u018ftrafl\u0131 s\u00fcjetd\u0259:<\/p>\n<div><iframe loading=\"lazy\" title=\"YouTube video player\" src=\"https:\/\/www.youtube.com\/embed\/acKzIOK1fbM?si=2kruqDU5LyCYK5qW\" width=\"560\" height=\"315\" frameborder=\"0\" allowfullscreen=\"allowfullscreen\" data-mce-fragment=\"1\"><\/iframe><\/div>\n<\/div>\n<\/article>\n","protected":false},"excerpt":{"rendered":"<p>Xocal\u0131 rayonunun Mal\u0131b\u0259yli k\u0259ndi yenid\u0259n qurulur. \u201cAzTV X\u0259b\u0259r\u201d s\u00f6z\u00fcged\u0259n k\u0259ndd\u0259n reportaj\u00a0haz\u0131rlay\u0131b. Qeyd edilib ki, \u00f6t\u0259n ilin sentyabr ay\u0131nda Az\u0259rbaycan Ordusu t\u0259r\u0259find\u0259n h\u0259yata ke\u00e7irilmi\u015f lokal antiterror \u0259m\u0259liyyatlar\u0131 zaman\u0131 Az\u0259rbaycan\u0131n n\u0259zar\u0259tin\u0259 ke\u00e7\u0259n Mal\u0131b\u0259yli k\u0259ndind\u0259 qaz, i\u015f\u0131q v\u0259 su x\u0259tl\u0259ri \u00e7\u0259kilir. Plana uy\u011fun olaraq k\u0259ndd\u0259 evl\u0259r in\u015fa edilir v\u0259 bu il sakinl\u0259rin k\u0259nd\u0259 k\u00f6\u00e7\u00fc n\u0259z\u0259rd\u0259 tutulub. \u018ftrafl\u0131 s\u00fcjetd\u0259:<\/p>\n","protected":false},"author":2,"featured_media":688824,"comment_status":"closed","ping_status":"closed","sticky":false,"template":"","format":"standard","meta":{"om_disable_all_campaigns":false,"_monsterinsights_skip_tracking":false,"_monsterinsights_sitenote_active":false,"_monsterinsights_sitenote_note":"","_monsterinsights_sitenote_category":0},"categories":[1],"tags":[],"aioseo_notices":[],"gutentor_comment":0,"rttpg_featured_image_url":{"full":["https:\/\/arantv.az\/wp-content\/uploads\/2024\/02\/FotoJet-12-3.jpg",620,413,false],"landscape":["https:\/\/arantv.az\/wp-content\/uploads\/2024\/02\/FotoJet-12-3.jpg",620,413,false],"portraits":["https:\/\/arantv.az\/wp-content\/uploads\/2024\/02\/FotoJet-12-3.jpg",620,413,false],"thumbnail":["https:\/\/arantv.az\/wp-content\/uploads\/2024\/02\/FotoJet-12-3-500x280.jpg",500,280,true],"medium":["https:\/\/arantv.az\/wp-content\/uploads\/2024\/02\/FotoJet-12-3-548x365.jpg",548,365,true],"large":["https:\/\/arantv.az\/wp-content\/uploads\/2024\/02\/FotoJet-12-3.jpg",620,413,false],"1536x1536":["https:\/\/arantv.az\/wp-content\/uploads\/2024\/02\/FotoJet-12-3.jpg",620,413,false],"2048x2048":["https:\/\/arantv.az\/wp-content\/uploads\/2024\/02\/FotoJet-12-3.jpg",620,413,false],"post-thumbnail":["https:\/\/arantv.az\/wp-content\/uploads\/2024\/02\/FotoJet-12-3-240x172.jpg",240,172,true],"advps-thumb-one":["https:\/\/arantv.az\/wp-content\/uploads\/2024\/02\/FotoJet-12-3.jpg",620,413,false]},"rttpg_author":{"display_name":"V\u00fcsal Rafiqo\u011flu","author_link":"https:\/\/arantv.az\/?author=2"},"rttpg_comment":0,"rttpg_category":"<a href=\"https:\/\/arantv.az\/?cat=1\" rel=\"category\">C\u0259miyy\u0259t<\/a>","rttpg_excerpt":"Xocal\u0131 rayonunun Mal\u0131b\u0259yli k\u0259ndi yenid\u0259n qurulur. \u201cAzTV X\u0259b\u0259r\u201d s\u00f6z\u00fcged\u0259n k\u0259ndd\u0259n reportaj\u00a0haz\u0131rlay\u0131b. Qeyd edilib ki, \u00f6t\u0259n ilin sentyabr ay\u0131nda Az\u0259rbaycan Ordusu t\u0259r\u0259find\u0259n h\u0259yata ke\u00e7irilmi\u015f lokal antiterror \u0259m\u0259liyyatlar\u0131 zaman\u0131 Az\u0259rbaycan\u0131n n\u0259zar\u0259tin\u0259 ke\u00e7\u0259n Mal\u0131b\u0259yli k\u0259ndind\u0259 qaz, i\u015f\u0131q v\u0259 su x\u0259tl\u0259ri \u00e7\u0259kilir. Plana uy\u011fun olaraq k\u0259ndd\u0259 evl\u0259r in\u015fa edilir v\u0259 bu il sakinl\u0259rin k\u0259nd\u0259 k\u00f6\u00e7\u00fc n\u0259z\u0259rd\u0259 tutulub. \u018ftrafl\u0131 s\u00fcjetd\u0259:","_links":{"self":[{"href":"https:\/\/arantv.az\/index.php?rest_route=\/wp\/v2\/posts\/688823"}],"collection":[{"href":"https:\/\/arantv.az\/index.php?rest_route=\/wp\/v2\/posts"}],"about":[{"href":"https:\/\/arantv.az\/index.php?rest_route=\/wp\/v2\/types\/post"}],"author":[{"embeddable":true,"href":"https:\/\/arantv.az\/index.php?rest_route=\/wp\/v2\/users\/2"}],"replies":[{"embeddable":true,"href":"https:\/\/arantv.az\/index.php?rest_route=%2Fwp%2Fv2%2Fcomments&post=688823"}],"version-history":[{"count":0,"href":"https:\/\/arantv.az\/index.php?rest_route=\/wp\/v2\/posts\/688823\/revisions"}],"wp:featuredmedia":[{"embeddable":true,"href":"https:\/\/arantv.az\/index.php?rest_route=\/wp\/v2\/media\/688824"}],"wp:attachment":[{"href":"https:\/\/arantv.az\/index.php?rest_route=%2Fwp%2Fv2%2Fmedia&parent=688823"}],"wp:term":[{"taxonomy":"category","embeddable":true,"href":"https:\/\/arantv.az\/index.php?rest_route=%2Fwp%2Fv2%2Fcategories&post=688823"},{"taxonomy":"post_tag","embeddable":true,"href":"https:\/\/arantv.az\/index.php?rest_route=%2Fwp%2Fv2%2Ftags&post=688823"}],"curies":[{"name":"wp","href":"https:\/\/api.w.org\/{rel}","templated":true}]}}