{"id":688833,"date":"2024-02-09T08:26:50","date_gmt":"2024-02-09T04:26:50","guid":{"rendered":"https:\/\/arantv.az\/?p=688833"},"modified":"2024-02-09T08:26:50","modified_gmt":"2024-02-09T04:26:50","slug":"7-nar-cubugunu-qirmaqdan-da-c%c9%99tin","status":"publish","type":"post","link":"https:\/\/arantv.az\/?p=688833","title":{"rendered":"\u201c7 nar \u00e7ubu\u011funu q\u0131rmaqdan\u201d da \u00e7\u0259tin&#8230;"},"content":{"rendered":"<h3><strong><em>B\u0259zi \u0259bl\u0259hl\u0259r d\u00fc\u015f\u00fcn\u00fcr ki, Az\u0259rbaycan prezidenti olma\u011fa n\u0259 var ki, onlar da \u00f6lk\u0259ni idar\u0259 ed\u0259 bil\u0259rl\u0259r-Bunun m\u0259suliyy\u0259ti \u00e7ox a\u011f\u0131rd\u0131r v\u0259 \u0130lham \u018fliyev bu y\u00fck\u00fcn alt\u0131na gir\u0259 bil\u0259c\u0259k yegan\u0259 liderdir<\/em><\/strong><\/h3>\n<p>Prezident se\u00e7kisinin n\u0259tic\u0259l\u0259rini \u201ctan\u0131mayan\u201d partiyalar\u0131n m\u00f6vqeyi c\u0259miyy\u0259t \u00fc\u00e7\u00fcn t\u0259siredici deyil, h\u0259tta m\u0259nas\u0131zd\u0131r, he\u00e7 \u00f6zl\u0259ri \u00fc\u00e7\u00fcn d\u0259 \u00e7\u0259tin ki, t\u0259skinlik olsun, amma g\u00f6rd\u00fcl\u0259r ham\u0131 n\u0259s\u0259 deyir, onlar da bel\u0259 b\u0259yanat verdil\u0259r. Bir ne\u00e7\u0259 beyn\u0259lxalq t\u0259\u015fkilat\u0131n se\u00e7ki il\u0259 ba\u011fl\u0131 hesabat\u0131 se\u00e7kiy\u0259 qo\u015fulmayanlar kimi diqq\u0259td\u0259n k\u0259narda qoymaq olmaz, \u0259n az\u0131 o s\u0259b\u0259bd\u0259n ki, onlar se\u00e7ki prosesini izl\u0259m\u0259y\u0259 \u00e7al\u0131\u015f\u0131blar. B\u0259zi t\u0259nqidl\u0259r d\u0259 raz\u0131la\u015fmaq olar, se\u00e7ki geni\u015f \u0259hat\u0259li prosesdir, bir g\u00fcnd\u0259 5 milyon adam evind\u0259n \u00e7\u0131x\u0131b se\u00e7ki m\u0259nt\u0259q\u0259l\u0259rin\u0259 gedir, ham\u0131n\u0131n a\u011fl\u0131, ham\u0131n\u0131n v\u0259t\u0259nda\u015f m\u0259suliyy\u0259ti eyni s\u0259viyy\u0259d\u0259 deyil. AT\u018fT-in hesabat\u0131nda \u0259n ciddi t\u0259nqid se\u00e7kinin r\u0259qab\u0259tsiz m\u00fchitind\u0259 apar\u0131ld\u0131\u011f\u0131 haqdad\u0131r.<\/p>\n<p><img loading=\"lazy\" src=\"https:\/\/cdn.musavat.com\/news\/thumbnails\/02bd6b8557d6bd05b476fdf24143dc1d.jpg\" alt=\"lacin-secki.jpg (70 KB)\" width=\"600\" height=\"348\" \/><\/p>\n<p>\u018fg\u0259r iqtidar m\u0259s\u0259l\u0259n, m\u00fcxalif partiya liderl\u0259rinin se\u00e7kiy\u0259 qo\u015fulmas\u0131n\u0131 \u0259ng\u0259ll\u0259s\u0259ydi, qeydiyyat problemi v\u0259 sair\u0259 yaratsayd\u0131, bu t\u0259nqidl\u0259r\u0259 \u201ceyvallah\u201d da dem\u0259k olard\u0131. Amma m\u00fcxalif\u0259t se\u00e7kiy\u0259 \u0259n m\u00fcxat\u0259lif b\u0259han\u0259l\u0259rl\u0259 qo\u015fulmursa, iqtidar bu r\u0259qab\u0259t m\u00fchitini nec\u0259 yarats\u0131n? \u0130kincisi, siyasi opponentl\u0259ri \u0130lham \u018fliyevin reytinqinin alt\u0131nda qal\u0131rlarsa, o r\u0259qab\u0259t m\u00fchitini nec\u0259 yaratmaq olar, bunun haz\u0131r resepti varm\u0131? S\u0259sl\u0259rin say\u0131lmas\u0131ndak\u0131 x\u0131rda probleml\u0259r\u0259 g\u0259linc\u0259, s\u0259sl\u0259ri sayan da insanlard\u0131r, robort deyil. Amerikad\u0131 son iki prezident se\u00e7kisind\u0259 s\u0259sl\u0259rin say\u0131lmas\u0131 il\u0259 ba\u011fl\u0131 probleml\u0259ri yada sal\u0131n, h\u0259l\u0259 d\u0259 Tramp deyir ki, s\u0259sl\u0259rini filan \u015ftatda o\u011furlay\u0131blar, n\u0259tic\u0259l\u0259ri saxtala\u015fd\u0131r\u0131blar. Amma he\u00e7 kim Baydenin legitimliyini tan\u0131mad\u0131\u011f\u0131n\u0131 b\u0259yan etm\u0259di, h\u0259tta Tramp v\u0259 t\u0259r\u0259fdarlar\u0131 da talel\u0259ri il\u0259 bar\u0131\u015fd\u0131lar&#8230;<\/p>\n<p><img loading=\"lazy\" src=\"https:\/\/cdn.musavat.com\/news\/thumbnails\/aed87f26d70d5f994ac4831680a6d633.jpg\" alt=\"isgender-veliyev.jpg (60 KB)\" width=\"700\" height=\"422\" \/><\/p>\n<p>Zaman biz\u0259 \u00f6yr\u0259tdi ki, Q\u0259rbin \u201c\u00fc\u00e7\u00fcnc\u00fc d\u00fcnya \u00f6lk\u0259l\u0259rin\u0259\u201d ixrac etdiyi d\u0259y\u0259rl\u0259r, x\u00fcsusil\u0259 demokratiya bir \u00e7ox hallarda d\u00f6vl\u0259t maraqlar\u0131na ziddir. Zamanla mill\u0259t \u00f6z\u00fc normal se\u00e7ki ke\u00e7irm\u0259yi d\u0259, obyektiv m\u00f6vqe bildirm\u0259k kimi v\u0259rdi\u015fl\u0259ri m\u0259nims\u0259yir. Ba\u015f\u0131m\u0131z da\u015fdan-da\u015fa d\u0259ydikc\u0259 anlad\u0131q ki, m\u0259s\u0259l\u0259n, \u201cbomba d\u00fcz\u0259ldib erm\u0259nil\u0259ri atacam\u201d dey\u0259n prezidentliy\u0259 akademik namiz\u0259d\u0259 deyil, Az\u0259rbaycan ordusuna g\u00fcv\u0259n\u0259n, \u00f6lk\u0131nin m\u00fcdafi\u0259 qabiliyy\u0259tini art\u0131ran namiz\u0259d\u0259 s\u0259s verm\u0259k laz\u0131md\u0131r. Zamanla ba\u015fa d\u00fc\u015f\u0259c\u0259k ki, \u00f6z probleml\u0259rini h\u0259llini xaricd\u0259ki dair\u0259l\u0259rd\u0259, maliyy\u0259 fondlar\u0131nda, meydanlarda yox, \u00f6z d\u00f6vl\u0259tind\u0259 axtarmaq, ona g\u00fcv\u0259nm\u0259k laz\u0131md\u0131r. Bax\u0131n, Avropada k\u00fc\u00e7\u0259l\u0259r qaynay\u0131r, mitinql\u0259r, t\u0259till\u0259r olur, kim onlar\u0131 dinl\u0259yir ki? Fransada \u201csar\u0131 jiletlil\u0259r\u201d aylarla aksiya ke\u00e7irdil\u0259r, pensiya islahatlar\u0131na etirazlar oldu, n\u0259tic\u0259 \u201cs\u0131f\u0131r&#8230;\u201d Q\u0259rbin yax\u015f\u0131 universitetl\u0259ri, s\u0259hiyy\u0259si, ya\u015f\u0131ll\u0131qlar\u0131, keyfiyy\u0259tli \u015f\u0259rablar\u0131 var. Amma ixrac edil\u0259n demokratiyalar\u0131 v\u0259 \u201cd\u0259y\u0259rl\u0259ri\u201d ba\u015flar\u0131na d\u0259ysin&#8230;D\u00fcnyan\u0131n he\u00e7 bir yerin\u0259 bu d\u0259y\u0259rl\u0259rl\u0259, demokratiya il\u0259 xo\u015fb\u0259xtlik g\u0259tirm\u0259yibl\u0259r. Biz \u00f6z\u00fcm\u00fcz bunun yolunu tapaca\u011f\u0131q, se\u00e7kimiz d\u0259, ida\u0259r\u0259\u00e7iliyimiz d\u0259, \u00f6lk\u0259miz d\u0259 zamanla daha yax\u015f\u0131 olacaq.<\/p>\n<table border=\"4\">\n<tbody>\n<tr>\n<td>\n<h3><strong>T\u0259hlill\u0259r onu g\u00f6st\u0259rir ki, \u0259g\u0259r yax\u0131n 6 ayda Ukrayna m\u00fcharib\u0259sind\u0259 hans\u0131sa t\u0259m\u0259lli h\u0259ll yollar\u0131 tap\u0131lmasa, d\u00fcnyadak\u0131 g\u0259rginlikl\u0259r daha da artacaq ki, bunun bizim regiona da t\u0259sirl\u0259ri idikind\u0259n daha \u00e7ox olacaq<\/strong><\/h3>\n<\/td>\n<\/tr>\n<\/tbody>\n<\/table>\n<p>&nbsp;<\/p>\n<p>N\u00f6vb\u0259ti 7 il \u00fc\u00e7\u00fcn Az\u0259rbaycan Prezidenti m\u0259suliyy\u0259tini \u00fcz\u0259rin\u0259 g\u00f6t\u00fcrm\u00fc\u015f \u0130lham \u018fliyevi z\u0259nimc\u0259, qar\u015f\u0131da daha ciddi s\u0131naqlar\u0131 olacaq. T\u0259hlill\u0259r onu g\u00f6st\u0259rir ki, \u0259g\u0259r yax\u0131n 6 ayda Ukrayna m\u00fcharib\u0259sind\u0259 hans\u0131sa t\u0259m\u0259lli h\u0259ll yollar\u0131 tap\u0131lmasa, d\u00fcnyadak\u0131 g\u0259rginlikl\u0259r daha da artacaq ki, bunun bizim regiona da t\u0259sirl\u0259ri idikind\u0259n daha \u00e7ox olacaq. S\u00fclh m\u00fcqavil\u0259si dan\u0131\u015f\u0131qlar\u0131n\u0131 stoplad\u0131lar, zat\u0259n ilin \u0259vv\u0259lind\u0259 yazm\u0131\u015fd\u0131m ki, 2024-d\u0259 s\u00fclh m\u00fcqavil\u0259sinin imzalanaca\u011f\u0131n\u0131 g\u00f6zl\u0259mir\u0259m. \u0130ndi s\u00fclh g\u00fcnd\u0259liyind\u0259n uzaqla\u015fma yoxdur, amma s\u00fclh sazi\u015fi d\u0259 yoxdur. Bunu \u0259ng\u0259ll\u0259dil\u0259r ki, yax\u0131n aylarda ba\u015f ver\u0259c\u0259k hadis\u0259l\u0259r konteksind\u0259 q\u0259rar versinl\u0259r: Az\u0259rbaycanla s\u00fclh laz\u0131md\u0131r, yoxsa ba\u015fqa planlar i\u015f\u0259 d\u00fc\u015fs\u00fcn. \u201cBa\u015fqa planlar\u201d dedikd\u0259 buraya Az\u0259rbaycan\u0131n q\u0259l\u0259b\u0259d\u0259n bir az \u201cay\u0131l\u0131b\u201d Erm\u0259nistanla dan\u0131\u015f\u0131qlarda g\u00fcz\u0259\u015ft\u0259 meyll\u0259ndirm\u0259k d\u0259 daxildir, s\u0259rh\u0259dd\u0259 toqqu\u015fmalar yaratmaq da, h\u0259tta iqtisadi sanksiyalar da&#8230;<\/p>\n<p>B\u0259zi \u0259bl\u0259hl\u0259r d\u00fc\u015f\u00fcn\u00fcr ki, Az\u0259rbaycan prezidenti olma\u011fa n\u0259 var ki, onlar da \u00f6lk\u0259ni idar\u0259 ed\u0259 bil\u0259rl\u0259r v\u0259 sair. El\u0259 deyil. Bunun m\u0259suliyy\u0259ti \u00e7ox a\u011f\u0131rd\u0131r v\u0259 \u0130lham \u018fliyev bu y\u00fck\u00fcn alt\u0131na gir\u0259 bil\u0259c\u0259k yegan\u0259 liderdir.<\/p>\n<p>\u018flb\u0259tt\u0259, 2018-ci il se\u00e7kisind\u0259n sonra Az\u0259rbaycan\u0131 hans\u0131 tarixi g\u00fcnl\u0259r g\u00f6zl\u0259y\u0259c\u0259yini d\u0259 proqnozla\u015fd\u0131rmaq m\u00fcmk\u00fcn deyildi. \u0130ndi Az\u0259rbaycan 2018-ci ild\u0259n xeyli \u00fcst\u00fcn v\u0259ziyy\u0259td\u0259dir, son \u00fc\u00e7 il \u0259rzind\u0259 m\u00f6c\u00fcz\u0259 kimi hadis\u0259l\u0259r\u0259 \u015fahidlik edib, \u0259razi b\u00fct\u00f6vl\u00fcy\u00fcn\u00fc b\u0259rpa edib, separatizmi be\u015fiyind\u0259 bo\u011fub. Amma biziml\u0259 gizli sava\u015f h\u0259l\u0259 davam etm\u0259kd\u0259dir. Gizli sava\u015f\u00e7\u0131lar \u0259slind\u0259 gizli say\u0131lmaz da, h\u0259d\u0259fl\u0259ri d\u0259, niyy\u0259tl\u0259ri d\u0259 kifay\u0259t q\u0259d\u0259r a\u00e7\u0131qd\u0131r.<\/p>\n<p>Az\u0259rbaycan\u0131 \u00f6z do\u011fru bildiyi yoldan sap\u0131nd\u0131rnaq, \u0259ng\u0259ll\u0259r yaratmaq. Az\u0259rbaycan\u0131n k\u00f6ks\u00fcnd\u0259ki separatizm \u015fi\u015fini k\u0259sib atd\u0131, amma yeri tezlikl\u0259 sa\u011falmaz. Bu q\u00fcvv\u0259l\u0259r biz\u0259 bu \u201dx\u0259st\u0259likl\u0259\u201d m\u00fcbariz\u0259 aparmaqda he\u00e7 bir d\u0259st\u0259k olmad\u0131lar, \u0259ksin\u0259 can\u0131m\u0131za s\u00fcni yeridilmi\u015f b\u0259la il\u0259 ya\u015fama\u011fa m\u0259cbur etm\u0259k ist\u0259yirdil\u0259r. \u201cBu d\u0259rdin \u0259lac\u0131 sizd\u0259 yoxdur\u201d dedil\u0259r. \u0130lham \u018fliyev is\u0259 d\u00fcnyada ba\u015f ver\u0259nl\u0259ri g\u00f6rd\u00fc, d\u0259qiq qiym\u0259tl\u0259ndirm\u0259 apard\u0131 v\u0259 h\u0259rbi yolu se\u00e7di. Onlar Az\u0259rbaycan\u0131n buna risk etm\u0259y\u0259c\u0259yini d\u00fc\u015f\u00fcn\u00fcrd\u00fcl\u0259r v\u0259 yan\u0131ld\u0131lar. Sonra \u201cbiz bilm\u0259zdik, g\u00f6zl\u0259m\u0259zdik\u201d dedil\u0259r. \u018ftrafa bax\u0131rlar, G\u00fcrc\u00fcstan separatizm b\u0259las\u0131 i\u00e7ind\u0259, Erm\u0259nistan z\u0259lil g\u00fcnd\u0259, Rusiya Ukrayna \u00e7\u00f6ll\u0259rind\u0259, \u0130srail d\u00f6vl\u0259ti Q\u0259zza bataql\u0131\u011f\u0131nda, Amerika siyasi \u00e7\u0131x\u0131lmazl\u0131qda, Avropada b\u00f6hran, t\u0259till\u0259r, \u00fcsyanlar. Qafqaz\u0131n bir balaca \u00f6lk\u0259sinin d\u0259 \u00e7\u0259tinlikl\u0259ri var, h\u0259llini g\u00f6zl\u0259y\u0259n sosial probleml\u0259ri d\u0259 h\u0259m\u00e7inin, amma quruculuq, yaratmaq, yenid\u0259n qalx\u0131nmaq yolunda davam da edir. Bunu q\u0259bullana bilmirl\u0259r.<\/p>\n<p><img loading=\"lazy\" src=\"https:\/\/cdn.musavat.com\/news\/thumbnails\/ae580ddcef9eb9711d720edd798f1277.jpg\" alt=\"IMG-20240207-WA0012jpg-1707361112.jpg (214 KB)\" width=\"700\" height=\"378\" \/><\/p>\n<p>Sad\u0259 \u0259halinin se\u00e7ki g\u00fcn\u00fc \u00e7\u0131x\u0131\u015flar\u0131 xo\u015fuma g\u0259ldi, d\u0259y\u0259rl\u0259ndirm\u0259l\u0259ri d\u0259qiqdir. Deyirl\u0259r ki, indiki d\u00f6vrd\u0259 \u0130lham \u018fliyevd\u0259n ba\u015fqa kims\u0259 bu i\u015fi bacarmaz. B\u0259z\u0259ksiz-d\u00fcz\u0259ksiz v\u0259 tam do\u011fru d\u0259y\u0259rl\u0259ndirm\u0259dir&#8230;\u0130ndi d\u00f6vl\u0259tin ba\u015f\u0131nda olmaq na\u011f\u0131lardak\u0131 \u201c7 nar \u00e7ubu\u011funu q\u0131rmaqdan\u201d da \u00e7\u0259tin i\u015fdir&#8230;Tanr\u0131 s\u0259br v\u0259 g\u00fcc versin!<\/p>\n","protected":false},"excerpt":{"rendered":"<p>B\u0259zi \u0259bl\u0259hl\u0259r d\u00fc\u015f\u00fcn\u00fcr ki, Az\u0259rbaycan prezidenti olma\u011fa n\u0259 var ki, onlar da \u00f6lk\u0259ni idar\u0259 ed\u0259 bil\u0259rl\u0259r-Bunun m\u0259suliyy\u0259ti \u00e7ox a\u011f\u0131rd\u0131r v\u0259 \u0130lham \u018fliyev bu y\u00fck\u00fcn alt\u0131na gir\u0259 bil\u0259c\u0259k yegan\u0259 liderdir Prezident se\u00e7kisinin n\u0259tic\u0259l\u0259rini \u201ctan\u0131mayan\u201d partiyalar\u0131n m\u00f6vqeyi c\u0259miyy\u0259t \u00fc\u00e7\u00fcn t\u0259siredici deyil, h\u0259tta m\u0259nas\u0131zd\u0131r, he\u00e7 \u00f6zl\u0259ri \u00fc\u00e7\u00fcn d\u0259 \u00e7\u0259tin ki, t\u0259skinlik olsun, amma g\u00f6rd\u00fcl\u0259r ham\u0131 n\u0259s\u0259 deyir, onlar da bel\u0259 b\u0259yanat verdil\u0259r. Bir ne\u00e7\u0259 beyn\u0259lxalq t\u0259\u015fkilat\u0131n se\u00e7ki il\u0259 ba\u011fl\u0131 hesabat\u0131 se\u00e7kiy\u0259 qo\u015fulmayanlar kimi diqq\u0259td\u0259n k\u0259narda qoymaq olmaz, \u0259n az\u0131 o s\u0259b\u0259bd\u0259n ki, onlar se\u00e7ki prosesini izl\u0259m\u0259y\u0259 \u00e7al\u0131\u015f\u0131blar. B\u0259zi t\u0259nqidl\u0259r d\u0259 raz\u0131la\u015fmaq olar, se\u00e7ki&hellip;<\/p>\n","protected":false},"author":2,"featured_media":688834,"comment_status":"closed","ping_status":"closed","sticky":false,"template":"","format":"standard","meta":{"om_disable_all_campaigns":false,"_monsterinsights_skip_tracking":false,"_monsterinsights_sitenote_active":false,"_monsterinsights_sitenote_note":"","_monsterinsights_sitenote_category":0},"categories":[19],"tags":[],"aioseo_notices":[],"gutentor_comment":0,"rttpg_featured_image_url":{"full":["https:\/\/arantv.az\/wp-content\/uploads\/2024\/02\/eb984be647da2b7c72ff1b2f80e3bc48.jpg",870,500,false],"landscape":["https:\/\/arantv.az\/wp-content\/uploads\/2024\/02\/eb984be647da2b7c72ff1b2f80e3bc48.jpg",870,500,false],"portraits":["https:\/\/arantv.az\/wp-content\/uploads\/2024\/02\/eb984be647da2b7c72ff1b2f80e3bc48.jpg",870,500,false],"thumbnail":["https:\/\/arantv.az\/wp-content\/uploads\/2024\/02\/eb984be647da2b7c72ff1b2f80e3bc48-500x280.jpg",500,280,true],"medium":["https:\/\/arantv.az\/wp-content\/uploads\/2024\/02\/eb984be647da2b7c72ff1b2f80e3bc48-635x365.jpg",635,365,true],"large":["https:\/\/arantv.az\/wp-content\/uploads\/2024\/02\/eb984be647da2b7c72ff1b2f80e3bc48-840x483.jpg",640,368,true],"1536x1536":["https:\/\/arantv.az\/wp-content\/uploads\/2024\/02\/eb984be647da2b7c72ff1b2f80e3bc48.jpg",870,500,false],"2048x2048":["https:\/\/arantv.az\/wp-content\/uploads\/2024\/02\/eb984be647da2b7c72ff1b2f80e3bc48.jpg",870,500,false],"post-thumbnail":["https:\/\/arantv.az\/wp-content\/uploads\/2024\/02\/eb984be647da2b7c72ff1b2f80e3bc48-240x172.jpg",240,172,true],"advps-thumb-one":["https:\/\/arantv.az\/wp-content\/uploads\/2024\/02\/eb984be647da2b7c72ff1b2f80e3bc48.jpg",870,500,false]},"rttpg_author":{"display_name":"V\u00fcsal Rafiqo\u011flu","author_link":"https:\/\/arantv.az\/?author=2"},"rttpg_comment":0,"rttpg_category":"<a href=\"https:\/\/arantv.az\/?cat=19\" rel=\"category\">G\u00fcnd\u0259m<\/a>","rttpg_excerpt":"B\u0259zi \u0259bl\u0259hl\u0259r d\u00fc\u015f\u00fcn\u00fcr ki, Az\u0259rbaycan prezidenti olma\u011fa n\u0259 var ki, onlar da \u00f6lk\u0259ni idar\u0259 ed\u0259 bil\u0259rl\u0259r-Bunun m\u0259suliyy\u0259ti \u00e7ox a\u011f\u0131rd\u0131r v\u0259 \u0130lham \u018fliyev bu y\u00fck\u00fcn alt\u0131na gir\u0259 bil\u0259c\u0259k yegan\u0259 liderdir Prezident se\u00e7kisinin n\u0259tic\u0259l\u0259rini \u201ctan\u0131mayan\u201d partiyalar\u0131n m\u00f6vqeyi c\u0259miyy\u0259t \u00fc\u00e7\u00fcn t\u0259siredici deyil, h\u0259tta m\u0259nas\u0131zd\u0131r, he\u00e7 \u00f6zl\u0259ri \u00fc\u00e7\u00fcn d\u0259 \u00e7\u0259tin ki, t\u0259skinlik olsun, amma g\u00f6rd\u00fcl\u0259r ham\u0131 n\u0259s\u0259 deyir, onlar&hellip;","_links":{"self":[{"href":"https:\/\/arantv.az\/index.php?rest_route=\/wp\/v2\/posts\/688833"}],"collection":[{"href":"https:\/\/arantv.az\/index.php?rest_route=\/wp\/v2\/posts"}],"about":[{"href":"https:\/\/arantv.az\/index.php?rest_route=\/wp\/v2\/types\/post"}],"author":[{"embeddable":true,"href":"https:\/\/arantv.az\/index.php?rest_route=\/wp\/v2\/users\/2"}],"replies":[{"embeddable":true,"href":"https:\/\/arantv.az\/index.php?rest_route=%2Fwp%2Fv2%2Fcomments&post=688833"}],"version-history":[{"count":0,"href":"https:\/\/arantv.az\/index.php?rest_route=\/wp\/v2\/posts\/688833\/revisions"}],"wp:featuredmedia":[{"embeddable":true,"href":"https:\/\/arantv.az\/index.php?rest_route=\/wp\/v2\/media\/688834"}],"wp:attachment":[{"href":"https:\/\/arantv.az\/index.php?rest_route=%2Fwp%2Fv2%2Fmedia&parent=688833"}],"wp:term":[{"taxonomy":"category","embeddable":true,"href":"https:\/\/arantv.az\/index.php?rest_route=%2Fwp%2Fv2%2Fcategories&post=688833"},{"taxonomy":"post_tag","embeddable":true,"href":"https:\/\/arantv.az\/index.php?rest_route=%2Fwp%2Fv2%2Ftags&post=688833"}],"curies":[{"name":"wp","href":"https:\/\/api.w.org\/{rel}","templated":true}]}}