{"id":688836,"date":"2024-02-09T08:29:42","date_gmt":"2024-02-09T04:29:42","guid":{"rendered":"https:\/\/arantv.az\/?p=688836"},"modified":"2024-02-09T08:29:42","modified_gmt":"2024-02-09T04:29:42","slug":"naxcivan-muxtar-respublikasinin-yaradilmasindan-100-il-otur","status":"publish","type":"post","link":"https:\/\/arantv.az\/?p=688836","title":{"rendered":"Nax\u00e7\u0131van Muxtar Respublikas\u0131n\u0131n yarad\u0131lmas\u0131ndan 100 il \u00f6t\u00fcr"},"content":{"rendered":"<p>Bu g\u00fcn Nax\u00e7\u0131van Muxtar Respublikas\u0131n\u0131n yarad\u0131lmas\u0131n\u0131n 100 ili tamam olur.<\/p>\n<p><strong>ARANTV.AZ\u00a0 x\u0259b\u0259r verir ki,<\/strong>\u00a01924-c\u00fc il fevral\u0131n 9-da Nax\u00e7\u0131van muxtariyy\u0259t statusu al\u0131b.<\/p>\n<p>Muxtariyy\u0259t statusu Rusiya il\u0259 T\u00fcrkiy\u0259 aras\u0131nda 1921-ci ild\u0259 ba\u011flan\u0131lan Moskva m\u00fcqavil\u0259si il\u0259, daha sonra is\u0259 T\u00fcrkiy\u0259 il\u0259 C\u0259nubi Qafqaz respublikalar\u0131 aras\u0131nda imzalanan Qars m\u00fcqavil\u0259si il\u0259 r\u0259smil\u0259\u015fdirilib.<\/p>\n<p>1995-ci il noyabr\u0131n 12-d\u0259 \u00fcmumxalq s\u0259sverm\u0259si il\u0259 q\u0259bul edil\u0259n Konstitusiya il\u0259 Nax\u00e7\u0131van Muxtar Respublikas\u0131na Az\u0259rbaycan\u0131n t\u0259rkibind\u0259 muxtar d\u00f6vl\u0259t statusu verilib.<\/p>\n<p>Muxtar Respublikas\u0131 inzibati c\u0259h\u0259td\u0259n 7 rayon v\u0259 Nax\u00e7\u0131van \u015f\u0259h\u0259r inzibati \u0259razi dair\u0259sind\u0259n ibar\u0259tdir. Nax\u00e7\u0131vanda 5-i \u015f\u0259h\u0259r (Nax\u00e7\u0131van, Ordubad, Culfa, \u015e\u0259rur v\u0259 \u015eahbuz), 8-i \u015f\u0259h\u0259r tipli q\u0259s\u0259b\u0259, 206-s\u0131 k\u0259nd olmaqla \u00fcmumilikd\u0259 219 ya\u015fay\u0131\u015f m\u0259nt\u0259q\u0259si yerl\u0259\u015fir. Muxtar Respublikan\u0131n inzibati m\u0259rk\u0259zi q\u0259dim Nax\u00e7\u0131van \u015f\u0259h\u0259ridir.<\/p>\n<p>Nax\u00e7\u0131van\u0131n davaml\u0131 inki\u015faf\u0131nda \u00dcmummilli Lider Heyd\u0259r \u018fliyevin b\u00f6y\u00fck xidm\u0259ti var. Ulu \u00d6nd\u0259r hakimiyy\u0259t\u0259 g\u0259ldiyi vaxtlardan etibar\u0259n daim Nax\u00e7\u0131van\u0131 diqq\u0259td\u0259 saxlay\u0131b, muxtar respublikan\u0131n g\u0259l\u0259c\u0259yi il\u0259 ba\u011fl\u0131 \u0259n vacib q\u0259rarlar\u0131n t\u0259\u015f\u0259bb\u00fcskar\u0131 olub. M\u0259hz Heyd\u0259r \u018fliyevin uzaqg\u00f6r\u0259nliyi say\u0259sind\u0259 1990-c\u0131 il noyabr\u0131n 17-d\u0259 Nax\u00e7\u0131van Muxtar Respublikas\u0131n\u0131n ali qanunverici orqan\u0131nda Az\u0259rbaycan Xalq C\u00fcmhuriyy\u0259tinin \u00fc\u00e7r\u0259ngli bayra\u011f\u0131n\u0131n d\u00f6vl\u0259t r\u0259mzi olaraq q\u0259bul edilm\u0259si d\u00f6vr\u00fcn m\u00fcr\u0259kk\u0259b ictimai-siyasi prosesl\u0259rin\u0259 h\u0259lledici t\u0259sir g\u00f6st\u0259rib v\u0259 Az\u0259rbaycan\u0131 m\u00fcst\u0259qilliy\u0259 s\u00fcr\u0259tl\u0259 yax\u0131nla\u015fd\u0131r\u0131b.<\/p>\n<p>2020-ci ild\u0259 44 g\u00fcnl\u00fck V\u0259t\u0259n m\u00fcharib\u0259si zaman\u0131 Nax\u00e7\u0131van\u0131n igid \u00f6vladlar\u0131 \u015fanl\u0131 Z\u0259f\u0259r salnam\u0259miz\u0259 parlaq s\u0259hif\u0259l\u0259r yaz\u0131blar.<\/p>\n<p>D\u00f6vl\u0259t ba\u015f\u00e7\u0131s\u0131 \u0130lham \u018fliyev prezidentliyi m\u00fcdd\u0259tind\u0259 15 d\u0259f\u0259 muxtar respublikaya s\u0259f\u0259r edib. Bu m\u00fcdd\u0259td\u0259 d\u00f6vl\u0259t ba\u015f\u00e7\u0131s\u0131 q\u0259dim diyar\u0131n sosial-iqtisadi inki\u015faf\u0131n\u0131n s\u00fcr\u0259tl\u0259ndirilm\u0259sin\u0259 dair m\u00fcxt\u0259lif s\u0259r\u0259ncamlar imzalay\u0131b, D\u00f6vl\u0259t proqramlar\u0131n\u0131 t\u0259sdiq edib.<\/p>\n<p>\u00d6lk\u0259 ba\u015f\u00e7\u0131s\u0131 t\u0259r\u0259find\u0259n \u201cNax\u00e7\u0131van Muxtar Respublikas\u0131n\u0131n sosial-iqtisadi inki\u015faf\u0131na dair 2023-2027-ci ill\u0259r \u00fc\u00e7\u00fcn D\u00f6vl\u0259t Proqram\u0131\u201d v\u0259 2023-c\u00fc il 30 dekabr tarixli \u201cNax\u00e7\u0131van Muxtar Respublikas\u0131n\u0131n 100 illik yubileyinin qeyd edilm\u0259si haqq\u0131nda\u201d S\u0259r\u0259ncam\u0131 Nax\u00e7\u0131van\u0131n z\u0259ngin d\u00f6vl\u0259t\u00e7ilik tariximizd\u0259, \u00f6lk\u0259mizin inki\u015faf\u0131nda m\u00fch\u00fcm yer tutdu\u011funun g\u00f6st\u0259ricisidir.<\/p>\n","protected":false},"excerpt":{"rendered":"<p>Bu g\u00fcn Nax\u00e7\u0131van Muxtar Respublikas\u0131n\u0131n yarad\u0131lmas\u0131n\u0131n 100 ili tamam olur. ARANTV.AZ\u00a0 x\u0259b\u0259r verir ki,\u00a01924-c\u00fc il fevral\u0131n 9-da Nax\u00e7\u0131van muxtariyy\u0259t statusu al\u0131b. Muxtariyy\u0259t statusu Rusiya il\u0259 T\u00fcrkiy\u0259 aras\u0131nda 1921-ci ild\u0259 ba\u011flan\u0131lan Moskva m\u00fcqavil\u0259si il\u0259, daha sonra is\u0259 T\u00fcrkiy\u0259 il\u0259 C\u0259nubi Qafqaz respublikalar\u0131 aras\u0131nda imzalanan Qars m\u00fcqavil\u0259si il\u0259 r\u0259smil\u0259\u015fdirilib. 1995-ci il noyabr\u0131n 12-d\u0259 \u00fcmumxalq s\u0259sverm\u0259si il\u0259 q\u0259bul edil\u0259n Konstitusiya il\u0259 Nax\u00e7\u0131van Muxtar Respublikas\u0131na Az\u0259rbaycan\u0131n t\u0259rkibind\u0259 muxtar d\u00f6vl\u0259t statusu verilib. Muxtar Respublikas\u0131 inzibati c\u0259h\u0259td\u0259n 7 rayon v\u0259 Nax\u00e7\u0131van \u015f\u0259h\u0259r inzibati \u0259razi dair\u0259sind\u0259n ibar\u0259tdir. Nax\u00e7\u0131vanda 5-i \u015f\u0259h\u0259r (Nax\u00e7\u0131van, Ordubad, Culfa, \u015e\u0259rur v\u0259 \u015eahbuz), 8-i&hellip;<\/p>\n","protected":false},"author":2,"featured_media":688837,"comment_status":"closed","ping_status":"closed","sticky":false,"template":"","format":"standard","meta":{"om_disable_all_campaigns":false,"_monsterinsights_skip_tracking":false,"_monsterinsights_sitenote_active":false,"_monsterinsights_sitenote_note":"","_monsterinsights_sitenote_category":0},"categories":[1],"tags":[],"aioseo_notices":[],"gutentor_comment":0,"rttpg_featured_image_url":{"full":["https:\/\/arantv.az\/wp-content\/uploads\/2024\/02\/4572101f170394911758586217910343753.jpg",975,540,false],"landscape":["https:\/\/arantv.az\/wp-content\/uploads\/2024\/02\/4572101f170394911758586217910343753.jpg",975,540,false],"portraits":["https:\/\/arantv.az\/wp-content\/uploads\/2024\/02\/4572101f170394911758586217910343753.jpg",975,540,false],"thumbnail":["https:\/\/arantv.az\/wp-content\/uploads\/2024\/02\/4572101f170394911758586217910343753-500x280.jpg",500,280,true],"medium":["https:\/\/arantv.az\/wp-content\/uploads\/2024\/02\/4572101f170394911758586217910343753-660x365.jpg",660,365,true],"large":["https:\/\/arantv.az\/wp-content\/uploads\/2024\/02\/4572101f170394911758586217910343753-840x465.jpg",640,354,true],"1536x1536":["https:\/\/arantv.az\/wp-content\/uploads\/2024\/02\/4572101f170394911758586217910343753.jpg",975,540,false],"2048x2048":["https:\/\/arantv.az\/wp-content\/uploads\/2024\/02\/4572101f170394911758586217910343753.jpg",975,540,false],"post-thumbnail":["https:\/\/arantv.az\/wp-content\/uploads\/2024\/02\/4572101f170394911758586217910343753-240x172.jpg",240,172,true],"advps-thumb-one":["https:\/\/arantv.az\/wp-content\/uploads\/2024\/02\/4572101f170394911758586217910343753.jpg",975,540,false]},"rttpg_author":{"display_name":"V\u00fcsal Rafiqo\u011flu","author_link":"https:\/\/arantv.az\/?author=2"},"rttpg_comment":0,"rttpg_category":"<a href=\"https:\/\/arantv.az\/?cat=1\" rel=\"category\">C\u0259miyy\u0259t<\/a>","rttpg_excerpt":"Bu g\u00fcn Nax\u00e7\u0131van Muxtar Respublikas\u0131n\u0131n yarad\u0131lmas\u0131n\u0131n 100 ili tamam olur. ARANTV.AZ\u00a0 x\u0259b\u0259r verir ki,\u00a01924-c\u00fc il fevral\u0131n 9-da Nax\u00e7\u0131van muxtariyy\u0259t statusu al\u0131b. Muxtariyy\u0259t statusu Rusiya il\u0259 T\u00fcrkiy\u0259 aras\u0131nda 1921-ci ild\u0259 ba\u011flan\u0131lan Moskva m\u00fcqavil\u0259si il\u0259, daha sonra is\u0259 T\u00fcrkiy\u0259 il\u0259 C\u0259nubi Qafqaz respublikalar\u0131 aras\u0131nda imzalanan Qars m\u00fcqavil\u0259si il\u0259 r\u0259smil\u0259\u015fdirilib. 1995-ci il noyabr\u0131n 12-d\u0259 \u00fcmumxalq s\u0259sverm\u0259si il\u0259 q\u0259bul&hellip;","_links":{"self":[{"href":"https:\/\/arantv.az\/index.php?rest_route=\/wp\/v2\/posts\/688836"}],"collection":[{"href":"https:\/\/arantv.az\/index.php?rest_route=\/wp\/v2\/posts"}],"about":[{"href":"https:\/\/arantv.az\/index.php?rest_route=\/wp\/v2\/types\/post"}],"author":[{"embeddable":true,"href":"https:\/\/arantv.az\/index.php?rest_route=\/wp\/v2\/users\/2"}],"replies":[{"embeddable":true,"href":"https:\/\/arantv.az\/index.php?rest_route=%2Fwp%2Fv2%2Fcomments&post=688836"}],"version-history":[{"count":0,"href":"https:\/\/arantv.az\/index.php?rest_route=\/wp\/v2\/posts\/688836\/revisions"}],"wp:featuredmedia":[{"embeddable":true,"href":"https:\/\/arantv.az\/index.php?rest_route=\/wp\/v2\/media\/688837"}],"wp:attachment":[{"href":"https:\/\/arantv.az\/index.php?rest_route=%2Fwp%2Fv2%2Fmedia&parent=688836"}],"wp:term":[{"taxonomy":"category","embeddable":true,"href":"https:\/\/arantv.az\/index.php?rest_route=%2Fwp%2Fv2%2Fcategories&post=688836"},{"taxonomy":"post_tag","embeddable":true,"href":"https:\/\/arantv.az\/index.php?rest_route=%2Fwp%2Fv2%2Ftags&post=688836"}],"curies":[{"name":"wp","href":"https:\/\/api.w.org\/{rel}","templated":true}]}}