{"id":688843,"date":"2024-02-09T08:30:56","date_gmt":"2024-02-09T04:30:56","guid":{"rendered":"https:\/\/arantv.az\/?p=688843"},"modified":"2024-02-09T08:30:56","modified_gmt":"2024-02-09T04:30:56","slug":"butov-v%c9%99-suveren-az%c9%99rbaycan-quran-prezident","status":"publish","type":"post","link":"https:\/\/arantv.az\/?p=688843","title":{"rendered":"B\u00fct\u00f6v v\u0259 suveren Az\u0259rbaycan quran Prezident"},"content":{"rendered":"<p><em><strong>2024-c\u00fc il fevral\u0131n 7-d\u0259 ke\u00e7iril\u0259n prezident se\u00e7kil\u0259rind\u0259 c\u0259nab \u0130lham \u018fliyevin inaml\u0131 q\u0259l\u0259b\u0259 qazanaraq n\u00f6vb\u0259ti m\u00fcdd\u0259t\u0259 d\u00f6vl\u0259t ba\u015f\u00e7\u0131s\u0131 se\u00e7ilm\u0259si xalq\u0131n \u00f6z Liderin\u0259 sars\u0131lmaz inam\u0131ndan qaynaqlanmaqla, son iyirmi ild\u0259 g\u00f6r\u00fcl\u0259n i\u015fl\u0259r\u0259, qazan\u0131lan u\u011furlara veril\u0259n d\u0259y\u0259rdir<\/strong><\/em><\/p>\n<p>\u00c7ox\u0259srlik d\u00f6vl\u0259t\u00e7ilik tariximizd\u0259 \u00f6z\u00fcn\u0259m\u0259xsus yeri olan, nadir, b\u0259nz\u0259rsiz \u015f\u0259xsiyy\u0259t, Az\u0259rbaycan xalq\u0131n\u0131n \u00dcmummilli Lideri, d\u00fcnya s\u0259viyy\u0259li siyasi xadim Heyd\u0259r \u018fliyev tarixin yadda\u015f\u0131nda \u0259b\u0259di iz qoymaqla yana\u015f\u0131 &#8211; rifah\u0131, g\u0259l\u0259c\u0259yi \u00fc\u00e7\u00fcn h\u0259yat\u0131n\u0131n son g\u00fcn\u00fcn\u0259 kimi \u00e7al\u0131\u015fd\u0131\u011f\u0131 do\u011fma V\u0259t\u0259nini m\u00fc\u0259llifi oldu\u011fu m\u00f6hk\u0259m t\u0259m\u0259ll\u0259r \u00fcz\u0259rind\u0259 davam etdir\u0259n layiqli davam\u00e7\u0131s\u0131 c\u0259nab \u0130lham \u018fliyev\u0259 \u0259man\u0259t etmi\u015fdir. Prezident \u0130lham \u018fliyevin r\u0259hb\u0259rliyi alt\u0131nda Az\u0259rbaycan 20 il \u0259rzind\u0259 \u00f6z inki\u015faf\u0131n\u0131n keyfiyy\u0259tc\u0259 yeni m\u0259rh\u0259l\u0259sin\u0259 daxil olmu\u015f v\u0259 h\u0259rt\u0259r\u0259fli inki\u015fafa nail olmu\u015fdur. Bu m\u0259rh\u0259l\u0259 b\u00fct\u00fcn sah\u0259l\u0259ri \u0259hat\u0259 ed\u0259n, geni\u015fmiqyasl\u0131 v\u0259 davaml\u0131 islahatlar il\u0259 xarakteriz\u0259 olunur. \u0130st\u0259r iqtisadi-sosial, ist\u0259rs\u0259 d\u0259 idar\u0259\u00e7ilik sisteminin t\u0259kmill\u0259\u015fdirilm\u0259si v\u0259 islahatlar\u0131n dinamizmi bax\u0131m\u0131ndan Az\u0259rbaycan q\u0259d\u0259r inki\u015faf ed\u0259n ikinci \u00f6lk\u0259 olmay\u0131b. G\u00f6zl\u0259rimiz qar\u015f\u0131s\u0131nda ba\u015f ver\u0259n bu misilsiz inki\u015faf xalq\u0131n rifah\u0131n\u0131n y\u00fcks\u0259lm\u0259si, m\u00f6vcud probleml\u0259rin h\u0259lli il\u0259 m\u00fc\u015fayi\u0259t olunub, d\u00f6vl\u0259ti v\u0259 xalq\u0131 vahid platformada birl\u0259\u015fdirib. Qlobal miqyasda bax\u0131larsa, m\u0259s\u0259l\u0259 he\u00e7 d\u0259 t\u0259bii s\u0259rv\u0259tl\u0259rd\u0259 deyil. Nefti v\u0259 qaz\u0131 Az\u0259rbaycandan qat-qat \u00e7ox olan \u00f6lk\u0259l\u0259r var ki, yoxsulluq v\u0259 s\u0259fal\u0259t i\u00e7\u0259risind\u0259 ya\u015fay\u0131r. S\u00f6hb\u0259t, ilk n\u00f6vb\u0259d\u0259, liderin h\u0259lledici rolundan gedir. Yax\u0131n v\u0259 uzaq tarixd\u0259n buna \u00e7oxlu misallar g\u0259tirm\u0259k olar. Praqmatizm, \u00e7evik v\u0259 m\u0259qs\u0259dy\u00f6nl\u00fc d\u00f6vl\u0259t siyas\u0259ti, uzaqg\u00f6r\u0259nlik v\u0259 h\u0259lledici anlarda q\u0259ti q\u0259rarlar q\u0259bul etm\u0259k bacar\u0131\u011f\u0131, y\u00fcks\u0259k idar\u0259\u00e7ilik m\u0259har\u0259ti v\u0259 humanistlik \u2013 b\u00fct\u00fcn bunlar Prezident \u0130lham \u018fliyev\u0259 xas olan liderlik keyfiyy\u0259tl\u0259ridir. Az\u0259rbaycan\u0131n inki\u015faf\u0131, milli maraqlar\u0131m\u0131z\u0131n y\u00fcks\u0259k s\u0259viyy\u0259d\u0259 qorunmas\u0131 v\u0259 t\u0259min edilm\u0259si d\u00f6vl\u0259timizin ba\u015f\u00e7\u0131s\u0131n\u0131n bu v\u0259 dig\u0259r ali keyfiyy\u0259tl\u0259ri say\u0259sind\u0259 m\u00fcmk\u00fcn olub.<\/p>\n<p>\u201cG\u00fccl\u00fc iqtisadiyyat \u0259n \u00f6n\u0259mli \u015f\u0259rtdir\u201d dey\u0259n Prezident \u0130lham \u018fliyevin hakimiyy\u0259ti ill\u0259rind\u0259 Az\u0259rbaycan\u0131n \u00fcmumi daxili m\u0259hsulu (\u00dcDM) real ifad\u0259d\u0259 3,6 d\u0259f\u0259 art\u0131b. Bu, son iki onillikd\u0259 qlobal miqyasda \u0259ld\u0259 olunan \u0259n yax\u015f\u0131 iqtisadi nailiyy\u0259tl\u0259rd\u0259n biridir. D\u00f6vl\u0259t ba\u015f\u00e7\u0131s\u0131 iqtisadiyyat\u0131n \u015fax\u0259l\u0259ndirilm\u0259sini milli iqtisadiyyat qar\u015f\u0131s\u0131nda \u0259sas \u00e7a\u011f\u0131r\u0131\u015f olaraq qoyub v\u0259 bu istiqam\u0259td\u0259 g\u00f6r\u00fcl\u0259n i\u015fl\u0259r n\u0259tic\u0259sind\u0259 \u00f6t\u0259n 20 il m\u00fcdd\u0259tind\u0259 qeyri-neft sektoru \u00fczr\u0259 \u00dcDM 3,4 d\u0259f\u0259, d\u00f6vl\u0259t b\u00fcdc\u0259sinin x\u0259rcl\u0259ri 30 d\u0259f\u0259 art\u0131b. \u018fg\u0259r 2003-c\u00fc ild\u0259 adamba\u015f\u0131na d\u00fc\u015f\u0259n b\u00fcdc\u0259 x\u0259rcl\u0259ri 150 manatdan az idis\u0259, haz\u0131rda bu r\u0259q\u0259m 3500 manatdan \u00e7oxdur. Xarici ticar\u0259t d\u00f6vriyy\u0259si 10,8 d\u0259f\u0259, o c\u00fcml\u0259d\u0259n ixrac 16,1 d\u0259f\u0259 art\u0131b. 2003-c\u00fc ill\u0259 m\u00fcqayis\u0259d\u0259 2022-ci ild\u0259 adamba\u015f\u0131na d\u00fc\u015f\u0259n \u00dcDM 3 d\u0259f\u0259y\u0259 yax\u0131n artaraq, 13 min 256 manat t\u0259\u015fkil edib. Apar\u0131lan \u00e7ox\u015fax\u0259li iqtisadi siyas\u0259t n\u0259tic\u0259sind\u0259 davaml\u0131 inki\u015faf t\u0259min olunub. Birba\u015fa xarici borcun h\u0259cmi azalaraq haz\u0131rda \u00fcmumi daxili m\u0259hsulun 9,3 faizini t\u0259\u015fkil edir. Az\u0259rbaycan\u0131n xarici valyuta ehtiyatlar\u0131 son 20 ild\u0259 47 d\u0259f\u0259d\u0259n \u00e7ox artaraq 66 milyard AB\u015e dollar\u0131n\u0131 ke\u00e7ib v\u0259 haz\u0131rda birba\u015fa xarici borcumuzu 10 d\u0259f\u0259 \u00fcst\u0259l\u0259yir. Bu d\u00f6vr \u0259rzind\u0259 s\u0259rmay\u0259l\u0259rin \u00fcmumi h\u0259cmi 300 milyard AB\u015e dollar\u0131ndan \u00e7oxdur v\u0259 onun 190 milyard dollar\u0131 qeyri-enerji sektoruna yat\u0131r\u0131l\u0131b. G\u00f6r\u00fclm\u00fc\u015f m\u0259qs\u0259dy\u00f6nl\u00fc t\u0259dbirl\u0259r n\u0259tic\u0259sind\u0259 son 20 ild\u0259 qeyri-neft ixrac\u0131 8 d\u0259f\u0259d\u0259n \u00e7ox art\u0131b. Prezident \u0130lham \u018fliyevin u\u011furlu sosial siyas\u0259tinin n\u0259tic\u0259si olaraq \u00f6t\u0259n 20 ild\u0259 \u00f6lk\u0259mizd\u0259 d\u00f6vl\u0259t b\u00fcdc\u0259sinin illik sosial m\u00fcdafi\u0259 x\u0259rcl\u0259ri 20 d\u0259f\u0259d\u0259n \u00e7ox art\u0131b. Bu d\u00f6vrd\u0259 minimum \u0259m\u0259khaqq\u0131 38 d\u0259f\u0259, orta ayl\u0131q \u0259m\u0259khaqq\u0131 12 d\u0259f\u0259, minimum pensiya 14 d\u0259f\u0259, orta ayl\u0131q pensiya 18 d\u0259f\u0259, ya\u015fa g\u00f6r\u0259 orta ayl\u0131q pensiya 19 d\u0259f\u0259, \u0259lilliy\u0259 g\u00f6r\u0259 pensiya 14 d\u0259f\u0259, ail\u0259 ba\u015f\u00e7\u0131s\u0131n\u0131 itirm\u0259y\u0259 g\u00f6r\u0259 pensiya 19 d\u0259f\u0259 art\u0131b. Pensiya \u00fczr\u0259 \u00f6d\u0259nil\u0259n illik v\u0259sait h\u0259min d\u00f6vrd\u0259 30 d\u0259f\u0259 artaraq 6 milyard manata \u00e7at\u0131b.<\/p>\n<p>C\u0259nab \u0130lham \u018fliyev Prezident se\u00e7ildiyi ilk g\u00fcnd\u0259n demi\u015fdir ki, Ulu \u00d6nd\u0259r Heyd\u0259r \u018fliyevin siyas\u0259tini davam etdir\u0259c\u0259k, h\u0259r bir v\u0259t\u0259nda\u015f\u0131n Prezidenti olacaq. Qeyd etmi\u015fdir ki, biz \u00f6z torpaqlar\u0131m\u0131z\u0131n i\u015f\u011fal\u0131 il\u0259 he\u00e7 vaxt bar\u0131\u015fmayaca\u011f\u0131q, Az\u0259rbaycan\u0131n \u0259razil\u0259rind\u0259 ikinci erm\u0259ni d\u00f6vl\u0259tinin yarad\u0131lmas\u0131na yol verm\u0259y\u0259c\u0259yik. Bu v\u0259 dig\u0259r v\u0259dl\u0259rin h\u0259r biri \u0259m\u0259li i\u015fl\u0259rl\u0259 tamamlan\u0131b. N\u0259tic\u0259 g\u00f6z qaba\u011f\u0131ndad\u0131r: Az\u0259rbaycan he\u00e7 vaxt tarixd\u0259 bu q\u0259d\u0259r g\u00fccl\u00fc v\u0259 q\u00fcdr\u0259tli olmay\u0131b. Qazan\u0131lan u\u011furlar s\u0131ras\u0131nda Qaraba\u011f Z\u0259f\u0259ri x\u00fcsusi yer tutur. Prezidentimiz iqtisadiyyat\u0131 v\u0259 ordumuzu g\u00fccl\u0259ndir\u0259r\u0259k, diplomatik m\u00fcst\u0259vid\u0259 ill\u0259r boyu yorulmadan f\u0259al v\u0259 t\u0259sirli i\u015f apararaq, xalq\u0131m\u0131z\u0131 \u00f6z \u0259traf\u0131nda d\u0259mir yumruq kimi birl\u0259\u015fdir\u0259r\u0259k Q\u0259l\u0259b\u0259ni add\u0131m-add\u0131m yax\u0131nla\u015fd\u0131rd\u0131. Ulu \u00d6nd\u0259rin v\u0259siyy\u0259tini yerin\u0259 yetir\u0259r\u0259k bizi do\u011fma Qaraba\u011f\u0131m\u0131za qovu\u015fdurdu. Az\u0259rbaycan\u0131 qalib \u00f6lk\u0259y\u0259 \u00e7evirdi, ad\u0131n\u0131 tariximiz\u0259 q\u0131z\u0131l h\u0259rfl\u0259rl\u0259 yazd\u0131rd\u0131. Qaraba\u011f Z\u0259f\u0259ri h\u0259m d\u0259 t\u00fcrk d\u00f6vl\u0259tl\u0259rinin \u00fcmumi q\u0259l\u0259b\u0259si kimi d\u0259y\u0259rl\u0259ndirilir v\u0259 Prezidentimizin \u201cT\u00fcrk D\u00fcnyas\u0131n\u0131n Ali Ordeni\u201d il\u0259 t\u0259ltif olunmas\u0131 bunun \u0259yani t\u0259sdiqidir. Bu g\u00fcn h\u0259rt\u0259r\u0259fli inki\u015faf ed\u0259n, d\u00fcnyada \u00f6z s\u00f6z\u00fc v\u0259 \u00e7\u0259kisi olan qalib \u00f6lk\u0259 &#8211; Az\u0259rbaycan \u0130lham \u018fliyevin \u015fah \u0259s\u0259ridir. Son 20 ild\u0259 regionda h\u0259yata ke\u00e7iril\u0259n b\u00fct\u00fcn qlobal layih\u0259l\u0259rd\u0259 Az\u0259rbaycan\u0131n m\u00fcdrik Prezidentinin imzas\u0131 var. Bunlarla ba\u011fl\u0131 t\u0259kc\u0259 T\u00fcrkiy\u0259 v\u0259 Az\u0259rbaycan\u0131, M\u0259rk\u0259zi Asiya v\u0259 \u00c7ini birl\u0259\u015fdir\u0259n Bak\u0131-Tbilisi-Qars d\u0259mir yolu x\u0259ttini, yeddi \u00f6lk\u0259ni \u0259hat\u0259 ed\u0259n, d\u0259y\u0259ri 40 milyard dollar olan C\u0259nub Qaz D\u0259hlizi layih\u0259sini qeyd etm\u0259k kifay\u0259tdir. Bu layih\u0259 \u00e7\u0259r\u00e7iv\u0259sind\u0259 Az\u0259rbaycan qaz\u0131n\u0131n Avropaya \u00e7atd\u0131r\u0131lmas\u0131 m\u00fcasir neft-qaz epopeyam\u0131z\u0131n \u0259n parlaq f\u0259slidir. M\u00fcasir Az\u0259rbaycan adl\u0131 \u0259s\u0259rin dig\u0259r parlaq f\u0259sill\u0259rini d\u00fcnyada b\u00f6y\u00fck maraq do\u011furan inki\u015faf modell\u0259ri, intellektual brendl\u0259r t\u0259\u015fkil edir. Son vaxtlar bu s\u0131raya m\u00fcharib\u0259nin Az\u0259rbaycan modeli d\u0259 \u0259lav\u0259 olunub. XXI \u0259srin m\u00fcharib\u0259sini apararaq \u00e7\u0259tin relyef\u0259 malik b\u00f6y\u00fck \u0259razini 44 g\u00fcnd\u0259 azad ed\u0259n Az\u0259rbaycan\u0131n h\u0259rb t\u0259cr\u00fcb\u0259si d\u00fcnyan\u0131n inki\u015faf etmi\u015f \u00f6lk\u0259l\u0259rind\u0259 \u00f6yr\u0259nilir.<\/p>\n<p>G\u00f6r\u00fcnd\u00fcy\u00fc kimi, Prezident \u0130lham \u018fliyev xalq-hakimiyy\u0259t birliyini, ba\u015f\u00e7\u0131s\u0131 oldu\u011fu d\u00f6vl\u0259td\u0259 siyasi sabitliyi v\u0259 t\u0259hl\u00fck\u0259sizlik m\u00fchitini m\u00fck\u0259mm\u0259l \u015f\u0259kild\u0259 t\u0259nziml\u0259y\u0259n, xalq\u0131n\u0131 arxas\u0131nca aparma\u011f\u0131 bacaran g\u00fccl\u00fc v\u0259 savadl\u0131 liderdir. El\u0259 bir lider ki, m\u00fcst\u0259qil siyas\u0259t aparmaqla yana\u015f\u0131, xalq\u0131n\u0131n v\u0259 d\u00f6vl\u0259tinin milli maraqlar\u0131n\u0131 b\u00fct\u00fcn m\u0259nafel\u0259rin \u00fcst\u00fcnd\u0259 tutur, \u00f6z\u00fcn\u00fc bu x\u00fcsusiyy\u0259tl\u0259ri il\u0259 sevdirir v\u0259 xalq\u0131na se\u00e7kil\u0259rd\u0259 onu se\u00e7m\u0259sind\u0259 haql\u0131 oldu\u011funu h\u0259r d\u0259f\u0259sind\u0259 s\u00fcbut edir. \u0130st\u0259r 2003, 2008, 2013, 2018-ci ill\u0259rd\u0259ki, ist\u0259rs\u0259 d\u0259 2024-c\u00fc il 7 fevral prezident se\u00e7kil\u0259rind\u0259 Az\u0259rbaycan siyas\u0259tind\u0259 onun alternativinin olmad\u0131\u011f\u0131 b\u00fct\u00fcn d\u00fcnyaya \u015f\u0259ffaf se\u00e7kil\u0259r vasit\u0259si il\u0259 v\u0259 xalq\u0131n b\u00f6y\u00fck d\u0259st\u0259yi il\u0259 s\u00fcbut olundu. Az\u0259rbaycan xalq\u0131 h\u0259mi\u015f\u0259 oldu\u011fu kimi, bu d\u0259f\u0259 d\u0259 do\u011fru v\u0259 m\u00fcdrik se\u00e7im etdi. S\u0259sini Ulu \u00d6nd\u0259r Heyd\u0259r \u018fliyevin m\u00fc\u0259yy\u0259n etdiyi yolu layiqinc\u0259 davam etdir\u0259n, Az\u0259rbaycan\u0131 regionun liderin\u0259 v\u0259 beyn\u0259lxalq al\u0259md\u0259 etibarl\u0131 t\u0259r\u0259fda\u015fa \u00e7evir\u0259n d\u00fcnya s\u0259viyy\u0259li siyas\u0259t\u00e7i \u0130lham \u018fliyev\u0259 verdi. M\u00fcst\u0259qillik tariximizd\u0259 bu, tamamil\u0259 f\u0259rqli se\u00e7ki idi. \u00c7\u00fcnki 7 fevral se\u00e7kisi suverenliyimizin tam b\u0259rpa olundu\u011fu \u015f\u0259raitd\u0259, i\u015f\u011faldan azad edilmi\u015f Qaraba\u011f v\u0259 \u015e\u0259rqi Z\u0259ng\u0259zur daxil b\u00fct\u00fcn \u00f6lk\u0259 \u0259razisind\u0259 realla\u015fan ilk se\u00e7ki idi. Son 30 ild\u0259 ilk d\u0259f\u0259 olaraq \u2013 Xank\u0259ndid\u0259, \u015eu\u015fada, La\u00e7\u0131nda, C\u0259bray\u0131lda, F\u00fczulid\u0259, A\u011fdamda, K\u0259lb\u0259c\u0259rd\u0259, Z\u0259ngilanda, Qubadl\u0131da, Xocal\u0131da, Xocav\u0259ndd\u0259, Suqovu\u015fanda se\u00e7ki m\u0259nt\u0259q\u0259l\u0259ri yarad\u0131lm\u0131\u015fd\u0131. S\u0259sverm\u0259 g\u00fcn\u00fc s\u0259h\u0259r saatlar\u0131ndan se\u00e7icil\u0259r k\u00fctl\u0259vi \u015f\u0259kild\u0259 se\u00e7ki m\u0259nt\u0259q\u0259l\u0259rin\u0259 ax\u0131n etdi, Az\u0259rbaycanda indiy\u0259d\u0259k ke\u00e7iril\u0259n se\u00e7kil\u0259rd\u0259 g\u00f6r\u00fcnm\u0259y\u0259n se\u00e7ici f\u0259all\u0131\u011f\u0131 m\u00fc\u015fahid\u0259 olundu. Prezident \u0130lham \u018fliyev, birinci xan\u0131m Mehriban \u018fliyeva v\u0259 ail\u0259 \u00fczvl\u0259ri Xank\u0259ndi \u015f\u0259h\u0259rind\u0259 122 sayl\u0131 se\u00e7ki dair\u0259sinin 14 sayl\u0131 se\u00e7ki m\u0259nt\u0259q\u0259sind\u0259 s\u0259s verdil\u0259r. C\u0259nab \u0130lham \u018fliyevin s\u0259sverm\u0259 m\u0259nt\u0259q\u0259si kimi Xank\u0259ndini se\u00e7m\u0259si simvolik m\u0259na da\u015f\u0131y\u0131r. Bu, d\u00fcnyaya v\u0259 d\u00fcnya erm\u0259nizmin\u0259 veril\u0259n mesajd\u0131r. Xank\u0259ndinin Az\u0259rbaycan \u00fc\u00e7\u00fcn n\u0259 q\u0259d\u0259r \u0259h\u0259miyy\u0259tli oldu\u011funu g\u00f6st\u0259rir. Bu \u015f\u0259h\u0259r bizim v\u0259 b\u00fct\u00fcn t\u00fcrk d\u00fcnyas\u0131 \u00fc\u00e7\u00fcn \u00e7ox \u00f6n\u0259mlidir. Bel\u0259likl\u0259, \u0130lham \u018fliyev se\u00e7icil\u0259rin 92,05 faizinin s\u0259sini qazanaraq se\u00e7kil\u0259rin qalibi oldu. Az\u0259rbaycan xalq\u0131 Z\u0259f\u0259r se\u00e7kisind\u0259 Qalib s\u0259rk\u0259rd\u0259 \u0130lham \u018fliyev\u0259 bir daha \u0259n y\u00fcks\u0259k etimad\u0131 g\u00f6st\u0259rdi, ona d\u00f6vl\u0259timizin daha da inki\u015faf\u0131, g\u00fccl\u0259nm\u0259si \u00fc\u00e7\u00fcn n\u00f6vb\u0259ti 7 illik mandat verdi. Bu m\u00fcnasib\u0259tl\u0259 ax\u015fam saatlar\u0131nda paytaxt sakinl\u0259ri bayraqlarla k\u00fc\u00e7\u0259l\u0259r\u0259 ax\u0131\u015faraq, \u0130lham \u018fliyevin Prezident se\u00e7ilm\u0259sini bayram edib.<\/p>\n<p>Z\u0259man\u0259mizd\u0259 \u00f6z xalq\u0131 t\u0259r\u0259find\u0259n \u0130lham \u018fliyev q\u0259d\u0259r sevil\u0259n d\u00f6vl\u0259t ba\u015f\u00e7\u0131lar\u0131 \u00e7ox azd\u0131r. Y\u00fcks\u0259k intellekti, d\u0259rin ensiklopedik bilikl\u0259ri, diplomatiya sah\u0259sind\u0259 m\u0259har\u0259ti, d\u0259mir m\u0259ntiqi, s\u00f6z\u00fcb\u00fct\u00f6vl\u00fcy\u00fc ona beyn\u0259lxalq al\u0259md\u0259 d\u0259 b\u00f6y\u00fck n\u00fcfuz qazand\u0131r\u0131b. Az\u0259rbaycan xalq\u0131 indi \u00f6z Prezidentini tam haql\u0131 olaraq M\u00fcz\u0259ff\u0259r Ali Ba\u015f Komandan adland\u0131r\u0131r v\u0259 h\u0259r bir q\u0259dirbil\u0259n az\u0259rbaycanl\u0131 z\u0259man\u0259mizin \u0259n g\u00f6rk\u0259mli liderl\u0259rind\u0259n biri olan, beyn\u0259lxalq arenada m\u00fch\u00fcm rol oynayan Prezidenti il\u0259 q\u00fcrur duyur!<\/p>\n","protected":false},"excerpt":{"rendered":"<p>2024-c\u00fc il fevral\u0131n 7-d\u0259 ke\u00e7iril\u0259n prezident se\u00e7kil\u0259rind\u0259 c\u0259nab \u0130lham \u018fliyevin inaml\u0131 q\u0259l\u0259b\u0259 qazanaraq n\u00f6vb\u0259ti m\u00fcdd\u0259t\u0259 d\u00f6vl\u0259t ba\u015f\u00e7\u0131s\u0131 se\u00e7ilm\u0259si xalq\u0131n \u00f6z Liderin\u0259 sars\u0131lmaz inam\u0131ndan qaynaqlanmaqla, son iyirmi ild\u0259 g\u00f6r\u00fcl\u0259n i\u015fl\u0259r\u0259, qazan\u0131lan u\u011furlara veril\u0259n d\u0259y\u0259rdir \u00c7ox\u0259srlik d\u00f6vl\u0259t\u00e7ilik tariximizd\u0259 \u00f6z\u00fcn\u0259m\u0259xsus yeri olan, nadir, b\u0259nz\u0259rsiz \u015f\u0259xsiyy\u0259t, Az\u0259rbaycan xalq\u0131n\u0131n \u00dcmummilli Lideri, d\u00fcnya s\u0259viyy\u0259li siyasi xadim Heyd\u0259r \u018fliyev tarixin yadda\u015f\u0131nda \u0259b\u0259di iz qoymaqla yana\u015f\u0131 &#8211; rifah\u0131, g\u0259l\u0259c\u0259yi \u00fc\u00e7\u00fcn h\u0259yat\u0131n\u0131n son g\u00fcn\u00fcn\u0259 kimi \u00e7al\u0131\u015fd\u0131\u011f\u0131 do\u011fma V\u0259t\u0259nini m\u00fc\u0259llifi oldu\u011fu m\u00f6hk\u0259m t\u0259m\u0259ll\u0259r \u00fcz\u0259rind\u0259 davam etdir\u0259n layiqli davam\u00e7\u0131s\u0131 c\u0259nab \u0130lham \u018fliyev\u0259 \u0259man\u0259t etmi\u015fdir. Prezident \u0130lham \u018fliyevin r\u0259hb\u0259rliyi alt\u0131nda Az\u0259rbaycan 20&hellip;<\/p>\n","protected":false},"author":2,"featured_media":688844,"comment_status":"closed","ping_status":"closed","sticky":false,"template":"","format":"standard","meta":{"om_disable_all_campaigns":false,"_monsterinsights_skip_tracking":false,"_monsterinsights_sitenote_active":false,"_monsterinsights_sitenote_note":"","_monsterinsights_sitenote_category":0},"categories":[8],"tags":[],"aioseo_notices":[],"gutentor_comment":0,"rttpg_featured_image_url":{"full":["https:\/\/arantv.az\/wp-content\/uploads\/2024\/02\/202ed379170730730165562094311098476.jpg",975,540,false],"landscape":["https:\/\/arantv.az\/wp-content\/uploads\/2024\/02\/202ed379170730730165562094311098476.jpg",975,540,false],"portraits":["https:\/\/arantv.az\/wp-content\/uploads\/2024\/02\/202ed379170730730165562094311098476.jpg",975,540,false],"thumbnail":["https:\/\/arantv.az\/wp-content\/uploads\/2024\/02\/202ed379170730730165562094311098476-500x280.jpg",500,280,true],"medium":["https:\/\/arantv.az\/wp-content\/uploads\/2024\/02\/202ed379170730730165562094311098476-660x365.jpg",660,365,true],"large":["https:\/\/arantv.az\/wp-content\/uploads\/2024\/02\/202ed379170730730165562094311098476-840x465.jpg",640,354,true],"1536x1536":["https:\/\/arantv.az\/wp-content\/uploads\/2024\/02\/202ed379170730730165562094311098476.jpg",975,540,false],"2048x2048":["https:\/\/arantv.az\/wp-content\/uploads\/2024\/02\/202ed379170730730165562094311098476.jpg",975,540,false],"post-thumbnail":["https:\/\/arantv.az\/wp-content\/uploads\/2024\/02\/202ed379170730730165562094311098476-240x172.jpg",240,172,true],"advps-thumb-one":["https:\/\/arantv.az\/wp-content\/uploads\/2024\/02\/202ed379170730730165562094311098476.jpg",975,540,false]},"rttpg_author":{"display_name":"V\u00fcsal Rafiqo\u011flu","author_link":"https:\/\/arantv.az\/?author=2"},"rttpg_comment":0,"rttpg_category":"<a href=\"https:\/\/arantv.az\/?cat=8\" rel=\"category\">\u018fsas s\u0259hif\u0259<\/a>","rttpg_excerpt":"2024-c\u00fc il fevral\u0131n 7-d\u0259 ke\u00e7iril\u0259n prezident se\u00e7kil\u0259rind\u0259 c\u0259nab \u0130lham \u018fliyevin inaml\u0131 q\u0259l\u0259b\u0259 qazanaraq n\u00f6vb\u0259ti m\u00fcdd\u0259t\u0259 d\u00f6vl\u0259t ba\u015f\u00e7\u0131s\u0131 se\u00e7ilm\u0259si xalq\u0131n \u00f6z Liderin\u0259 sars\u0131lmaz inam\u0131ndan qaynaqlanmaqla, son iyirmi ild\u0259 g\u00f6r\u00fcl\u0259n i\u015fl\u0259r\u0259, qazan\u0131lan u\u011furlara veril\u0259n d\u0259y\u0259rdir \u00c7ox\u0259srlik d\u00f6vl\u0259t\u00e7ilik tariximizd\u0259 \u00f6z\u00fcn\u0259m\u0259xsus yeri olan, nadir, b\u0259nz\u0259rsiz \u015f\u0259xsiyy\u0259t, Az\u0259rbaycan xalq\u0131n\u0131n \u00dcmummilli Lideri, d\u00fcnya s\u0259viyy\u0259li siyasi xadim Heyd\u0259r \u018fliyev tarixin yadda\u015f\u0131nda \u0259b\u0259di&hellip;","_links":{"self":[{"href":"https:\/\/arantv.az\/index.php?rest_route=\/wp\/v2\/posts\/688843"}],"collection":[{"href":"https:\/\/arantv.az\/index.php?rest_route=\/wp\/v2\/posts"}],"about":[{"href":"https:\/\/arantv.az\/index.php?rest_route=\/wp\/v2\/types\/post"}],"author":[{"embeddable":true,"href":"https:\/\/arantv.az\/index.php?rest_route=\/wp\/v2\/users\/2"}],"replies":[{"embeddable":true,"href":"https:\/\/arantv.az\/index.php?rest_route=%2Fwp%2Fv2%2Fcomments&post=688843"}],"version-history":[{"count":0,"href":"https:\/\/arantv.az\/index.php?rest_route=\/wp\/v2\/posts\/688843\/revisions"}],"wp:featuredmedia":[{"embeddable":true,"href":"https:\/\/arantv.az\/index.php?rest_route=\/wp\/v2\/media\/688844"}],"wp:attachment":[{"href":"https:\/\/arantv.az\/index.php?rest_route=%2Fwp%2Fv2%2Fmedia&parent=688843"}],"wp:term":[{"taxonomy":"category","embeddable":true,"href":"https:\/\/arantv.az\/index.php?rest_route=%2Fwp%2Fv2%2Fcategories&post=688843"},{"taxonomy":"post_tag","embeddable":true,"href":"https:\/\/arantv.az\/index.php?rest_route=%2Fwp%2Fv2%2Ftags&post=688843"}],"curies":[{"name":"wp","href":"https:\/\/api.w.org\/{rel}","templated":true}]}}