{"id":688847,"date":"2024-02-09T08:31:31","date_gmt":"2024-02-09T04:31:31","guid":{"rendered":"https:\/\/arantv.az\/?p=688847"},"modified":"2024-02-09T08:31:31","modified_gmt":"2024-02-09T04:31:31","slug":"coxuzlu-molla-rejimi","status":"publish","type":"post","link":"https:\/\/arantv.az\/?p=688847","title":{"rendered":"\u00c7ox\u00fczl\u00fc molla rejimi&#8230;"},"content":{"rendered":"<p><em><strong>\u0130randa m\u0259murlar\u0131n h\u0259r\u0259si bir zurna \u00e7al\u0131r<\/strong><\/em><\/p>\n<p>Bu \u00f6lk\u0259nin ad\u0131 g\u0259l\u0259nd\u0259 niy\u0259 \u00fcz\u00fcm\u00fcz\u00fc tur\u015fudur, t\u00fcp\u00fcrm\u0259y\u0259 yer axtar\u0131r\u0131q? \u00c7\u00fcnki d\u0259rhal g\u00f6z\u00fcm\u00fcz\u00fcn qar\u015f\u0131s\u0131nda \u00fcz-g\u00f6z\u00fcn\u00fc t\u00fck basm\u0131\u015f, iblis sif\u0259tli, \u0259mmam\u0259sind\u0259n t\u0259r iyi g\u0259l\u0259n a\u011fba\u015fl\u0131 \u015feytan mollalar canlan\u0131r. D\u00fc\u015f\u00fcnc\u0259miz\u0259 hakim k\u0259silir ki, bunlar h\u0259r d\u00fc\u015fm\u0259nin biz\u0259 etm\u0259diyi yamanl\u0131qlar\u0131 edibl\u0259r v\u0259 \u0259ll\u0259rin\u0259 f\u00fcrs\u0259t ke\u00e7s\u0259 yen\u0259 d\u0259 ed\u0259rl\u0259r. \u00c7\u00fcnki \u0130kinci Qaraba\u011f m\u00fcharib\u0259sind\u0259n \u0259vv\u0259l d\u0259, sonra da etdikl\u0259ri m\u00fcx\u0259nn\u0259tlikl\u0259rin say\u0131-hesab\u0131 yoxdur. M\u0259murlar\u0131n\u0131n ki\u00e7iyind\u0259n tutmu\u015f d\u00f6vl\u0259t r\u0259hb\u0259rin\u0259d\u0259k ham\u0131s\u0131 biz\u0259 q\u0259nim k\u0259silib. H\u0259tta \u015fay\u0259tdir, birisi bar\u0259mizd\u0259 d\u00fczg\u00fcn fikir s\u00f6yl\u0259s\u0259, d\u0259rhal o birisi onu a\u011fz\u0131ndan vurub t\u0259kzib ed\u0259c\u0259kdir.\u00a0 A\u015fa\u011f\u0131da b\u0259hs ed\u0259c\u0259yimiz m\u0259s\u0259l\u0259 bu fikrimizi bir daha t\u0259sdiq edir.<\/p>\n<p>Bu g\u00fcnl\u0259rd\u0259 \u0130ran\u0131n Erm\u0259nistandak\u0131 s\u0259firi Mehdi S\u00fcbhani bildirib ki, Tehran Az\u0259rbaycandan \u00e7ox, Erm\u0259nistan \u0259razisind\u0259n Qara d\u0259niz\u0259 ged\u0259n yola \u00fcst\u00fcnl\u00fck verir v\u0259 Erm\u0259nistan\u0131n tranzit m\u00fcdd\u0259ti Az\u0259rbaycandan iki g\u00fcn q\u0131sad\u0131r. \u0130ran\u0131n Az\u0259rbaycandak\u0131 s\u0259firi Seyid Abbas Mus\u0259vi is\u0259 bundan t\u0259xmin\u0259n iki il \u0259vv\u0259l h\u0259mkar\u0131ndan f\u0259rqli a\u00e7\u0131qlama ver\u0259r\u0259k demi\u015fdi ki, Hindistan\u0131, \u0130ran\u0131, Az\u0259rbaycan\u0131, G\u00fcrc\u00fcstan\u0131, Qara d\u0259niz \u00f6lk\u0259l\u0259rini v\u0259 Avropan\u0131 \u0259hat\u0259 ed\u0259c\u0259k yeni n\u0259qliyyat d\u0259hlizinin aktivl\u0259\u015fm\u0259si \u00fc\u00e7\u00fcn laz\u0131mi \u00e7al\u0131\u015fmalar h\u0259yata ke\u00e7irilir.<\/p>\n<p><em><strong>\u0130ndi g\u0259lin, g\u00f6r\u0259k \u0130ran\u0131n iki s\u0259firind\u0259n hans\u0131 d\u00fcz\u00fcn\u00fc deyib?<\/strong><\/em><\/p>\n<p>\u015e\u00fcbh\u0259siz ki, Seyid Abbas Mus\u0259vinin fikri tamamil\u0259 do\u011frudur. Lakin \u0130ran\u0131n Erm\u0259nistandak\u0131 s\u0259firinin \u201cErm\u0259nistan\u0131n tranzit m\u00fcdd\u0259ti Az\u0259rbaycandan iki g\u00fcn azd\u0131r\u201d fikri onun \u00f6z beyinin m\u0259hsulu deyil, r\u0259smi Tehran\u0131n &#8220;ev tap\u015f\u0131r\u0131\u011f\u0131d\u0131r&#8221;. Tehran\u0131n is\u0259 niyy\u0259tinin hans\u0131 istiqam\u0259tl\u0259 ba\u011fl\u0131 oldu\u011fu a\u015fkard\u0131r. Dem\u0259li, molla rejimi iki ild\u0259n sonra anlay\u0131b ki, s\u0259hv edib v\u0259 bu s\u0259hvi Mehdi S\u00fcbhaninin dili il\u0259 d\u00fcz\u0259ltm\u0259yi d\u00fc\u015f\u00fcn\u00fcr. Ancaq m\u0259s\u0259l\u0259 buras\u0131ndad\u0131r ki, \u0130ran\u0131n se\u00e7diyi Erm\u0259nistan Az\u0259rbaycandan f\u0259rqli olaraq n\u0259qliyyat d\u0259hlizi \u00fc\u00e7\u00fcn laz\u0131mi infrastruktur formala\u015fd\u0131rmay\u0131b, he\u00e7 bu i\u015f\u0259 ba\u015flamay\u0131b da, \u00e7\u00fcnki maliyy\u0259si yoxdur. Bunu Erm\u0259nistana \u00fcst\u00fcnl\u00fck ver\u0259n \u0130ran\u0131n bu \u00f6lk\u0259d\u0259ki s\u0259firi d\u0259 etiraf etm\u0259k m\u0259cburiyy\u0259tind\u0259 qal\u0131b. Bel\u0259 \u00e7\u0131x\u0131r ki, diplomat ba\u015f\u0131na z\u0259hm\u0259t vermir, a\u011fz\u0131na n\u0259 g\u0259ldi dan\u0131\u015f\u0131r.<\/p>\n<p>G\u00f6r\u00fcrs\u00fcn\u00fczm\u00fc, h\u0259tta &#8220;qarda\u015f&#8221; dedikl\u0259ri haylar\u0131n g\u00fccl\u0259ri \u00e7atmad\u0131\u011f\u0131 i\u015fin d\u0259 bizim t\u0259r\u0259fimizd\u0259n g\u00f6r\u00fclm\u0259sin\u0259 nec\u0259 xainlikl\u0259 mane olma\u011fa \u00e7al\u0131\u015f\u0131rlar? Z\u0259ng\u0259zur d\u0259hlizinin a\u00e7\u0131lmas\u0131na mane olma\u011fa \u00e7al\u0131\u015fd\u0131qlar\u0131 yax\u0131n ill\u0259rin i\u015fidir. O zaman d\u00f6vl\u0259t r\u0259smil\u0259ri h\u0259yas\u0131zl\u0131qla bildirirdil\u0259r ki, guya bu, onlar\u0131n \u201cq\u0131rm\u0131z\u0131 x\u0259ttidir.\u201d Bu, h\u0259m bizim, h\u0259m d\u0259 Erm\u0259nistan\u0131n daxili i\u015fl\u0259rin\u0259 qar\u0131\u015fmaq, daha do\u011frusu ara qar\u0131\u015fd\u0131rmaq idi. Molla rejimi hans\u0131 ixtiyarla ba\u015fqa d\u00f6vl\u0259tl\u0259rin \u0259razil\u0259rin\u0259 n\u0259zar\u0259t edir? \u018flb\u0259tt\u0259, bunlar\u0131n he\u00e7 birini unutmam\u0131\u015f\u0131q v\u0259 \u015f\u00fcbh\u0259siz ki, yadda\u015f\u0131m\u0131zda v\u0259 tariximizd\u0259 qalacaqd\u0131r.<\/p>\n<p>Dem\u0259li, molla rejimi t\u0259kc\u0259 Z\u0259ng\u0259zur d\u0259hlizi m\u0259s\u0259l\u0259sind\u0259 deyil, b\u00fct\u00fcn m\u0259s\u0259l\u0259l\u0259rd\u0259 haylar \u00fc\u00e7\u00fcn daim &#8220;ya\u015f\u0131l i\u015f\u0131q&#8221; yand\u0131r\u0131r, bizim \u00fc\u00e7\u00fcn is\u0259 &#8220;q\u0131rm\u0131z\u0131 cizgil\u0259r&#8221; t\u0259tbiq edir. Ancaq n\u0259 vaxtsa biz\u0259 qar\u015f\u0131 t\u00f6r\u0259tdiyi b\u0259d \u0259m\u0259ll\u0259rinin b\u0259d\u0259lini \u00f6d\u0259m\u0259li olcaq, \u00e7\u00fcnki fizikan\u0131n qanunlar\u0131na g\u00f6r\u0259, t\u0259sir \u0259ks-t\u0259sir\u0259 b\u0259rab\u0259r olur.<\/p>\n","protected":false},"excerpt":{"rendered":"<p>\u0130randa m\u0259murlar\u0131n h\u0259r\u0259si bir zurna \u00e7al\u0131r Bu \u00f6lk\u0259nin ad\u0131 g\u0259l\u0259nd\u0259 niy\u0259 \u00fcz\u00fcm\u00fcz\u00fc tur\u015fudur, t\u00fcp\u00fcrm\u0259y\u0259 yer axtar\u0131r\u0131q? \u00c7\u00fcnki d\u0259rhal g\u00f6z\u00fcm\u00fcz\u00fcn qar\u015f\u0131s\u0131nda \u00fcz-g\u00f6z\u00fcn\u00fc t\u00fck basm\u0131\u015f, iblis sif\u0259tli, \u0259mmam\u0259sind\u0259n t\u0259r iyi g\u0259l\u0259n a\u011fba\u015fl\u0131 \u015feytan mollalar canlan\u0131r. D\u00fc\u015f\u00fcnc\u0259miz\u0259 hakim k\u0259silir ki, bunlar h\u0259r d\u00fc\u015fm\u0259nin biz\u0259 etm\u0259diyi yamanl\u0131qlar\u0131 edibl\u0259r v\u0259 \u0259ll\u0259rin\u0259 f\u00fcrs\u0259t ke\u00e7s\u0259 yen\u0259 d\u0259 ed\u0259rl\u0259r. \u00c7\u00fcnki \u0130kinci Qaraba\u011f m\u00fcharib\u0259sind\u0259n \u0259vv\u0259l d\u0259, sonra da etdikl\u0259ri m\u00fcx\u0259nn\u0259tlikl\u0259rin say\u0131-hesab\u0131 yoxdur. M\u0259murlar\u0131n\u0131n ki\u00e7iyind\u0259n tutmu\u015f d\u00f6vl\u0259t r\u0259hb\u0259rin\u0259d\u0259k ham\u0131s\u0131 biz\u0259 q\u0259nim k\u0259silib. H\u0259tta \u015fay\u0259tdir, birisi bar\u0259mizd\u0259 d\u00fczg\u00fcn fikir s\u00f6yl\u0259s\u0259, d\u0259rhal o birisi onu a\u011fz\u0131ndan vurub t\u0259kzib ed\u0259c\u0259kdir.\u00a0 A\u015fa\u011f\u0131da b\u0259hs ed\u0259c\u0259yimiz&hellip;<\/p>\n","protected":false},"author":2,"featured_media":688848,"comment_status":"closed","ping_status":"closed","sticky":false,"template":"","format":"standard","meta":{"om_disable_all_campaigns":false,"_monsterinsights_skip_tracking":false,"_monsterinsights_sitenote_active":false,"_monsterinsights_sitenote_note":"","_monsterinsights_sitenote_category":0},"categories":[19],"tags":[],"aioseo_notices":[],"gutentor_comment":0,"rttpg_featured_image_url":{"full":["https:\/\/arantv.az\/wp-content\/uploads\/2024\/02\/c4414e53167776766050415451910892364.jpg",975,540,false],"landscape":["https:\/\/arantv.az\/wp-content\/uploads\/2024\/02\/c4414e53167776766050415451910892364.jpg",975,540,false],"portraits":["https:\/\/arantv.az\/wp-content\/uploads\/2024\/02\/c4414e53167776766050415451910892364.jpg",975,540,false],"thumbnail":["https:\/\/arantv.az\/wp-content\/uploads\/2024\/02\/c4414e53167776766050415451910892364-500x280.jpg",500,280,true],"medium":["https:\/\/arantv.az\/wp-content\/uploads\/2024\/02\/c4414e53167776766050415451910892364-660x365.jpg",660,365,true],"large":["https:\/\/arantv.az\/wp-content\/uploads\/2024\/02\/c4414e53167776766050415451910892364-840x465.jpg",640,354,true],"1536x1536":["https:\/\/arantv.az\/wp-content\/uploads\/2024\/02\/c4414e53167776766050415451910892364.jpg",975,540,false],"2048x2048":["https:\/\/arantv.az\/wp-content\/uploads\/2024\/02\/c4414e53167776766050415451910892364.jpg",975,540,false],"post-thumbnail":["https:\/\/arantv.az\/wp-content\/uploads\/2024\/02\/c4414e53167776766050415451910892364-240x172.jpg",240,172,true],"advps-thumb-one":["https:\/\/arantv.az\/wp-content\/uploads\/2024\/02\/c4414e53167776766050415451910892364.jpg",975,540,false]},"rttpg_author":{"display_name":"V\u00fcsal Rafiqo\u011flu","author_link":"https:\/\/arantv.az\/?author=2"},"rttpg_comment":0,"rttpg_category":"<a href=\"https:\/\/arantv.az\/?cat=19\" rel=\"category\">G\u00fcnd\u0259m<\/a>","rttpg_excerpt":"\u0130randa m\u0259murlar\u0131n h\u0259r\u0259si bir zurna \u00e7al\u0131r Bu \u00f6lk\u0259nin ad\u0131 g\u0259l\u0259nd\u0259 niy\u0259 \u00fcz\u00fcm\u00fcz\u00fc tur\u015fudur, t\u00fcp\u00fcrm\u0259y\u0259 yer axtar\u0131r\u0131q? \u00c7\u00fcnki d\u0259rhal g\u00f6z\u00fcm\u00fcz\u00fcn qar\u015f\u0131s\u0131nda \u00fcz-g\u00f6z\u00fcn\u00fc t\u00fck basm\u0131\u015f, iblis sif\u0259tli, \u0259mmam\u0259sind\u0259n t\u0259r iyi g\u0259l\u0259n a\u011fba\u015fl\u0131 \u015feytan mollalar canlan\u0131r. D\u00fc\u015f\u00fcnc\u0259miz\u0259 hakim k\u0259silir ki, bunlar h\u0259r d\u00fc\u015fm\u0259nin biz\u0259 etm\u0259diyi yamanl\u0131qlar\u0131 edibl\u0259r v\u0259 \u0259ll\u0259rin\u0259 f\u00fcrs\u0259t ke\u00e7s\u0259 yen\u0259 d\u0259 ed\u0259rl\u0259r. \u00c7\u00fcnki \u0130kinci Qaraba\u011f m\u00fcharib\u0259sind\u0259n&hellip;","_links":{"self":[{"href":"https:\/\/arantv.az\/index.php?rest_route=\/wp\/v2\/posts\/688847"}],"collection":[{"href":"https:\/\/arantv.az\/index.php?rest_route=\/wp\/v2\/posts"}],"about":[{"href":"https:\/\/arantv.az\/index.php?rest_route=\/wp\/v2\/types\/post"}],"author":[{"embeddable":true,"href":"https:\/\/arantv.az\/index.php?rest_route=\/wp\/v2\/users\/2"}],"replies":[{"embeddable":true,"href":"https:\/\/arantv.az\/index.php?rest_route=%2Fwp%2Fv2%2Fcomments&post=688847"}],"version-history":[{"count":0,"href":"https:\/\/arantv.az\/index.php?rest_route=\/wp\/v2\/posts\/688847\/revisions"}],"wp:featuredmedia":[{"embeddable":true,"href":"https:\/\/arantv.az\/index.php?rest_route=\/wp\/v2\/media\/688848"}],"wp:attachment":[{"href":"https:\/\/arantv.az\/index.php?rest_route=%2Fwp%2Fv2%2Fmedia&parent=688847"}],"wp:term":[{"taxonomy":"category","embeddable":true,"href":"https:\/\/arantv.az\/index.php?rest_route=%2Fwp%2Fv2%2Fcategories&post=688847"},{"taxonomy":"post_tag","embeddable":true,"href":"https:\/\/arantv.az\/index.php?rest_route=%2Fwp%2Fv2%2Ftags&post=688847"}],"curies":[{"name":"wp","href":"https:\/\/api.w.org\/{rel}","templated":true}]}}