{"id":688918,"date":"2024-02-09T12:57:28","date_gmt":"2024-02-09T08:57:28","guid":{"rendered":"https:\/\/arantv.az\/?p=688918"},"modified":"2024-02-09T12:57:28","modified_gmt":"2024-02-09T08:57:28","slug":"zaqatalada-oluml%c9%99-n%c9%99tic%c9%99l%c9%99n%c9%99n-avtoq%c9%99zada-x%c9%99sar%c9%99t-alan-sagird-bakiya-t%c9%99xliy%c9%99-edildi-foto-video","status":"publish","type":"post","link":"https:\/\/arantv.az\/?p=688918","title":{"rendered":"Zaqatalada \u00f6l\u00fcml\u0259 n\u0259tic\u0259l\u0259n\u0259n avtoq\u0259zada x\u0259sar\u0259t alan \u015fagird Bak\u0131ya t\u0259xliy\u0259 edildi &#8211; FOTO\/V\u0130DEO"},"content":{"rendered":"<p>\u00d6t\u0259n g\u00fcn Zaqatalada\u00a0<a href=\"https:\/\/oxu.az\/society\/836007\" target=\"_blank\" rel=\"noopener\"><strong>ba\u015f ver\u0259n yol-n\u0259qliyyat<\/strong><\/a>\u00a0hadis\u0259si n\u0259tic\u0259sind\u0259 x\u0259sar\u0259t alan 2013-c\u00fc il t\u0259v\u0259ll\u00fcdl\u00fc azya\u015fl\u0131 \u0130brahim \u0130brahimzad\u0259 Bak\u0131ya g\u0259tirilib.<\/p>\n<p><strong>ARANTV.AZ<\/strong>-\u0131n m\u0259lumat\u0131na g\u00f6r\u0259, o\u00a0bu g\u00fcn s\u0259h\u0259r saatlar\u0131nda paytaxtdak\u0131 x\u0259st\u0259xanalar\u0131n birin\u0259 t\u0259xliy\u0259 olunub.<\/p>\n<p>Tibbi \u018frazi B\u00f6lm\u0259l\u0259rini \u0130dar\u0259etm\u0259 Birliyind\u0259n (T\u018fB\u0130B)\u00a0<strong>Oxu.Az<\/strong>-\u0131n sor\u011fusuna cavab olaraq bildirilib ki, fevral\u0131n 8-d\u0259 Zaqatalada ba\u015f ver\u0259n-yol-n\u0259qliyyat hadis\u0259si n\u0259tic\u0259sind\u0259 x\u0259sar\u0259t alan 2013-c\u00fc il t\u0259v\u0259ll\u00fcdl\u00fc azya\u015fl\u0131 (ki\u015fi cinsli) b\u0259d\u0259nin \u00e7oxsayl\u0131 travmas\u0131 diaqnozu il\u0259 Zaqatala Rayon M\u0259rk\u0259zi X\u0259st\u0259xanas\u0131na \u00e7atd\u0131r\u0131l\u0131b:<\/p>\n<div><iframe loading=\"lazy\" title=\"YouTube video player\" src=\"https:\/\/www.youtube.com\/embed\/yJLG-YgWRxA?si=AlzVWJ88sI9BoTBm\" width=\"560\" height=\"315\" frameborder=\"0\" allowfullscreen=\"allowfullscreen\" data-mce-fragment=\"1\"><\/iframe><\/div>\n<p>\u201cV\u0259ziyy\u0259ti a\u011f\u0131r olan x\u0259st\u0259y\u0259 m\u00fcvafiq tibbi yard\u0131m g\u00f6st\u0259rilib. Fevral\u0131n 9-da saat 05:30-da is\u0259 t\u0259cili tibbi yard\u0131m ma\u015f\u0131n\u0131 il\u0259\u00a0Kliniki Tibbi M\u0259rk\u0259z\u0259 t\u0259xliy\u0259 olunub. V\u0259ziyy\u0259ti a\u011f\u0131r qiym\u0259tl\u0259ndirilir\u201d.<\/p>\n<p>Qeyd ed\u0259k ki, \u00f6t\u0259n g\u00fcn, saat 13 rad\u0259l\u0259rind\u0259 Zaqatala \u015f\u0259h\u0259r sakini, Emin Oqtay o\u011flu \u0130brahimov s\u00fcr\u00fcc\u00fcl\u00fck h\u00fcququ olmadan, el\u0259c\u0259 d\u0259 etibarnam\u0259siz idar\u0259 etdiyi \u201cMercedes-Benz\u201d markal\u0131, 39-BB-320 d\u00f6vl\u0259t qeydiyyat ni\u015fanl\u0131 avtomobill\u0259 Zaqatala rayonunun G\u00f6y\u0259m k\u0259ndi \u0259razisind\u0259 h\u0259r\u0259k\u0259td\u0259 olark\u0259n s\u0259rt d\u00f6ng\u0259d\u0259 idar\u0259etm\u0259ni itirm\u0259si n\u0259tic\u0259sind\u0259 yolun k\u0259nar\u0131 il\u0259 ged\u0259n 2013-c\u00fc il t\u0259v\u0259ll\u00fcdl\u00fc \u00fc\u00e7 m\u0259kt\u0259blini vurub.<\/p>\n<p>&nbsp;<\/p>\n<div class=\"gallery\">\n<div class=\"gallery-i\"><img src=\"https:\/\/cdn.oxu.az\/uploads\/W1siZiIsIjIwMjQvMDIvMDkvMTEvNTAvMjgvMGFlMTAyZGMtNzdmZi00MDE2LTgzYTUtZmI1ZDJmYjUyODBmL3phcWEuanBnIl0sWyJwIiwiZW5jb2RlIiwianBnIiwiLXF1YWxpdHkgODAiXSxbInAiLCJ0aHVtYiIsIjU5MHg1OTBcdTAwM2UiXV0?sha=b000c8174b1b2d26\" alt=\"\" \/><\/p>\n<div class=\"gallery-i-caption\"><\/div>\n<\/div>\n<\/div>\n<p>Hadis\u0259 n\u0259tic\u0259sind\u0259 azya\u015fl\u0131lardan Ramazan \u0130sayev v\u0259 Kamal Permadov hadis\u0259 yerind\u0259 h\u0259yatlar\u0131n\u0131 itiribl\u0259r, \u0130brahim \u0130brahimzad\u0259 is\u0259 x\u0259sar\u0259t al\u0131b.<\/p>\n<p>Xat\u0131rladaq ki, E.\u0130brahimov \u0259vv\u0259ll\u0259r Cinay\u0259t M\u0259c\u0259ll\u0259sinin 332.1-ci madd\u0259si il\u0259 m\u0259hkum olunubmu\u015f. O,\u00a0polis \u0259m\u0259kda\u015flar\u0131 t\u0259r\u0259find\u0259n tutulub. Cinay\u0259t i\u015fi \u00fczr\u0259 istintaq h\u0259r\u0259k\u0259tl\u0259ri davam etdirilir.<\/p>\n","protected":false},"excerpt":{"rendered":"<p>\u00d6t\u0259n g\u00fcn Zaqatalada\u00a0ba\u015f ver\u0259n yol-n\u0259qliyyat\u00a0hadis\u0259si n\u0259tic\u0259sind\u0259 x\u0259sar\u0259t alan 2013-c\u00fc il t\u0259v\u0259ll\u00fcdl\u00fc azya\u015fl\u0131 \u0130brahim \u0130brahimzad\u0259 Bak\u0131ya g\u0259tirilib. ARANTV.AZ-\u0131n m\u0259lumat\u0131na g\u00f6r\u0259, o\u00a0bu g\u00fcn s\u0259h\u0259r saatlar\u0131nda paytaxtdak\u0131 x\u0259st\u0259xanalar\u0131n birin\u0259 t\u0259xliy\u0259 olunub. Tibbi \u018frazi B\u00f6lm\u0259l\u0259rini \u0130dar\u0259etm\u0259 Birliyind\u0259n (T\u018fB\u0130B)\u00a0Oxu.Az-\u0131n sor\u011fusuna cavab olaraq bildirilib ki, fevral\u0131n 8-d\u0259 Zaqatalada ba\u015f ver\u0259n-yol-n\u0259qliyyat hadis\u0259si n\u0259tic\u0259sind\u0259 x\u0259sar\u0259t alan 2013-c\u00fc il t\u0259v\u0259ll\u00fcdl\u00fc azya\u015fl\u0131 (ki\u015fi cinsli) b\u0259d\u0259nin \u00e7oxsayl\u0131 travmas\u0131 diaqnozu il\u0259 Zaqatala Rayon M\u0259rk\u0259zi X\u0259st\u0259xanas\u0131na \u00e7atd\u0131r\u0131l\u0131b: \u201cV\u0259ziyy\u0259ti a\u011f\u0131r olan x\u0259st\u0259y\u0259 m\u00fcvafiq tibbi yard\u0131m g\u00f6st\u0259rilib. Fevral\u0131n 9-da saat 05:30-da is\u0259 t\u0259cili tibbi yard\u0131m ma\u015f\u0131n\u0131 il\u0259\u00a0Kliniki Tibbi M\u0259rk\u0259z\u0259 t\u0259xliy\u0259 olunub. V\u0259ziyy\u0259ti a\u011f\u0131r qiym\u0259tl\u0259ndirilir\u201d. Qeyd&hellip;<\/p>\n","protected":false},"author":2,"featured_media":688919,"comment_status":"closed","ping_status":"closed","sticky":false,"template":"","format":"standard","meta":{"om_disable_all_campaigns":false,"_monsterinsights_skip_tracking":false,"_monsterinsights_sitenote_active":false,"_monsterinsights_sitenote_note":"","_monsterinsights_sitenote_category":0},"categories":[1],"tags":[],"aioseo_notices":[],"gutentor_comment":0,"rttpg_featured_image_url":{"full":["https:\/\/arantv.az\/wp-content\/uploads\/2024\/02\/FotoJet-13-3.jpg",620,413,false],"landscape":["https:\/\/arantv.az\/wp-content\/uploads\/2024\/02\/FotoJet-13-3.jpg",620,413,false],"portraits":["https:\/\/arantv.az\/wp-content\/uploads\/2024\/02\/FotoJet-13-3.jpg",620,413,false],"thumbnail":["https:\/\/arantv.az\/wp-content\/uploads\/2024\/02\/FotoJet-13-3-500x280.jpg",500,280,true],"medium":["https:\/\/arantv.az\/wp-content\/uploads\/2024\/02\/FotoJet-13-3-548x365.jpg",548,365,true],"large":["https:\/\/arantv.az\/wp-content\/uploads\/2024\/02\/FotoJet-13-3.jpg",620,413,false],"1536x1536":["https:\/\/arantv.az\/wp-content\/uploads\/2024\/02\/FotoJet-13-3.jpg",620,413,false],"2048x2048":["https:\/\/arantv.az\/wp-content\/uploads\/2024\/02\/FotoJet-13-3.jpg",620,413,false],"post-thumbnail":["https:\/\/arantv.az\/wp-content\/uploads\/2024\/02\/FotoJet-13-3-240x172.jpg",240,172,true],"advps-thumb-one":["https:\/\/arantv.az\/wp-content\/uploads\/2024\/02\/FotoJet-13-3.jpg",620,413,false]},"rttpg_author":{"display_name":"V\u00fcsal Rafiqo\u011flu","author_link":"https:\/\/arantv.az\/?author=2"},"rttpg_comment":0,"rttpg_category":"<a href=\"https:\/\/arantv.az\/?cat=1\" rel=\"category\">C\u0259miyy\u0259t<\/a>","rttpg_excerpt":"\u00d6t\u0259n g\u00fcn Zaqatalada\u00a0ba\u015f ver\u0259n yol-n\u0259qliyyat\u00a0hadis\u0259si n\u0259tic\u0259sind\u0259 x\u0259sar\u0259t alan 2013-c\u00fc il t\u0259v\u0259ll\u00fcdl\u00fc azya\u015fl\u0131 \u0130brahim \u0130brahimzad\u0259 Bak\u0131ya g\u0259tirilib. ARANTV.AZ-\u0131n m\u0259lumat\u0131na g\u00f6r\u0259, o\u00a0bu g\u00fcn s\u0259h\u0259r saatlar\u0131nda paytaxtdak\u0131 x\u0259st\u0259xanalar\u0131n birin\u0259 t\u0259xliy\u0259 olunub. Tibbi \u018frazi B\u00f6lm\u0259l\u0259rini \u0130dar\u0259etm\u0259 Birliyind\u0259n (T\u018fB\u0130B)\u00a0Oxu.Az-\u0131n sor\u011fusuna cavab olaraq bildirilib ki, fevral\u0131n 8-d\u0259 Zaqatalada ba\u015f ver\u0259n-yol-n\u0259qliyyat hadis\u0259si n\u0259tic\u0259sind\u0259 x\u0259sar\u0259t alan 2013-c\u00fc il t\u0259v\u0259ll\u00fcdl\u00fc azya\u015fl\u0131 (ki\u015fi cinsli) b\u0259d\u0259nin&hellip;","_links":{"self":[{"href":"https:\/\/arantv.az\/index.php?rest_route=\/wp\/v2\/posts\/688918"}],"collection":[{"href":"https:\/\/arantv.az\/index.php?rest_route=\/wp\/v2\/posts"}],"about":[{"href":"https:\/\/arantv.az\/index.php?rest_route=\/wp\/v2\/types\/post"}],"author":[{"embeddable":true,"href":"https:\/\/arantv.az\/index.php?rest_route=\/wp\/v2\/users\/2"}],"replies":[{"embeddable":true,"href":"https:\/\/arantv.az\/index.php?rest_route=%2Fwp%2Fv2%2Fcomments&post=688918"}],"version-history":[{"count":0,"href":"https:\/\/arantv.az\/index.php?rest_route=\/wp\/v2\/posts\/688918\/revisions"}],"wp:featuredmedia":[{"embeddable":true,"href":"https:\/\/arantv.az\/index.php?rest_route=\/wp\/v2\/media\/688919"}],"wp:attachment":[{"href":"https:\/\/arantv.az\/index.php?rest_route=%2Fwp%2Fv2%2Fmedia&parent=688918"}],"wp:term":[{"taxonomy":"category","embeddable":true,"href":"https:\/\/arantv.az\/index.php?rest_route=%2Fwp%2Fv2%2Fcategories&post=688918"},{"taxonomy":"post_tag","embeddable":true,"href":"https:\/\/arantv.az\/index.php?rest_route=%2Fwp%2Fv2%2Ftags&post=688918"}],"curies":[{"name":"wp","href":"https:\/\/api.w.org\/{rel}","templated":true}]}}