{"id":689726,"date":"2024-02-12T11:50:07","date_gmt":"2024-02-12T07:50:07","guid":{"rendered":"https:\/\/arantv.az\/?p=689726"},"modified":"2024-02-12T11:50:07","modified_gmt":"2024-02-12T07:50:07","slug":"turkiy%c9%99d%c9%99-silahli-hucuma-hazirlasan-pkk-terrorculari-z%c9%99r%c9%99rsizl%c9%99sdirildil%c9%99r-video","status":"publish","type":"post","link":"https:\/\/arantv.az\/?p=689726","title":{"rendered":"T\u00fcrkiy\u0259d\u0259 silahl\u0131 h\u00fccuma haz\u0131rla\u015fan PKK terror\u00e7ular\u0131 z\u0259r\u0259rsizl\u0259\u015fdirildil\u0259r &#8211; V\u0130DEO"},"content":{"rendered":"<article class=\"news\">\n<div class=\"news-inner\">\n<p>T\u00fcrkiy\u0259 Silahl\u0131 Q\u00fcvv\u0259l\u0259ri F\u0131rat Kalkan\u0131 b\u00f6lg\u0259sin\u0259 h\u00fccuma haz\u0131rla\u015fan d\u00f6rd PKK\/YPG terror\u00e7usunu z\u0259r\u0259rsizl\u0259\u015fdirib.<\/p>\n<p>Bu bar\u0259d\u0259 T\u00fcrkiy\u0259 Milli M\u00fcdafi\u0259 Nazirliyinin \u201cX\u201d hesab\u0131nda payla\u015f\u0131m edilib.<\/p>\n<p>\u201cSuriyan\u0131n \u015fimal\u0131nda qan t\u00f6km\u0259kd\u0259n, b\u00f6lg\u0259 xalq\u0131n\u0131n \u0259min-amanl\u0131\u011f\u0131n\u0131 v\u0259 t\u0259hl\u00fck\u0259sizliyini pozmaqdan ba\u015fqa m\u0259qs\u0259di olmayan PKK\/YPG terror\u00e7ular\u0131na qar\u015f\u0131 \u0259m\u0259liyyatlar\u0131m\u0131z davam edir.<\/p>\n<p>T\u00fcrkiy\u0259 Silahl\u0131 Q\u00fcvv\u0259l\u0259rimiz F\u0131rat Kalkan\u0131 b\u00f6lg\u0259sind\u0259 h\u00fccuma haz\u0131rla\u015fan d\u00f6rd PKK\/YPG terror\u00e7usunu z\u0259r\u0259rsizl\u0259\u015fdirib\u201d, &#8211; dey\u0259 nazirlikd\u0259n veril\u0259n a\u00e7\u0131qlamada bildirilib.<\/p>\n<div>\n<div class=\"twitter-tweet twitter-tweet-rendered\"><iframe id=\"twitter-widget-0\" class=\"\" title=\"X Post\" src=\"https:\/\/platform.twitter.com\/embed\/Tweet.html?creatorScreenName=oxuaz&amp;dnt=false&amp;embedId=twitter-widget-0&amp;features=eyJ0ZndfdGltZWxpbmVfbGlzdCI6eyJidWNrZXQiOltdLCJ2ZXJzaW9uIjpudWxsfSwidGZ3X2ZvbGxvd2VyX2NvdW50X3N1bnNldCI6eyJidWNrZXQiOnRydWUsInZlcnNpb24iOm51bGx9LCJ0ZndfdHdlZXRfZWRpdF9iYWNrZW5kIjp7ImJ1Y2tldCI6Im9uIiwidmVyc2lvbiI6bnVsbH0sInRmd19yZWZzcmNfc2Vzc2lvbiI6eyJidWNrZXQiOiJvbiIsInZlcnNpb24iOm51bGx9LCJ0ZndfZm9zbnJfc29mdF9pbnRlcnZlbnRpb25zX2VuYWJsZWQiOnsiYnVja2V0Ijoib24iLCJ2ZXJzaW9uIjpudWxsfSwidGZ3X21peGVkX21lZGlhXzE1ODk3Ijp7ImJ1Y2tldCI6InRyZWF0bWVudCIsInZlcnNpb24iOm51bGx9LCJ0ZndfZXhwZXJpbWVudHNfY29va2llX2V4cGlyYXRpb24iOnsiYnVja2V0IjoxMjA5NjAwLCJ2ZXJzaW9uIjpudWxsfSwidGZ3X3Nob3dfYmlyZHdhdGNoX3Bpdm90c19lbmFibGVkIjp7ImJ1Y2tldCI6Im9uIiwidmVyc2lvbiI6bnVsbH0sInRmd19kdXBsaWNhdGVfc2NyaWJlc190b19zZXR0aW5ncyI6eyJidWNrZXQiOiJvbiIsInZlcnNpb24iOm51bGx9LCJ0ZndfdXNlX3Byb2ZpbGVfaW1hZ2Vfc2hhcGVfZW5hYmxlZCI6eyJidWNrZXQiOiJvbiIsInZlcnNpb24iOm51bGx9LCJ0ZndfdmlkZW9faGxzX2R5bmFtaWNfbWFuaWZlc3RzXzE1MDgyIjp7ImJ1Y2tldCI6InRydWVfYml0cmF0ZSIsInZlcnNpb24iOm51bGx9LCJ0ZndfbGVnYWN5X3RpbWVsaW5lX3N1bnNldCI6eyJidWNrZXQiOnRydWUsInZlcnNpb24iOm51bGx9LCJ0ZndfdHdlZXRfZWRpdF9mcm9udGVuZCI6eyJidWNrZXQiOiJvbiIsInZlcnNpb24iOm51bGx9fQ%3D%3D&amp;frame=false&amp;hideCard=false&amp;hideThread=false&amp;id=1756933516460216385&amp;lang=en&amp;origin=https%3A%2F%2Foxu.az%2Fworld%2F837273&amp;sessionId=b33c86bb31d90e6c137b443304cd1f6bd0db1623&amp;siteScreenName=oxuaz&amp;theme=light&amp;widgetsVersion=2615f7e52b7e0%3A1702314776716&amp;width=550px\" frameborder=\"0\" scrolling=\"no\" allowfullscreen=\"allowfullscreen\" data-tweet-id=\"1756933516460216385\" data-mce-fragment=\"1\"><\/iframe><\/div>\n<\/div>\n<\/div>\n<\/article>\n","protected":false},"excerpt":{"rendered":"<p>T\u00fcrkiy\u0259 Silahl\u0131 Q\u00fcvv\u0259l\u0259ri F\u0131rat Kalkan\u0131 b\u00f6lg\u0259sin\u0259 h\u00fccuma haz\u0131rla\u015fan d\u00f6rd PKK\/YPG terror\u00e7usunu z\u0259r\u0259rsizl\u0259\u015fdirib. Bu bar\u0259d\u0259 T\u00fcrkiy\u0259 Milli M\u00fcdafi\u0259 Nazirliyinin \u201cX\u201d hesab\u0131nda payla\u015f\u0131m edilib. \u201cSuriyan\u0131n \u015fimal\u0131nda qan t\u00f6km\u0259kd\u0259n, b\u00f6lg\u0259 xalq\u0131n\u0131n \u0259min-amanl\u0131\u011f\u0131n\u0131 v\u0259 t\u0259hl\u00fck\u0259sizliyini pozmaqdan ba\u015fqa m\u0259qs\u0259di olmayan PKK\/YPG terror\u00e7ular\u0131na qar\u015f\u0131 \u0259m\u0259liyyatlar\u0131m\u0131z davam edir. T\u00fcrkiy\u0259 Silahl\u0131 Q\u00fcvv\u0259l\u0259rimiz F\u0131rat Kalkan\u0131 b\u00f6lg\u0259sind\u0259 h\u00fccuma haz\u0131rla\u015fan d\u00f6rd PKK\/YPG terror\u00e7usunu z\u0259r\u0259rsizl\u0259\u015fdirib\u201d, &#8211; dey\u0259 nazirlikd\u0259n veril\u0259n a\u00e7\u0131qlamada bildirilib.<\/p>\n","protected":false},"author":2,"featured_media":689727,"comment_status":"closed","ping_status":"closed","sticky":false,"template":"","format":"standard","meta":{"om_disable_all_campaigns":false,"_monsterinsights_skip_tracking":false,"_monsterinsights_sitenote_active":false,"_monsterinsights_sitenote_note":"","_monsterinsights_sitenote_category":0},"categories":[7],"tags":[],"aioseo_notices":[],"gutentor_comment":0,"rttpg_featured_image_url":{"full":["https:\/\/arantv.az\/wp-content\/uploads\/2024\/02\/FotoJet-2024-02-12T110411.581.jpg",620,413,false],"landscape":["https:\/\/arantv.az\/wp-content\/uploads\/2024\/02\/FotoJet-2024-02-12T110411.581.jpg",620,413,false],"portraits":["https:\/\/arantv.az\/wp-content\/uploads\/2024\/02\/FotoJet-2024-02-12T110411.581.jpg",620,413,false],"thumbnail":["https:\/\/arantv.az\/wp-content\/uploads\/2024\/02\/FotoJet-2024-02-12T110411.581-500x280.jpg",500,280,true],"medium":["https:\/\/arantv.az\/wp-content\/uploads\/2024\/02\/FotoJet-2024-02-12T110411.581-548x365.jpg",548,365,true],"large":["https:\/\/arantv.az\/wp-content\/uploads\/2024\/02\/FotoJet-2024-02-12T110411.581.jpg",620,413,false],"1536x1536":["https:\/\/arantv.az\/wp-content\/uploads\/2024\/02\/FotoJet-2024-02-12T110411.581.jpg",620,413,false],"2048x2048":["https:\/\/arantv.az\/wp-content\/uploads\/2024\/02\/FotoJet-2024-02-12T110411.581.jpg",620,413,false],"post-thumbnail":["https:\/\/arantv.az\/wp-content\/uploads\/2024\/02\/FotoJet-2024-02-12T110411.581-240x172.jpg",240,172,true],"advps-thumb-one":["https:\/\/arantv.az\/wp-content\/uploads\/2024\/02\/FotoJet-2024-02-12T110411.581.jpg",620,413,false]},"rttpg_author":{"display_name":"V\u00fcsal Rafiqo\u011flu","author_link":"https:\/\/arantv.az\/?author=2"},"rttpg_comment":0,"rttpg_category":"<a href=\"https:\/\/arantv.az\/?cat=7\" rel=\"category\">D\u00fcnya<\/a>","rttpg_excerpt":"T\u00fcrkiy\u0259 Silahl\u0131 Q\u00fcvv\u0259l\u0259ri F\u0131rat Kalkan\u0131 b\u00f6lg\u0259sin\u0259 h\u00fccuma haz\u0131rla\u015fan d\u00f6rd PKK\/YPG terror\u00e7usunu z\u0259r\u0259rsizl\u0259\u015fdirib. Bu bar\u0259d\u0259 T\u00fcrkiy\u0259 Milli M\u00fcdafi\u0259 Nazirliyinin \u201cX\u201d hesab\u0131nda payla\u015f\u0131m edilib. \u201cSuriyan\u0131n \u015fimal\u0131nda qan t\u00f6km\u0259kd\u0259n, b\u00f6lg\u0259 xalq\u0131n\u0131n \u0259min-amanl\u0131\u011f\u0131n\u0131 v\u0259 t\u0259hl\u00fck\u0259sizliyini pozmaqdan ba\u015fqa m\u0259qs\u0259di olmayan PKK\/YPG terror\u00e7ular\u0131na qar\u015f\u0131 \u0259m\u0259liyyatlar\u0131m\u0131z davam edir. T\u00fcrkiy\u0259 Silahl\u0131 Q\u00fcvv\u0259l\u0259rimiz F\u0131rat Kalkan\u0131 b\u00f6lg\u0259sind\u0259 h\u00fccuma haz\u0131rla\u015fan d\u00f6rd PKK\/YPG terror\u00e7usunu z\u0259r\u0259rsizl\u0259\u015fdirib\u201d, &#8211; dey\u0259&hellip;","_links":{"self":[{"href":"https:\/\/arantv.az\/index.php?rest_route=\/wp\/v2\/posts\/689726"}],"collection":[{"href":"https:\/\/arantv.az\/index.php?rest_route=\/wp\/v2\/posts"}],"about":[{"href":"https:\/\/arantv.az\/index.php?rest_route=\/wp\/v2\/types\/post"}],"author":[{"embeddable":true,"href":"https:\/\/arantv.az\/index.php?rest_route=\/wp\/v2\/users\/2"}],"replies":[{"embeddable":true,"href":"https:\/\/arantv.az\/index.php?rest_route=%2Fwp%2Fv2%2Fcomments&post=689726"}],"version-history":[{"count":0,"href":"https:\/\/arantv.az\/index.php?rest_route=\/wp\/v2\/posts\/689726\/revisions"}],"wp:featuredmedia":[{"embeddable":true,"href":"https:\/\/arantv.az\/index.php?rest_route=\/wp\/v2\/media\/689727"}],"wp:attachment":[{"href":"https:\/\/arantv.az\/index.php?rest_route=%2Fwp%2Fv2%2Fmedia&parent=689726"}],"wp:term":[{"taxonomy":"category","embeddable":true,"href":"https:\/\/arantv.az\/index.php?rest_route=%2Fwp%2Fv2%2Fcategories&post=689726"},{"taxonomy":"post_tag","embeddable":true,"href":"https:\/\/arantv.az\/index.php?rest_route=%2Fwp%2Fv2%2Ftags&post=689726"}],"curies":[{"name":"wp","href":"https:\/\/api.w.org\/{rel}","templated":true}]}}