{"id":689755,"date":"2024-02-12T12:44:44","date_gmt":"2024-02-12T08:44:44","guid":{"rendered":"https:\/\/arantv.az\/?p=689755"},"modified":"2024-02-12T12:44:44","modified_gmt":"2024-02-12T08:44:44","slug":"q%c9%99rbi-az%c9%99rbaycan-icmasi-pasinyana-cavab-verib","status":"publish","type":"post","link":"https:\/\/arantv.az\/?p=689755","title":{"rendered":"Q\u0259rbi Az\u0259rbaycan \u0130cmas\u0131 Pa\u015finyana cavab verib"},"content":{"rendered":"<p>Q\u0259rbi Az\u0259rbaycan \u0130cmas\u0131 Erm\u0259nistan\u0131n ba\u015f naziri Nikol Pa\u015finyan\u0131n son m\u00fcsahib\u0259sind\u0259 s\u0259sl\u0259ndirdiyi fikirl\u0259r\u0259 cavab verib.<\/p>\n<p>Bununla ba\u011fl\u0131 \u0130cman\u0131n yayd\u0131\u011f\u0131 b\u0259yanatda bildirilib ki, Erm\u0259nistan\u0131n ba\u015f naziri n\u00f6vb\u0259ti d\u0259f\u0259 yalan dan\u0131\u015f\u0131b v\u0259 Az\u0259rbaycana b\u00f6htan at\u0131b:<\/p>\n<p>\u201cBu h\u0259min Erm\u0259nistand\u0131r ki, 30 il \u0259rzind\u0259 beyn\u0259lxalq h\u00fcququ, BMT Nizamnam\u0259sini, el\u0259 Nikol Pa\u015finyan\u0131n x\u00fcsusi olaraq istinad etdiyi 1991-ci il Alma-Ata b\u0259yannam\u0259sini pozaraq Az\u0259rbaycan \u0259razil\u0259rini i\u015f\u011fal etmi\u015fdir. Bu h\u0259min Erm\u0259nistand\u0131r ki, 2022-ci ilin sentyabr ay\u0131na q\u0259d\u0259r siyasi leksikonunda \u201c\u00f6lk\u0259l\u0259rin \u0259razi b\u00fct\u00f6vl\u00fcy\u00fc v\u0259 suverenliyi\u201d ifad\u0259si yer almam\u0131\u015fd\u0131r.<\/p>\n<p>2019-cu ild\u0259 vaxtil\u0259 i\u015f\u011fal edilmi\u015f \u0259razil\u0259rd\u0259 \u201cQaraba\u011f Erm\u0259nistand\u0131r v\u0259 n\u00f6qt\u0259\u201d dey\u0259n, V\u0259t\u0259n m\u00fcharib\u0259si zaman\u0131 Az\u0259rbaycan \u0259razil\u0259rind\u0259 h\u0259rbi toplant\u0131lar ke\u00e7irib h\u00fccum \u0259mri ver\u0259n, bizim &#8211; Q\u0259rbi az\u0259rbaycanl\u0131lar\u0131n qay\u0131d\u0131\u015f h\u00fcququnu inkar ed\u0259n bir \u015f\u0259xsin Az\u0259rbaycan\u0131n q\u0259l\u0259b\u0259sind\u0259n sonra ac\u0131nacaql\u0131 v\u0259ziyy\u0259t\u0259 d\u00fc\u015f\u0259r\u0259k indi \u00f6z\u00fcn\u00fc beyn\u0259lxalq h\u00fcquqa sadiq t\u0259r\u0259f kimi g\u00f6st\u0259rm\u0259si timsah g\u00f6z ya\u015flar\u0131ndan ba\u015fqa bir \u015fey deyil.<\/p>\n<p>Bir yandan \u201cQaraba\u011f\u0131 Az\u0259rbaycan \u0259razisi kimi tan\u0131y\u0131r\u0131q\u201d deyib, o biri t\u0259r\u0259fd\u0259n 2021-2026-c\u0131 il \u00fczr\u0259 Erm\u0259nistan h\u00f6kum\u0259tinin f\u0259aliyy\u0259t plan\u0131nda \u201cDa\u011fl\u0131q Qaraba\u011f\u0131n statusu\u201d, \u201cxilas namin\u0259 ayr\u0131lma\u201d kimi Az\u0259rbaycan\u0131n suverenliyini t\u0259hdid ed\u0259n qondarma ifad\u0259l\u0259r\u0259 yer verm\u0259kl\u0259, beyn\u0259lxalq m\u0259hk\u0259m\u0259l\u0259r\u0259 iddialarda Qaraba\u011f\u0131 Az\u0259rbaycandan k\u0259nar bir \u0259razi kimi t\u0259qdim etm\u0259kl\u0259 s\u00fclh m\u00fcqavil\u0259si olmur\u201d.<\/p>\n","protected":false},"excerpt":{"rendered":"<p>Q\u0259rbi Az\u0259rbaycan \u0130cmas\u0131 Erm\u0259nistan\u0131n ba\u015f naziri Nikol Pa\u015finyan\u0131n son m\u00fcsahib\u0259sind\u0259 s\u0259sl\u0259ndirdiyi fikirl\u0259r\u0259 cavab verib. Bununla ba\u011fl\u0131 \u0130cman\u0131n yayd\u0131\u011f\u0131 b\u0259yanatda bildirilib ki, Erm\u0259nistan\u0131n ba\u015f naziri n\u00f6vb\u0259ti d\u0259f\u0259 yalan dan\u0131\u015f\u0131b v\u0259 Az\u0259rbaycana b\u00f6htan at\u0131b: \u201cBu h\u0259min Erm\u0259nistand\u0131r ki, 30 il \u0259rzind\u0259 beyn\u0259lxalq h\u00fcququ, BMT Nizamnam\u0259sini, el\u0259 Nikol Pa\u015finyan\u0131n x\u00fcsusi olaraq istinad etdiyi 1991-ci il Alma-Ata b\u0259yannam\u0259sini pozaraq Az\u0259rbaycan \u0259razil\u0259rini i\u015f\u011fal etmi\u015fdir. Bu h\u0259min Erm\u0259nistand\u0131r ki, 2022-ci ilin sentyabr ay\u0131na q\u0259d\u0259r siyasi leksikonunda \u201c\u00f6lk\u0259l\u0259rin \u0259razi b\u00fct\u00f6vl\u00fcy\u00fc v\u0259 suverenliyi\u201d ifad\u0259si yer almam\u0131\u015fd\u0131r. 2019-cu ild\u0259 vaxtil\u0259 i\u015f\u011fal edilmi\u015f \u0259razil\u0259rd\u0259 \u201cQaraba\u011f Erm\u0259nistand\u0131r v\u0259 n\u00f6qt\u0259\u201d dey\u0259n, V\u0259t\u0259n&hellip;<\/p>\n","protected":false},"author":2,"featured_media":689756,"comment_status":"closed","ping_status":"closed","sticky":false,"template":"","format":"standard","meta":{"om_disable_all_campaigns":false,"_monsterinsights_skip_tracking":false,"_monsterinsights_sitenote_active":false,"_monsterinsights_sitenote_note":"","_monsterinsights_sitenote_category":0},"categories":[4],"tags":[],"aioseo_notices":[],"gutentor_comment":0,"rttpg_featured_image_url":{"full":["https:\/\/arantv.az\/wp-content\/uploads\/2024\/02\/Screenshot-2024-02-12-120736.jpg",620,413,false],"landscape":["https:\/\/arantv.az\/wp-content\/uploads\/2024\/02\/Screenshot-2024-02-12-120736.jpg",620,413,false],"portraits":["https:\/\/arantv.az\/wp-content\/uploads\/2024\/02\/Screenshot-2024-02-12-120736.jpg",620,413,false],"thumbnail":["https:\/\/arantv.az\/wp-content\/uploads\/2024\/02\/Screenshot-2024-02-12-120736-500x280.jpg",500,280,true],"medium":["https:\/\/arantv.az\/wp-content\/uploads\/2024\/02\/Screenshot-2024-02-12-120736-548x365.jpg",548,365,true],"large":["https:\/\/arantv.az\/wp-content\/uploads\/2024\/02\/Screenshot-2024-02-12-120736.jpg",620,413,false],"1536x1536":["https:\/\/arantv.az\/wp-content\/uploads\/2024\/02\/Screenshot-2024-02-12-120736.jpg",620,413,false],"2048x2048":["https:\/\/arantv.az\/wp-content\/uploads\/2024\/02\/Screenshot-2024-02-12-120736.jpg",620,413,false],"post-thumbnail":["https:\/\/arantv.az\/wp-content\/uploads\/2024\/02\/Screenshot-2024-02-12-120736-240x172.jpg",240,172,true],"advps-thumb-one":["https:\/\/arantv.az\/wp-content\/uploads\/2024\/02\/Screenshot-2024-02-12-120736.jpg",620,413,false]},"rttpg_author":{"display_name":"V\u00fcsal Rafiqo\u011flu","author_link":"https:\/\/arantv.az\/?author=2"},"rttpg_comment":0,"rttpg_category":"<a href=\"https:\/\/arantv.az\/?cat=4\" rel=\"category\">Siyas\u0259t<\/a>","rttpg_excerpt":"Q\u0259rbi Az\u0259rbaycan \u0130cmas\u0131 Erm\u0259nistan\u0131n ba\u015f naziri Nikol Pa\u015finyan\u0131n son m\u00fcsahib\u0259sind\u0259 s\u0259sl\u0259ndirdiyi fikirl\u0259r\u0259 cavab verib. Bununla ba\u011fl\u0131 \u0130cman\u0131n yayd\u0131\u011f\u0131 b\u0259yanatda bildirilib ki, Erm\u0259nistan\u0131n ba\u015f naziri n\u00f6vb\u0259ti d\u0259f\u0259 yalan dan\u0131\u015f\u0131b v\u0259 Az\u0259rbaycana b\u00f6htan at\u0131b: \u201cBu h\u0259min Erm\u0259nistand\u0131r ki, 30 il \u0259rzind\u0259 beyn\u0259lxalq h\u00fcququ, BMT Nizamnam\u0259sini, el\u0259 Nikol Pa\u015finyan\u0131n x\u00fcsusi olaraq istinad etdiyi 1991-ci il Alma-Ata b\u0259yannam\u0259sini pozaraq&hellip;","_links":{"self":[{"href":"https:\/\/arantv.az\/index.php?rest_route=\/wp\/v2\/posts\/689755"}],"collection":[{"href":"https:\/\/arantv.az\/index.php?rest_route=\/wp\/v2\/posts"}],"about":[{"href":"https:\/\/arantv.az\/index.php?rest_route=\/wp\/v2\/types\/post"}],"author":[{"embeddable":true,"href":"https:\/\/arantv.az\/index.php?rest_route=\/wp\/v2\/users\/2"}],"replies":[{"embeddable":true,"href":"https:\/\/arantv.az\/index.php?rest_route=%2Fwp%2Fv2%2Fcomments&post=689755"}],"version-history":[{"count":0,"href":"https:\/\/arantv.az\/index.php?rest_route=\/wp\/v2\/posts\/689755\/revisions"}],"wp:featuredmedia":[{"embeddable":true,"href":"https:\/\/arantv.az\/index.php?rest_route=\/wp\/v2\/media\/689756"}],"wp:attachment":[{"href":"https:\/\/arantv.az\/index.php?rest_route=%2Fwp%2Fv2%2Fmedia&parent=689755"}],"wp:term":[{"taxonomy":"category","embeddable":true,"href":"https:\/\/arantv.az\/index.php?rest_route=%2Fwp%2Fv2%2Fcategories&post=689755"},{"taxonomy":"post_tag","embeddable":true,"href":"https:\/\/arantv.az\/index.php?rest_route=%2Fwp%2Fv2%2Ftags&post=689755"}],"curies":[{"name":"wp","href":"https:\/\/api.w.org\/{rel}","templated":true}]}}