{"id":689931,"date":"2024-02-12T20:23:33","date_gmt":"2024-02-12T16:23:33","guid":{"rendered":"https:\/\/arantv.az\/?p=689931"},"modified":"2024-02-12T20:26:27","modified_gmt":"2024-02-12T16:26:27","slug":"s%c9%99l%c9%99finin-x%c9%99l%c9%99fi-fransanin-yeni-xin-r%c9%99hb%c9%99rinin-q%c9%99r%c9%99zi-s%c9%99rh-foto","status":"publish","type":"post","link":"https:\/\/arantv.az\/?p=689931","title":{"rendered":"S\u0259l\u0259finin x\u0259l\u0259fi: Fransan\u0131n yeni X\u0130N r\u0259hb\u0259rinin q\u0259r\u0259zi &#8211; \u015e\u018fRH + FOTO"},"content":{"rendered":"<p>Fransa C\u0259nubi Qafqazda s\u00fclh prosesin\u0259 mane olan d\u00f6vl\u0259tl\u0259r i\u00e7\u0259risind\u0259 liderliyini saxlay\u0131r. AT\u018fT-in ke\u00e7mi\u015f Minsk qrupunun \u00fczv\u00fc kimi n\u0259 30 illik i\u015f\u011fal d\u00f6vr\u00fcnd\u0259, n\u0259 d\u0259 2020-ci il \u0130kinci Qaraba\u011f m\u00fcharib\u0259sind\u0259n sonra Erm\u0259nistanla Az\u0259rbaycan aras\u0131nda s\u00fclh t\u0259\u015f\u0259bb\u00fcs\u00fc il\u0259 bir d\u0259f\u0259 d\u0259 olsun \u00e7\u0131x\u0131\u015f edib. \u018fksin\u0259, r\u0259smi Paris h\u0259r v\u0259chl\u0259 Erm\u0259nistanda revan\u015fist q\u00fcvv\u0259l\u0259ri d\u0259st\u0259kl\u0259yir, silahla t\u0259chiz edir.<\/p>\n<p>\u00d6t\u0259n h\u0259ft\u0259 Avropa turnesin\u0259 \u00e7\u0131xan Erm\u0259nistan\u0131n xarici i\u015fl\u0259r naziri Ararat Mirzoyan Fransada yeni h\u0259mkar\u0131 Stefan Sejurne il\u0259 g\u00f6r\u00fc\u015f\u00fcb. Yeni nazir d\u0259 ke\u00e7mi\u015f h\u0259mkar\u0131 Katrin Kolonnadan f\u0259rqli m\u00f6vqe ortaya qoymay\u0131b, q\u0259r\u0259zli, ikili standartlardan \u00e7\u0131x\u0131\u015f edib. M\u0259s\u0259l\u0259n, Erm\u0259nistan\u0131n suverenliyini qeyd-\u015f\u0259rtsiz d\u0259st\u0259kl\u0259dikl\u0259rini qeyd ed\u0259n nazir bu s\u0131rada Az\u0259rbaycan\u0131n ad\u0131n\u0131 bel\u0259 \u00e7\u0259km\u0259yib. \u018fv\u0259zind\u0259 m\u00fctt\u0259fiq elan etdiyi \u0130r\u0259van\u0131n yan\u0131nda olduqlar\u0131n\u0131 dil\u0259 g\u0259tirib.<\/p>\n<p>Fransa Xarici \u0130\u015fl\u0259r Nazirliyind\u0259n veril\u0259n yaz\u0131l\u0131 a\u00e7\u0131qlamada da bildirilib ki, Sejurne Mirzoyanla Erm\u0259nistan v\u0259 Az\u0259rbaycan aras\u0131nda normalla\u015fma dan\u0131\u015f\u0131qlar\u0131n\u0131 m\u00fczakir\u0259 edib. Erm\u0259ni nazir Fransan\u0131n C\u0259nubi Qafqazda t\u0259hl\u00fck\u0259sizlik \u00e7a\u011f\u0131r\u0131\u015flar\u0131n\u0131n aradan qald\u0131r\u0131lmas\u0131, \u0259dal\u0259tli v\u0259 sabit s\u00fclh\u00fcn b\u0259rq\u0259rar olmas\u0131 s\u0259yl\u0259rini y\u00fcks\u0259k qiym\u0259tl\u0259ndirib. Bildirilib ki, Fransan\u0131n\u00a0Erm\u0259nistana humanitar yard\u0131m\u0131 29 milyon avroya \u00e7at\u0131b. Bu yard\u0131m da Qaraba\u011f\u0131 k\u00f6n\u00fcll\u00fc t\u0259rk ed\u0259n erm\u0259nil\u0259r\u0259 ayr\u0131l\u0131b. Qeyd edilib ki, iki nazir, h\u0259m\u00e7inin Erm\u0259nistan, Fransa v\u0259 Avropa \u0130ttifaq\u0131 (A\u0130) aras\u0131nda \u0259m\u0259kda\u015fl\u0131\u011f\u0131n g\u00fccl\u0259ndirilm\u0259si, n\u0259qliyyat, enerji v\u0259 su sah\u0259l\u0259rind\u0259 infrastruktur layih\u0259l\u0259rinin inki\u015faf\u0131 m\u0259s\u0259l\u0259l\u0259rini m\u00fczakir\u0259 edibl\u0259r. Regional n\u0259qliyyat v\u0259 iqtisadi kanallar\u0131n bloklanmas\u0131 kontekstind\u0259 Mirzoyan qeyd edib ki, Erm\u0259nistan \u00fc\u00e7\u00fcn vacib olan m\u0259s\u0259l\u0259l\u0259r \u201cS\u00fclh k\u0259si\u015fm\u0259si\u201d proqram\u0131nda \u00f6z \u0259ksini tap\u0131b.<\/p>\n<p><img src=\"https:\/\/cdn.oxu.az\/uploads\/W1siZiIsIjIwMjQvMDIvMTIvMTcvMDAvMTIvMjdkNjRkZTQtMjI2OC00MmQzLTlkZjMtZjllZjc0ZTdhN2MwL2YxMS5qcGciXSxbInAiLCJlbmNvZGUiLCJqcGciLCItcXVhbGl0eSA4MCJdLFsicCIsInRodW1iIiwiNTkweDU5MFx1MDAzZSJdXQ?sha=3b9fa44a3aebfe53\" alt=\"\" \/><\/p>\n<p>Bel\u0259likl\u0259, Fransa t\u0259r\u0259fi n\u00f6vb\u0259ti d\u0259f\u0259 Erm\u0259nistanla Az\u0259rbaycan aras\u0131nda vasit\u0259\u00e7ilik missiyas\u0131n\u0131n \u00fcst\u00fcnd\u0259n x\u0259tt \u00e7\u0259kmi\u015f olub. \u00dcmid etm\u0259k olard\u0131 ki, yeni nazir \u00f6lk\u0259sinin q\u0259r\u0259zli m\u00f6vqeyind\u0259n \u0259l \u00e7\u0259k\u0259c\u0259k. Lakin bu\u00a0ba\u015f verm\u0259yib.<\/p>\n<p>\u018fvv\u0259la, nazir Erm\u0259nistan\u0131n suverenliyini m\u00fcdafi\u0259 ed\u0259c\u0259kl\u0259rini n\u00f6vb\u0259ti d\u0259f\u0259 b\u0259yan edib. Sual olunur &#8211; Erm\u0259nistan\u0131n m\u00fcst\u0259qilliyin\u0259 kim t\u0259hl\u00fck\u0259 yarad\u0131r? N\u0259 Az\u0259rbaycan, n\u0259 dig\u0259r qon\u015fular &#8211; T\u00fcrkiy\u0259, \u0130ran v\u0259 G\u00fcrc\u00fcstan bu iddia il\u0259 \u00e7\u0131x\u0131\u015f etm\u0259yibl\u0259r. Az\u0259rbaycan is\u0259 beyn\u0259lxalq h\u00fcquq prinsipl\u0259ri il\u0259 t\u0259sbit olunmu\u015f \u0259razil\u0259rinin b\u0259rpas\u0131n\u0131 h\u0259yata ke\u00e7irib. He\u00e7 bir d\u00f6vl\u0259t\u0259, o c\u00fcml\u0259d\u0259n Erm\u0259nistana qar\u015f\u0131 \u0259razi iddias\u0131 il\u0259 \u00e7\u0131x\u0131\u015f etm\u0259yib.<\/p>\n<p>\u0130kincisi, Ararat Mirzoyan Fransan\u0131n C\u0259nubi Qafqazda t\u0259hl\u00fck\u0259sizlik \u00e7a\u011f\u0131r\u0131\u015flar\u0131n\u0131n aradan qald\u0131r\u0131lmas\u0131na, o c\u00fcml\u0259d\u0259n \u0259dal\u0259tli v\u0259 sabit d\u00fcnyan\u0131n yarad\u0131lmas\u0131na y\u00f6n\u0259lmi\u015f x\u00fcsusi diqq\u0259t v\u0259 s\u0259yl\u0259rini y\u00fcks\u0259k qiym\u0259tl\u0259ndirib. Hans\u0131 t\u0259klif v\u0259 s\u0259yl\u0259rd\u0259n s\u00f6hb\u0259t gedir? Ax\u0131 Makron h\u00f6kum\u0259ti vasit\u0259\u00e7id\u0259n \u00e7ox qat\u0131 erm\u0259nip\u0259r\u0259st m\u00f6vqeyi il\u0259 se\u00e7ilib, Erm\u0259nistan\u0131 silahland\u0131r\u0131b, \u0259razi b\u00fct\u00f6vl\u00fcy\u00fcn\u00fc t\u0259min ed\u0259n Az\u0259rbaycan\u0131 h\u0259d\u0259l\u0259yib!<\/p>\n<p><img src=\"https:\/\/cdn.oxu.az\/uploads\/W1siZiIsIjIwMjQvMDIvMTIvMTcvMDAvMTcvYzUyYzNhZjMtYmQxNy00YmE5LWIyMmMtZWNlMDI2Zjc4MGY1L2YxMi5qcGciXSxbInAiLCJlbmNvZGUiLCJqcGciLCItcXVhbGl0eSA4MCJdLFsicCIsInRodW1iIiwiNTkweDU5MFx1MDAzZSJdXQ?sha=d9024352d2e48251\" alt=\"\" \/><\/p>\n<div id=\"22889818619\"><\/div>\n<p>\u00dc\u00e7\u00fcnc\u00fcs\u00fc, Fransa X\u0130N r\u0259hb\u0259ri b\u0259yan edib ki, Qaraba\u011fdan k\u00f6\u00e7 ed\u0259nl\u0259r\u0259 yard\u0131mlar art\u0131r\u0131lacaq. D\u00fczd\u00fcr, r\u0259smi Paris m\u00fctt\u0259fiq adland\u0131rd\u0131\u011f\u0131 \u00f6lk\u0259y\u0259 yard\u0131m etm\u0259kd\u0259 s\u0259rb\u0259stdir. Ancaq m\u0259s\u0259l\u0259 ondad\u0131r ki, 30 il\u0259 yax\u0131n Az\u0259rbaycan torpaqlar\u0131 i\u015f\u011fal alt\u0131nda qal\u0131b, y\u00fczminl\u0259rl\u0259 az\u0259rbaycanl\u0131 \u00f6z ev-e\u015fiyind\u0259n did\u0259rgin sal\u0131n\u0131b. Fransa n\u0259 h\u0259min insanlara yard\u0131m edib, n\u0259 d\u0259 h\u00fcquqlar\u0131n\u0131n pozulmas\u0131ndan dan\u0131\u015f\u0131b. Halbuki, m\u00fcnaqi\u015f\u0259nin nizamlanmas\u0131 il\u0259 m\u0259\u015f\u011ful olan d\u00f6vl\u0259t kimi ilk bunu etm\u0259li idi.<\/p>\n<p>D\u00f6rd\u00fcnc\u00fcs\u00fc, Fransan\u0131n, daha d\u0259qiq ifad\u0259 ets\u0259k, Prezident Emmanuel Makronun Az\u0259rbaycan q\u0259r\u0259zi t\u0259k Qaraba\u011f m\u0259s\u0259l\u0259sind\u0259 deyil. A\u0130 \u015euras\u0131n\u0131n prezidenti \u015earl Mi\u015fel\u00a0<strong>\u0130lham \u018fliyevi\u00a0<\/strong>fevral\u0131n 7-d\u0259 Az\u0259rbaycanda ke\u00e7iril\u0259n n\u00f6vb\u0259d\u0259nk\u0259nar prezident se\u00e7kisind\u0259 q\u0259l\u0259b\u0259 qazanmas\u0131 m\u00fcnasib\u0259til\u0259 t\u0259brik ets\u0259 d\u0259, analoji t\u0259brik Fransadan h\u0259l\u0259 d\u0259 daxil olmay\u0131b. Bundan \u00f6nc\u0259 d\u0259 Fransa \u0259razi b\u00fct\u00f6vl\u00fcy\u00fcn\u00fc v\u0259 suverenliyini b\u0259rpa ed\u0259n Az\u0259rbaycan\u0131 t\u0259brik etm\u0259mi\u015fdi.<\/p>\n<p><img src=\"https:\/\/cdn.oxu.az\/uploads\/W1siZiIsIjIwMjQvMDIvMTIvMTcvMDAvMjMvMjUyOWE2NzYtNjRjNy00NTczLThlY2UtMjEzZTBhZTc4NWViL2YxMy5qcGVnIl0sWyJwIiwiZW5jb2RlIiwianBnIiwiLXF1YWxpdHkgODAiXSxbInAiLCJ0aHVtYiIsIjU5MHg1OTBcdTAwM2UiXV0?sha=b1b8a702f4f36c40\" alt=\"\" \/><\/p>\n<p>Bel\u0259likl\u0259, \u00fcmid etm\u0259k olard\u0131 ki, qat\u0131 erm\u0259nip\u0259r\u0259st X\u0130N r\u0259hb\u0259rini \u0259v\u0259z ed\u0259n Stefan Sejurne Az\u0259rbaycanla ba\u011fl\u0131 Kolonnadan f\u0259rqli m\u00f6vqe n\u00fcmayi\u015f etdir\u0259c\u0259k, m\u00fcnasib\u0259tl\u0259rin normalla\u015fmas\u0131na, s\u00fclh \u00e7a\u011f\u0131r\u0131\u015flar\u0131na d\u0259st\u0259k n\u00fcmayi\u015f etdir\u0259c\u0259k. Lakin bu\u00a0ba\u015f verm\u0259yib. O da Kolonna kimi q\u0259r\u0259zli m\u00f6vqe ortaya qoyub. G\u00f6r\u00fcn\u0259n d\u0259 odur ki, Makronun idar\u0259\u00e7iliyi d\u00f6vr\u00fcnd\u0259 xarici siyas\u0259td\u0259 davam ed\u0259n x\u0259tt d\u0259yi\u015fm\u0259z qalacaq. Bu da o dem\u0259kdir ki, xarici siyas\u0259td\u0259 u\u011fursuzluqlar davam ed\u0259c\u0259k. Ke\u00e7mi\u015f m\u00fcst\u0259ml\u0259k\u0259l\u0259rd\u0259n biab\u0131rcas\u0131na qovulan Fransan\u0131 u\u011fursuzluqlar g\u00f6zl\u0259yir.<\/p>\n<p>Erm\u0259nistan is\u0259 anlamal\u0131d\u0131r ki, Fransa ondan istifad\u0259 edir. R\u0259smi Paris \u0130r\u0259van\u0131 silahland\u0131rmaqla onu n\u00f6vb\u0259ti bataql\u0131\u011fa s\u00fcr\u00fckl\u0259yir. Odur ki, Erm\u0259nistan Fransan\u0131n \u00e7irkin v\u0259 da\u011f\u0131d\u0131c\u0131, riyakar planlar\u0131na d\u0259st\u0259k verm\u0259kd\u0259n imtina etm\u0259li, regional \u0259m\u0259kda\u015fl\u0131\u011fa, s\u00fclh prosesin\u0259 d\u0259st\u0259k verm\u0259lidir.<\/p>\n<p>&nbsp;<\/p>\n","protected":false},"excerpt":{"rendered":"<p>Fransa C\u0259nubi Qafqazda s\u00fclh prosesin\u0259 mane olan d\u00f6vl\u0259tl\u0259r i\u00e7\u0259risind\u0259 liderliyini saxlay\u0131r. AT\u018fT-in ke\u00e7mi\u015f Minsk qrupunun \u00fczv\u00fc kimi n\u0259 30 illik i\u015f\u011fal d\u00f6vr\u00fcnd\u0259, n\u0259 d\u0259 2020-ci il \u0130kinci Qaraba\u011f m\u00fcharib\u0259sind\u0259n sonra Erm\u0259nistanla Az\u0259rbaycan aras\u0131nda s\u00fclh t\u0259\u015f\u0259bb\u00fcs\u00fc il\u0259 bir d\u0259f\u0259 d\u0259 olsun \u00e7\u0131x\u0131\u015f edib. \u018fksin\u0259, r\u0259smi Paris h\u0259r v\u0259chl\u0259 Erm\u0259nistanda revan\u015fist q\u00fcvv\u0259l\u0259ri d\u0259st\u0259kl\u0259yir, silahla t\u0259chiz edir. \u00d6t\u0259n h\u0259ft\u0259 Avropa turnesin\u0259 \u00e7\u0131xan Erm\u0259nistan\u0131n xarici i\u015fl\u0259r naziri Ararat Mirzoyan Fransada yeni h\u0259mkar\u0131 Stefan Sejurne il\u0259 g\u00f6r\u00fc\u015f\u00fcb. Yeni nazir d\u0259 ke\u00e7mi\u015f h\u0259mkar\u0131 Katrin Kolonnadan f\u0259rqli m\u00f6vqe ortaya qoymay\u0131b, q\u0259r\u0259zli, ikili standartlardan \u00e7\u0131x\u0131\u015f edib. M\u0259s\u0259l\u0259n, Erm\u0259nistan\u0131n&hellip;<\/p>\n","protected":false},"author":2,"featured_media":689932,"comment_status":"closed","ping_status":"closed","sticky":false,"template":"","format":"standard","meta":{"om_disable_all_campaigns":false,"_monsterinsights_skip_tracking":false,"_monsterinsights_sitenote_active":false,"_monsterinsights_sitenote_note":"","_monsterinsights_sitenote_category":0},"categories":[4],"tags":[],"aioseo_notices":[],"gutentor_comment":0,"rttpg_featured_image_url":{"full":["https:\/\/arantv.az\/wp-content\/uploads\/2024\/02\/lkkkk.jpg",620,413,false],"landscape":["https:\/\/arantv.az\/wp-content\/uploads\/2024\/02\/lkkkk.jpg",620,413,false],"portraits":["https:\/\/arantv.az\/wp-content\/uploads\/2024\/02\/lkkkk.jpg",620,413,false],"thumbnail":["https:\/\/arantv.az\/wp-content\/uploads\/2024\/02\/lkkkk-500x280.jpg",500,280,true],"medium":["https:\/\/arantv.az\/wp-content\/uploads\/2024\/02\/lkkkk-548x365.jpg",548,365,true],"large":["https:\/\/arantv.az\/wp-content\/uploads\/2024\/02\/lkkkk.jpg",620,413,false],"1536x1536":["https:\/\/arantv.az\/wp-content\/uploads\/2024\/02\/lkkkk.jpg",620,413,false],"2048x2048":["https:\/\/arantv.az\/wp-content\/uploads\/2024\/02\/lkkkk.jpg",620,413,false],"post-thumbnail":["https:\/\/arantv.az\/wp-content\/uploads\/2024\/02\/lkkkk-240x172.jpg",240,172,true],"advps-thumb-one":["https:\/\/arantv.az\/wp-content\/uploads\/2024\/02\/lkkkk.jpg",620,413,false]},"rttpg_author":{"display_name":"V\u00fcsal Rafiqo\u011flu","author_link":"https:\/\/arantv.az\/?author=2"},"rttpg_comment":0,"rttpg_category":"<a href=\"https:\/\/arantv.az\/?cat=4\" rel=\"category\">Siyas\u0259t<\/a>","rttpg_excerpt":"Fransa C\u0259nubi Qafqazda s\u00fclh prosesin\u0259 mane olan d\u00f6vl\u0259tl\u0259r i\u00e7\u0259risind\u0259 liderliyini saxlay\u0131r. AT\u018fT-in ke\u00e7mi\u015f Minsk qrupunun \u00fczv\u00fc kimi n\u0259 30 illik i\u015f\u011fal d\u00f6vr\u00fcnd\u0259, n\u0259 d\u0259 2020-ci il \u0130kinci Qaraba\u011f m\u00fcharib\u0259sind\u0259n sonra Erm\u0259nistanla Az\u0259rbaycan aras\u0131nda s\u00fclh t\u0259\u015f\u0259bb\u00fcs\u00fc il\u0259 bir d\u0259f\u0259 d\u0259 olsun \u00e7\u0131x\u0131\u015f edib. \u018fksin\u0259, r\u0259smi Paris h\u0259r v\u0259chl\u0259 Erm\u0259nistanda revan\u015fist q\u00fcvv\u0259l\u0259ri d\u0259st\u0259kl\u0259yir, silahla t\u0259chiz edir. \u00d6t\u0259n&hellip;","_links":{"self":[{"href":"https:\/\/arantv.az\/index.php?rest_route=\/wp\/v2\/posts\/689931"}],"collection":[{"href":"https:\/\/arantv.az\/index.php?rest_route=\/wp\/v2\/posts"}],"about":[{"href":"https:\/\/arantv.az\/index.php?rest_route=\/wp\/v2\/types\/post"}],"author":[{"embeddable":true,"href":"https:\/\/arantv.az\/index.php?rest_route=\/wp\/v2\/users\/2"}],"replies":[{"embeddable":true,"href":"https:\/\/arantv.az\/index.php?rest_route=%2Fwp%2Fv2%2Fcomments&post=689931"}],"version-history":[{"count":0,"href":"https:\/\/arantv.az\/index.php?rest_route=\/wp\/v2\/posts\/689931\/revisions"}],"wp:featuredmedia":[{"embeddable":true,"href":"https:\/\/arantv.az\/index.php?rest_route=\/wp\/v2\/media\/689932"}],"wp:attachment":[{"href":"https:\/\/arantv.az\/index.php?rest_route=%2Fwp%2Fv2%2Fmedia&parent=689931"}],"wp:term":[{"taxonomy":"category","embeddable":true,"href":"https:\/\/arantv.az\/index.php?rest_route=%2Fwp%2Fv2%2Fcategories&post=689931"},{"taxonomy":"post_tag","embeddable":true,"href":"https:\/\/arantv.az\/index.php?rest_route=%2Fwp%2Fv2%2Ftags&post=689931"}],"curies":[{"name":"wp","href":"https:\/\/api.w.org\/{rel}","templated":true}]}}