{"id":689935,"date":"2024-02-12T20:24:32","date_gmt":"2024-02-12T16:24:32","guid":{"rendered":"https:\/\/arantv.az\/?p=689935"},"modified":"2024-02-12T20:24:32","modified_gmt":"2024-02-12T16:24:32","slug":"erm%c9%99nistanin-mina-x%c9%99rit%c9%99si-oyunu-saxta-m%c9%99lumatlar-sulh-gund%c9%99liyin%c9%99-kolg%c9%99-salir-s%c9%99rh-foto","status":"publish","type":"post","link":"https:\/\/arantv.az\/?p=689935","title":{"rendered":"Erm\u0259nistan\u0131n mina x\u0259rit\u0259si oyunu: Saxta m\u0259lumatlar s\u00fclh g\u00fcnd\u0259liyin\u0259 k\u00f6lg\u0259 sal\u0131r &#8211; \u015e\u018fRH + FOTO"},"content":{"rendered":"<p>Erm\u0259nistanla Az\u0259rbaycan aras\u0131nda s\u00fclh sazi\u015finin, bel\u0259 dem\u0259k m\u00fcmk\u00fcns\u0259, dalana dir\u0259nm\u0259sinin bir ne\u00e7\u0259 s\u0259b\u0259bi var. Bunlardan biri d\u0259 minal\u0131 \u0259razil\u0259rin x\u0259rit\u0259sinin Az\u0259rbaycana verilm\u0259m\u0259sidir.<\/p>\n<p>\u00dcmumiyy\u0259tl\u0259, \u0130r\u0259van son vaxtlara kimi bu x\u0259rit\u0259l\u0259rin onlarda oldu\u011funu da dan\u0131rd\u0131. Erm\u0259nistan\u0131n xarici i\u015fl\u0259r naziri Ararat Mirzoyan yanvar\u0131n 23-d\u0259 bildirmi\u015fdi ki, g\u0259l\u0259c\u0259kd\u0259 h\u0259min x\u0259rit\u0259l\u0259rin Bak\u0131ya t\u0259hvil verilm\u0259si m\u00fcmk\u00fcnd\u00fcr. Erm\u0259nistan Milli T\u0259hl\u00fck\u0259sizlik Xidm\u0259tinin yanvar\u0131n 25-d\u0259 yayd\u0131\u011f\u0131 m\u0259lumatda g\u00f6st\u0259rilib ki, \u0130r\u0259van Bak\u0131ya s\u0259kkiz mina x\u0259rit\u0259sini t\u0259hvil verm\u0259y\u0259 haz\u0131rd\u0131r. Erm\u0259nistan K\u0130V-in m\u0259lumat\u0131na g\u00f6r\u0259 is\u0259 proses\u0259 \u015f\u0259xs\u0259n ba\u015f nazir Nikol Pa\u015finyan n\u0259zar\u0259t edir. \u201cHraparak\u201d n\u0259\u015fri yaz\u0131b ki, o, bu m\u0259s\u0259l\u0259 il\u0259 ba\u011fl\u0131 x\u00fcsusi iclas ke\u00e7irib.<\/p>\n<p>Bel\u0259likl\u0259, ilk d\u0259f\u0259 olaraq A.Mirzoyan x\u0259rit\u0259l\u0259rin Erm\u0259nistanda oldu\u011funu t\u0259sdiql\u0259mi\u015f oldu. Yay\u0131lan dig\u0259r m\u0259lumatlar da h\u0259min topoqrafik x\u0259rit\u0259l\u0259rin Erm\u0259nistanda oldu\u011funu t\u0259sdiql\u0259yir. Sad\u0259c\u0259 olaraq, Pa\u015finyan administrasiyas\u0131 bu m\u0259s\u0259l\u0259ni siyasi al\u0131\u015f-veri\u015f predmetin\u0259 \u00e7evirm\u0259y\u0259 v\u0259 g\u0259l\u0259c\u0259k s\u00fclh sazi\u015find\u0259 hans\u0131sa maraqlar\u0131n\u0131n t\u0259min olunmas\u0131na \u00e7al\u0131\u015f\u0131r. H\u0259r\u00e7\u0259nd, Erm\u0259nistan \u00f6z\u00fc d\u0259 ba\u015fa d\u00fc\u015f\u00fcr ki, minal\u0131 \u0259razil\u0259rin x\u0259rit\u0259sinin Az\u0259rbaycana verilm\u0259m\u0259si s\u00fclh prosesini sual alt\u0131na salmaqla yana\u015f\u0131, h\u0259m d\u0259 beyn\u0259lxalq ictimaiyy\u0259td\u0259 bu d\u00f6vl\u0259t\u0259 qar\u015f\u0131 m\u0259nfi reaksiya yarad\u0131r.<\/p>\n<p><img src=\"https:\/\/cdn.oxu.az\/uploads\/W1siZiIsIjIwMjQvMDIvMTIvMTYvMDIvMDMvNTVmYTVlNGItMGQ2Mi00MGRmLThhZTgtYjdhNjllNzAxODc0LzM1NGI2ZTI2LTRhNjAtM2I5NS05ZWViLTk0MTg0MWNjNjkwYS5qcGciXSxbInAiLCJlbmNvZGUiLCJqcGciLCItcXVhbGl0eSA4MCJdLFsicCIsInRodW1iIiwiNTkweDU5MFx1MDAzZSJdXQ?sha=0b67e2200116b9a1\" alt=\"\" \/><\/p>\n<p>Az\u0259rbaycan Minat\u0259mizl\u0259m\u0259 Agentliyi (ANAMA) bu g\u00fcn i\u015f\u011faldan azad edilmi\u015f \u0259razil\u0259rd\u0259 m\u00f6vcud olan mina sah\u0259l\u0259rin\u0259 dair Erm\u0259nistan\u0131n s\u0259kkiz formulyar\u0131 Az\u0259rbaycana t\u0259qdim etdiyin\u0259 dair m\u0259lumat yay\u0131b. Bildirilib ki, t\u0259qdim olunan formulyarlar, \u0259sas\u0259n, K\u0259lb\u0259c\u0259r rayonu Murovda\u011f silsil\u0259sini \u0259hat\u0259 ed\u0259n minalanm\u0131\u015f \u0259razil\u0259r\u0259 dair qeydl\u0259rd\u0259n ibar\u0259tdir. ANAMA vur\u011fulay\u0131b ki, normativ texniki qaydalara \u0259sas\u0259n, mina sah\u0259l\u0259rinin formulyarlar\u0131nda istinad n\u00f6qt\u0259l\u0259ri, basd\u0131r\u0131lm\u0131\u015f minalar\u0131n n\u00f6vl\u0259ri, saylar\u0131, ara m\u0259saf\u0259l\u0259ri, basd\u0131r\u0131lma v\u0259 gizl\u0259tm\u0259 \u00fcsullar\u0131na dair m\u0259lumatlar qeyd olunur:<\/p>\n<p>\u201cLakin \u0259vv\u0259l oldu\u011fu kimi, son t\u0259qdim edil\u0259n formulyarlarda da m\u0259lumatlar qeyri-d\u0259qiq, etibars\u0131z v\u0259 natamam \u0259ks olunub. Formulyarlar \u00fcz\u0259rind\u0259 t\u0259hlil v\u0259 emal i\u015fl\u0259ri apar\u0131ld\u0131qdan sonra qeyd edil\u0259n m\u0259lumatlar\u0131n real mina sah\u0259l\u0259ri il\u0259 uzla\u015fmad\u0131\u011f\u0131, istinad n\u00f6qt\u0259l\u0259rinin koordinatlar\u0131n\u0131n yanl\u0131\u015f v\u0259 yarars\u0131z oldu\u011fu m\u00fc\u0259yy\u0259n edilib.<\/p>\n<p>\u00dcmumilikd\u0259, mina sah\u0259l\u0259rin\u0259 dair Erm\u0259nistan t\u0259r\u0259find\u0259n t\u0259qdim edil\u0259n formulyarlar ke\u00e7mi\u015f t\u0259mas x\u0259tti boyu \u0259razil\u0259rin bir qismini \u0259hat\u0259 edir. Ke\u00e7mi\u015f t\u0259mas x\u0259ttinin Xocav\u0259nd, T\u0259rt\u0259r v\u0259 Goranboy rayonlar\u0131 \u0259razisind\u0259n ke\u00e7\u0259n hiss\u0259si, habel\u0259 2020-ci ilin noyabr ay\u0131nda geri \u00e7\u0259kil\u0259n zaman Erm\u0259nistan h\u0259rbi birl\u0259\u015fm\u0259l\u0259ri t\u0259r\u0259find\u0259n minalanm\u0131\u015f \u0259razil\u0259r bar\u0259d\u0259 m\u0259lumatlar h\u0259l\u0259 d\u0259 t\u0259qdim edilm\u0259yib\u201d.<\/p>\n<p><img src=\"https:\/\/cdn.oxu.az\/uploads\/W1siZiIsIjIwMjQvMDIvMTIvMTYvMDIvMDMvNjQ0OThjZmYtMmJhMC00Y2ZhLWE2OGItYTg4MWRjMDY3ZGNmLzJlMGZiZjU2LWMzYzktM2RlYS1iMTRhLTE4NzQ1NzBkNjgzNy5qcGciXSxbInAiLCJlbmNvZGUiLCJqcGciLCItcXVhbGl0eSA4MCJdLFsicCIsInRodW1iIiwiNTkweDU5MFx1MDAzZSJdXQ?sha=53732d97d0f8316a\" alt=\"\" \/><\/p>\n<p>Qurumun m\u0259lumat\u0131nda qeyd edilib ki, Erm\u0259nistan t\u0259r\u0259find\u0259n A\u011fdam, F\u00fczuli, C\u0259bray\u0131l v\u0259 Z\u0259ngilan rayonlar\u0131nda basd\u0131r\u0131lan mina sah\u0259l\u0259rin\u0259 dair 2021-ci ild\u0259 verilmi\u015f m\u0259lumatlar\u0131n d\u0259qiqliyi 25% t\u0259\u015fkil edib.<\/p>\n<p>Bel\u0259likl\u0259, m\u0259lum olur ki, Erm\u0259nistan\u0131n Az\u0259rbaycana topoqrafik m\u0259lumatlar\u0131 verm\u0259si, \u0259slind\u0259, he\u00e7 d\u0259 qar\u015f\u0131 t\u0259r\u0259fin iddia etdiyi kimi, m\u00fcsb\u0259t qiym\u0259tl\u0259ndiril\u0259si m\u0259s\u0259l\u0259 deyil. Erm\u0259nistan daha \u0259vv\u0259l d\u0259 Az\u0259rbaycana x\u0259rit\u0259l\u0259r vermi\u015fdi. Amma bunlar qeyri-d\u0259qiq idi. \u0130ndi d\u0259 \u0130r\u0259van ampluas\u0131ndan k\u0259nara \u00e7\u0131xm\u0131r.<\/p>\n<p>Maraql\u0131s\u0131 budur ki, Pa\u015finyan v\u0259 onun komandas\u0131 h\u0259r f\u00fcrs\u0259td\u0259 s\u00fclh prosesind\u0259 maraql\u0131 olduqlar\u0131n\u0131 deyir v\u0259 Az\u0259rbaycan\u0131 ittiham edirl\u0259r. Ba\u015f nazir fevral\u0131n 12-d\u0259 s\u00f6yl\u0259yib ki, Erm\u0259nistanla Az\u0259rbaycan aras\u0131nda s\u00fclh m\u00fcqavil\u0259sinin arxitekturas\u0131 v\u0259 prinsipl\u0259ri raz\u0131la\u015fd\u0131r\u0131l\u0131b, \u0130r\u0259van\u0131n bu s\u0259n\u0259di imzalamaq \u00fc\u00e7\u00fcn siyasi irad\u0259si var. Erm\u0259nistan Az\u0259rbaycan\u0131 aldatma\u011fa \u00e7al\u0131\u015f\u0131rsa, riyakarl\u0131\u011f\u0131n\u0131 davam etdirirs\u0259, bu, nec\u0259 qar\u015f\u0131l\u0131ql\u0131 etimad m\u00fchitinin yaranmas\u0131na t\u00f6hf\u0259 ver\u0259 bil\u0259r? V\u0259 \u0259g\u0259r etimad m\u00fchiti yoxdursa, t\u0259r\u0259fl\u0259r bir-birin\u0259 inanm\u0131rsa, dem\u0259li, s\u00fclhd\u0259n d\u0259 s\u00f6hb\u0259t ged\u0259 bilm\u0259z.<\/p>\n<p><img src=\"https:\/\/cdn.oxu.az\/uploads\/W1siZiIsIjIwMjQvMDIvMTIvMTYvMDIvMDQvZDhjNjM0OTEtOTZlOC00YWVlLWI5NzAtMWFjNmU3YTVmNWZhLzIwM2Y0MmVhLTZjNGEtM2JkNS05NGQ5LTZjYTc1YmFkYWE2Zi5qcGciXSxbInAiLCJlbmNvZGUiLCJqcGciLCItcXVhbGl0eSA4MCJdLFsicCIsInRodW1iIiwiNTkweDU5MFx1MDAzZSJdXQ?sha=cf052d19ed0de0ad\" alt=\"\" \/><\/p>\n<p>G\u00f6r\u00fcn\u0259n odur ki, Erm\u0259nistan Az\u0259rbaycana, sad\u0259c\u0259, ka\u011f\u0131z par\u00e7alar\u0131 t\u0259hvil verm\u0259kl\u0259 beyn\u0259lxalq ictimaiyy\u0259t qar\u015f\u0131s\u0131nda xal qazanma\u011fa \u00e7al\u0131\u015f\u0131r. \u0130st\u0259yir ki, \u00fc\u00e7\u00fcnc\u00fc t\u0259r\u0259fl\u0259r, beyn\u0259lxalq t\u0259\u015fkilatlar \u0130r\u0259vana \u0259l \u00e7als\u0131nlar. Amma Pa\u015finyan bununla s\u00fclh\u0259 nail ola bilm\u0259z.<\/p>\n<p>Statistik m\u0259lumatlara g\u00f6r\u0259, V\u0259t\u0259n m\u00fcharib\u0259sind\u0259n sonra Az\u0259rbaycanda mina qurbanlar\u0131n\u0131n say\u0131 345 n\u0259f\u0259rdir. Bu r\u0259q\u0259min h\u0259r \u00f6t\u0259n g\u00fcn artaca\u011f\u0131 istisna deyil. V\u0259 \u0259lb\u0259tt\u0259, bel\u0259 bir t\u0259hdid g\u00fcnd\u0259likd\u0259 qald\u0131\u011f\u0131 m\u00fcdd\u0259t \u0259rzind\u0259 s\u00fclh sazi\u015fi d\u0259 sual alt\u0131nda qalma\u011fa davam ed\u0259c\u0259k. Bu is\u0259 \u0259n \u00e7ox \u0130r\u0259van\u0131n \u00f6z\u00fcn\u0259 ziyand\u0131r.<\/p>\n<p>Erm\u0259nistan \u00f6z s\u0259mimiliyini Az\u0259rbaycana v\u0259 beyn\u0259lxalq ictimaiyy\u0259t\u0259 g\u00f6st\u0259rm\u0259k ist\u0259yirs\u0259, istisnas\u0131z olaraq b\u00fct\u00fcn do\u011fru formulyarlar\u0131 Bak\u0131ya verm\u0259lidir. \u018fks halda, \u0130r\u0259van davam etdirdiyi oyunlarla yaln\u0131z \u00f6z\u00fcn\u0259 ziyan ver\u0259c\u0259k, regional \u0259m\u0259kda\u015fl\u0131q imkanlar\u0131ndan m\u0259hrum olacaq, k\u0259nar g\u00fccl\u0259rin t\u0259zyiql\u0259ri alt\u0131nda s\u0131x\u0131lma\u011fa davam ed\u0259c\u0259k.<\/p>\n<p><strong>\u201cReport\u201d \u0130nformasiya Agentliyi<\/strong><\/p>\n","protected":false},"excerpt":{"rendered":"<p>Erm\u0259nistanla Az\u0259rbaycan aras\u0131nda s\u00fclh sazi\u015finin, bel\u0259 dem\u0259k m\u00fcmk\u00fcns\u0259, dalana dir\u0259nm\u0259sinin bir ne\u00e7\u0259 s\u0259b\u0259bi var. Bunlardan biri d\u0259 minal\u0131 \u0259razil\u0259rin x\u0259rit\u0259sinin Az\u0259rbaycana verilm\u0259m\u0259sidir. \u00dcmumiyy\u0259tl\u0259, \u0130r\u0259van son vaxtlara kimi bu x\u0259rit\u0259l\u0259rin onlarda oldu\u011funu da dan\u0131rd\u0131. Erm\u0259nistan\u0131n xarici i\u015fl\u0259r naziri Ararat Mirzoyan yanvar\u0131n 23-d\u0259 bildirmi\u015fdi ki, g\u0259l\u0259c\u0259kd\u0259 h\u0259min x\u0259rit\u0259l\u0259rin Bak\u0131ya t\u0259hvil verilm\u0259si m\u00fcmk\u00fcnd\u00fcr. Erm\u0259nistan Milli T\u0259hl\u00fck\u0259sizlik Xidm\u0259tinin yanvar\u0131n 25-d\u0259 yayd\u0131\u011f\u0131 m\u0259lumatda g\u00f6st\u0259rilib ki, \u0130r\u0259van Bak\u0131ya s\u0259kkiz mina x\u0259rit\u0259sini t\u0259hvil verm\u0259y\u0259 haz\u0131rd\u0131r. Erm\u0259nistan K\u0130V-in m\u0259lumat\u0131na g\u00f6r\u0259 is\u0259 proses\u0259 \u015f\u0259xs\u0259n ba\u015f nazir Nikol Pa\u015finyan n\u0259zar\u0259t edir. \u201cHraparak\u201d n\u0259\u015fri yaz\u0131b ki, o, bu m\u0259s\u0259l\u0259 il\u0259 ba\u011fl\u0131&hellip;<\/p>\n","protected":false},"author":2,"featured_media":510485,"comment_status":"closed","ping_status":"closed","sticky":false,"template":"","format":"standard","meta":{"om_disable_all_campaigns":false,"_monsterinsights_skip_tracking":false,"_monsterinsights_sitenote_active":false,"_monsterinsights_sitenote_note":"","_monsterinsights_sitenote_category":0},"categories":[4],"tags":[],"aioseo_notices":[],"gutentor_comment":0,"rttpg_featured_image_url":{"full":["https:\/\/arantv.az\/wp-content\/uploads\/2022\/09\/mina_220921.jpg",620,413,false],"landscape":["https:\/\/arantv.az\/wp-content\/uploads\/2022\/09\/mina_220921.jpg",620,413,false],"portraits":["https:\/\/arantv.az\/wp-content\/uploads\/2022\/09\/mina_220921.jpg",620,413,false],"thumbnail":["https:\/\/arantv.az\/wp-content\/uploads\/2022\/09\/mina_220921-500x280.jpg",500,280,true],"medium":["https:\/\/arantv.az\/wp-content\/uploads\/2022\/09\/mina_220921-548x365.jpg",548,365,true],"large":["https:\/\/arantv.az\/wp-content\/uploads\/2022\/09\/mina_220921.jpg",620,413,false],"1536x1536":["https:\/\/arantv.az\/wp-content\/uploads\/2022\/09\/mina_220921.jpg",620,413,false],"2048x2048":["https:\/\/arantv.az\/wp-content\/uploads\/2022\/09\/mina_220921.jpg",620,413,false],"post-thumbnail":["https:\/\/arantv.az\/wp-content\/uploads\/2022\/09\/mina_220921-240x172.jpg",240,172,true],"advps-thumb-one":["https:\/\/arantv.az\/wp-content\/uploads\/2022\/09\/mina_220921.jpg",620,413,false]},"rttpg_author":{"display_name":"V\u00fcsal Rafiqo\u011flu","author_link":"https:\/\/arantv.az\/?author=2"},"rttpg_comment":0,"rttpg_category":"<a href=\"https:\/\/arantv.az\/?cat=4\" rel=\"category\">Siyas\u0259t<\/a>","rttpg_excerpt":"Erm\u0259nistanla Az\u0259rbaycan aras\u0131nda s\u00fclh sazi\u015finin, bel\u0259 dem\u0259k m\u00fcmk\u00fcns\u0259, dalana dir\u0259nm\u0259sinin bir ne\u00e7\u0259 s\u0259b\u0259bi var. Bunlardan biri d\u0259 minal\u0131 \u0259razil\u0259rin x\u0259rit\u0259sinin Az\u0259rbaycana verilm\u0259m\u0259sidir. \u00dcmumiyy\u0259tl\u0259, \u0130r\u0259van son vaxtlara kimi bu x\u0259rit\u0259l\u0259rin onlarda oldu\u011funu da dan\u0131rd\u0131. Erm\u0259nistan\u0131n xarici i\u015fl\u0259r naziri Ararat Mirzoyan yanvar\u0131n 23-d\u0259 bildirmi\u015fdi ki, g\u0259l\u0259c\u0259kd\u0259 h\u0259min x\u0259rit\u0259l\u0259rin Bak\u0131ya t\u0259hvil verilm\u0259si m\u00fcmk\u00fcnd\u00fcr. Erm\u0259nistan Milli T\u0259hl\u00fck\u0259sizlik Xidm\u0259tinin yanvar\u0131n&hellip;","_links":{"self":[{"href":"https:\/\/arantv.az\/index.php?rest_route=\/wp\/v2\/posts\/689935"}],"collection":[{"href":"https:\/\/arantv.az\/index.php?rest_route=\/wp\/v2\/posts"}],"about":[{"href":"https:\/\/arantv.az\/index.php?rest_route=\/wp\/v2\/types\/post"}],"author":[{"embeddable":true,"href":"https:\/\/arantv.az\/index.php?rest_route=\/wp\/v2\/users\/2"}],"replies":[{"embeddable":true,"href":"https:\/\/arantv.az\/index.php?rest_route=%2Fwp%2Fv2%2Fcomments&post=689935"}],"version-history":[{"count":0,"href":"https:\/\/arantv.az\/index.php?rest_route=\/wp\/v2\/posts\/689935\/revisions"}],"wp:featuredmedia":[{"embeddable":true,"href":"https:\/\/arantv.az\/index.php?rest_route=\/wp\/v2\/media\/510485"}],"wp:attachment":[{"href":"https:\/\/arantv.az\/index.php?rest_route=%2Fwp%2Fv2%2Fmedia&parent=689935"}],"wp:term":[{"taxonomy":"category","embeddable":true,"href":"https:\/\/arantv.az\/index.php?rest_route=%2Fwp%2Fv2%2Fcategories&post=689935"},{"taxonomy":"post_tag","embeddable":true,"href":"https:\/\/arantv.az\/index.php?rest_route=%2Fwp%2Fv2%2Ftags&post=689935"}],"curies":[{"name":"wp","href":"https:\/\/api.w.org\/{rel}","templated":true}]}}